{"id":115709,"date":"2024-05-09T19:01:37","date_gmt":"2024-05-09T22:01:37","guid":{"rendered":"https:\/\/cdnoticias.com\/?p=115709"},"modified":"2024-05-09T19:01:39","modified_gmt":"2024-05-09T22:01:39","slug":"una-encuesta-para-que-las-y-los-estudiantes-opinen-sobre-la-secundaria","status":"publish","type":"post","link":"https:\/\/cdnoticias.com\/index.php\/2024\/05\/09\/una-encuesta-para-que-las-y-los-estudiantes-opinen-sobre-la-secundaria\/","title":{"rendered":"Una encuesta para que las y los estudiantes opinen sobre la secundaria"},"content":{"rendered":"<p>Es una iniciativa de la Defensor\u00eda del Pueblo de la provincia. Se busca recolectar informaci\u00f3n de utilidad a la hora de recomendar pol\u00edticas p\u00fablicas que mejoren la calidad educativa.<!--more--><\/p>\n<hr \/>\n<p>Es un<strong> cuestionario confidencial, con respuestas confidenciales y an\u00f3nimas<\/strong>, pensado para recomendar pol\u00edticas p\u00fablicas que mejoren la calidad educativa.<\/p>\n<p>La <strong>Defensor\u00eda del Pueblo bonaerense<\/strong> present\u00f3<strong> una encuesta para que las y los estudiantes opinen sobre sus escuelas secundarias<\/strong>, con el objetivo de recolectar informaci\u00f3n de utilidad a la hora de recomendar pol\u00edticas p\u00fablicas que mejoren la calidad educativa.<\/p>\n<p>Con este trabajo, el organismo que conduce Guido Lorenzino busca <strong>conocer de primera mano la mirada de las y los j\u00f3venes<\/strong> sobre los recursos que cuentan las escuelas, las opiniones sobre las y los preparan para el mundo laboral, si cuentan con centros de estudiantes y c\u00f3mo ven los contenidos que reciben, entre otros temas.<\/p>\n<blockquote><p>\u201cSiempre es importantes conocer la voz de las y los j\u00f3venes, sobre todo en temas tan importantes como este. Somos conscientes de que la educaci\u00f3n est\u00e1 atravesada como nunca por enormes desaf\u00edos, por lo que queremos sumar la opini\u00f3n de quienes van a la escuela para que la mejora de esta situaci\u00f3n sea en base al aporte de todas y todos\u201d, indic\u00f3 Lorenzino.<\/p><\/blockquote>\n<p>La <strong>encuesta es voluntaria<\/strong>, con respuestas confidenciales y an\u00f3nimas, y se puede responder <a href=\"https:\/\/encuestas.defensorba.org.ar\/index.php\/573793?newtest=Y&amp;lang=es\" target=\"_blank\" rel=\"noopener\">a trav\u00e9s de este link<\/a>.<\/p>\n","protected":false},"excerpt":{"rendered":"<p>Es una iniciativa de la Defensor\u00eda del Pueblo de la provincia. Se busca recolectar informaci\u00f3n de utilidad a la hora<\/p>\n","protected":false},"author":4,"featured_media":112642,"comment_status":"closed","ping_status":"closed","sticky":false,"template":"","format":"standard","meta":{"_jetpack_memberships_contains_paid_content":false,"footnotes":""},"categories":[6,1],"tags":[],"class_list":["post-115709","post","type-post","status-publish","format-standard","has-post-thumbnail","hentry","category-nacionales","category-portada"],"jetpack_featured_media_url":"https:\/\/i0.wp.com\/cdnoticias.com\/wp-content\/uploads\/2024\/03\/clases-escuela-aula.jpg?fit=800%2C445&ssl=1","jetpack_sharing_enabled":true,"_links":{"self":[{"href":"https:\/\/cdnoticias.com\/index.php\/wp-json\/wp\/v2\/posts\/115709","targetHints":{"allow":["GET"]}}],"collection":[{"href":"https:\/\/cdnoticias.com\/index.php\/wp-json\/wp\/v2\/posts"}],"about":[{"href":"https:\/\/cdnoticias.com\/index.php\/wp-json\/wp\/v2\/types\/post"}],"author":[{"embeddable":true,"href":"https:\/\/cdnoticias.com\/index.php\/wp-json\/wp\/v2\/users\/4"}],"replies":[{"embeddable":true,"href":"https:\/\/cdnoticias.com\/index.php\/wp-json\/wp\/v2\/comments?post=115709"}],"version-history":[{"count":0,"href":"https:\/\/cdnoticias.com\/index.php\/wp-json\/wp\/v2\/posts\/115709\/revisions"}],"wp:featuredmedia":[{"embeddable":true,"href":"https:\/\/cdnoticias.com\/index.php\/wp-json\/wp\/v2\/media\/112642"}],"wp:attachment":[{"href":"https:\/\/cdnoticias.com\/index.php\/wp-json\/wp\/v2\/media?parent=115709"}],"wp:term":[{"taxonomy":"category","embeddable":true,"href":"https:\/\/cdnoticias.com\/index.php\/wp-json\/wp\/v2\/categories?post=115709"},{"taxonomy":"post_tag","embeddable":true,"href":"https:\/\/cdnoticias.com\/index.php\/wp-json\/wp\/v2\/tags?post=115709"}],"curies":[{"name":"wp","href":"https:\/\/api.w.org\/{rel}","templated":true}]}}