{"id":115704,"date":"2024-05-16T09:46:38","date_gmt":"2024-05-16T12:46:38","guid":{"rendered":"https:\/\/cdnoticias.com\/?p=115704"},"modified":"2024-05-16T09:46:40","modified_gmt":"2024-05-16T12:46:40","slug":"la-ucr-lleva-adelante-una-nueva-venta-de-carbonada-para-este-25-de-mayo","status":"publish","type":"post","link":"https:\/\/cdnoticias.com\/index.php\/2024\/05\/16\/la-ucr-lleva-adelante-una-nueva-venta-de-carbonada-para-este-25-de-mayo\/","title":{"rendered":"La UCR lleva adelante una nueva venta de carbonada para este 25 de Mayo"},"content":{"rendered":"\n<p>El valor de cada porci\u00f3n es de $4000. Todo lo recaudado ser\u00e1 destinado a saldar cuentas pendientes del proceso de reconstrucci\u00f3n del Comit\u00e9 Radical.<\/p>\n\n\n\n<hr class=\"wp-block-separator has-alpha-channel-opacity\"\/>\n\n\n\n<p>La Uni\u00f3n C\u00edvica Radical de Olavarr\u00eda lleva adelante una nueva venta de su tradicional <strong>carbonada patria para este 25 de Mayo.<\/strong><\/p>\n\n\n\n<p><\/p>\n\n\n\n<p>En esta oportunidad, todo lo recaudado ser\u00e1 destinado a <strong>saldar cuentas que quedaron pendientes del proceso de reconstrucci\u00f3n del Comit\u00e9 Radical.<\/strong><\/p>\n\n\n\n<p><\/p>\n\n\n\n<p><strong>Las personas que deseen colaborar pueden encargar su porci\u00f3n, que tiene un valor de $4000, al 2284 &#8211; 381983. <\/strong>Se podr\u00e1n retirar el 25 de mayo, a partir de las 11.30 horas, en el Comit\u00e9.<\/p>\n\n\n\n<p><\/p>\n\n\n\n<p>Al respecto, la presidente del partido, <strong>Bel\u00e9n Vergel,<\/strong> manifest\u00f3 que \u201ccomo cada a\u00f1o, vamos a estar realizando esta carbonada que<strong> nos sirve para recaudar fondos y aplicarlos a distintos objetivos\u201d<\/strong> y agreg\u00f3: \u201ceste a\u00f1o se destinar\u00e1n a algunas deudas pendientes que tenemos que hacerle frente, as\u00ed que todo lo recaudado ser\u00e1 destinado al pago de las mismas que se vinculan con la reconstrucci\u00f3n de nuestro Comit\u00e9\u201d.<\/p>\n\n\n\n<p><\/p>\n\n\n\n<p>\u201cEsta actividad la hemos podido sostener en el tiempo gracias a la colaboraci\u00f3n de amigos, afiliados y vecinos que todos los a\u00f1os nos est\u00e1n acompa\u00f1ando con esta propuesta comprando una porci\u00f3n de la carbonada radical\u201d, se\u00f1al\u00f3.<\/p>\n\n\n\n<p><\/p>\n\n\n\n<p>Por \u00faltimo, expres\u00f3 que \u201ctratamos de que el precio sea lo m\u00e1s econ\u00f3mico posible para que todos puedan acceder. <strong>Las porciones ya est\u00e1n a la venta <\/strong>y se espera tener la misma respuesta que desde hace m\u00e1s de 14 a\u00f1os\u201d.<\/p>\n","protected":false},"excerpt":{"rendered":"<p>El valor de cada porci\u00f3n es de $4000. Todo lo recaudado ser\u00e1 destinado a saldar cuentas pendientes del proceso de<\/p>\n","protected":false},"author":2,"featured_media":115705,"comment_status":"closed","ping_status":"closed","sticky":false,"template":"","format":"standard","meta":{"_jetpack_memberships_contains_paid_content":false,"footnotes":""},"categories":[5,1],"tags":[],"class_list":["post-115704","post","type-post","status-publish","format-standard","has-post-thumbnail","hentry","category-informacion-general","category-portada"],"jetpack_featured_media_url":"https:\/\/i0.wp.com\/cdnoticias.com\/wp-content\/uploads\/2024\/05\/carbonara.jpg?fit=800%2C445&ssl=1","jetpack_sharing_enabled":true,"_links":{"self":[{"href":"https:\/\/cdnoticias.com\/index.php\/wp-json\/wp\/v2\/posts\/115704","targetHints":{"allow":["GET"]}}],"collection":[{"href":"https:\/\/cdnoticias.com\/index.php\/wp-json\/wp\/v2\/posts"}],"about":[{"href":"https:\/\/cdnoticias.com\/index.php\/wp-json\/wp\/v2\/types\/post"}],"author":[{"embeddable":true,"href":"https:\/\/cdnoticias.com\/index.php\/wp-json\/wp\/v2\/users\/2"}],"replies":[{"embeddable":true,"href":"https:\/\/cdnoticias.com\/index.php\/wp-json\/wp\/v2\/comments?post=115704"}],"version-history":[{"count":0,"href":"https:\/\/cdnoticias.com\/index.php\/wp-json\/wp\/v2\/posts\/115704\/revisions"}],"wp:featuredmedia":[{"embeddable":true,"href":"https:\/\/cdnoticias.com\/index.php\/wp-json\/wp\/v2\/media\/115705"}],"wp:attachment":[{"href":"https:\/\/cdnoticias.com\/index.php\/wp-json\/wp\/v2\/media?parent=115704"}],"wp:term":[{"taxonomy":"category","embeddable":true,"href":"https:\/\/cdnoticias.com\/index.php\/wp-json\/wp\/v2\/categories?post=115704"},{"taxonomy":"post_tag","embeddable":true,"href":"https:\/\/cdnoticias.com\/index.php\/wp-json\/wp\/v2\/tags?post=115704"}],"curies":[{"name":"wp","href":"https:\/\/api.w.org\/{rel}","templated":true}]}}