{"id":115626,"date":"2024-05-08T13:25:26","date_gmt":"2024-05-08T16:25:26","guid":{"rendered":"https:\/\/cdnoticias.com\/?p=115626"},"modified":"2024-05-08T17:23:23","modified_gmt":"2024-05-08T20:23:23","slug":"paro-nacional-la-atencion-por-guardia-y-de-turnos-programados-en-el-hospital-municipal","status":"publish","type":"post","link":"https:\/\/cdnoticias.com\/index.php\/2024\/05\/08\/paro-nacional-la-atencion-por-guardia-y-de-turnos-programados-en-el-hospital-municipal\/","title":{"rendered":"Paro nacional: la atenci\u00f3n por Guardia y de turnos programados en el Hospital Municipal"},"content":{"rendered":"<p>Se \u201cgarantiz\u00f3\u201d el servicio de Guardia para adultos y pedi\u00e1tricos, y si los turnos programados no reciben atenci\u00f3n \u201cser\u00e1n reprogramados de manera telef\u00f3nica\u201d.<!--more--><\/p>\n<hr \/>\n<p>En el marco del <strong>paro nacional de este jueves<\/strong>, desde el <strong>Hospital Municipal \u201cH\u00e9ctor Cura\u201d<\/strong> se inform\u00f3 que habr\u00e1 <strong>atenci\u00f3n normal por Guardia,<\/strong> pero que si hay <strong>turnos programados que no pueden cumplirse, ser\u00e1n reprogramados<\/strong>.<\/p>\n<blockquote><p>\u201cCon motivo del paro nacional del pr\u00f3ximo jueves 9 de mayo informamos a la poblaci\u00f3n que la atenci\u00f3n est\u00e1 garantizada en las guardias hospitalarias tanto de adultos como pedi\u00e1tricas. Aquellos turnos programados para esa fecha que sean afectados por el paro ser\u00e1n reprogramados de manera telef\u00f3nica\u201d se indic\u00f3.<\/p><\/blockquote>\n<p>Se recomend\u00f3 que ante dudas y consultas, los interesados se comuniquen al<strong> 440800 interno 806<\/strong>.<\/p>\n<p>La comunicaci\u00f3n se emiti\u00f3 en virtud de la <strong>adhesi\u00f3n del Sindicato de Trabajadores Municipales de Olavarr\u00eda<\/strong> al paro nacional dispuesto por la CGT.<\/p>\n","protected":false},"excerpt":{"rendered":"<p>Se \u201cgarantiz\u00f3\u201d el servicio de Guardia para adultos y pedi\u00e1tricos, y si los turnos programados no reciben atenci\u00f3n \u201cser\u00e1n reprogramados<\/p>\n","protected":false},"author":4,"featured_media":100530,"comment_status":"closed","ping_status":"closed","sticky":false,"template":"","format":"standard","meta":{"_jetpack_memberships_contains_paid_content":false,"footnotes":""},"categories":[5,1],"tags":[],"class_list":["post-115626","post","type-post","status-publish","format-standard","has-post-thumbnail","hentry","category-informacion-general","category-portada"],"jetpack_featured_media_url":"https:\/\/i0.wp.com\/cdnoticias.com\/wp-content\/uploads\/2023\/10\/Salud-Frente-Hospital-1024x682-1.jpeg?fit=1024%2C682&ssl=1","jetpack_sharing_enabled":true,"_links":{"self":[{"href":"https:\/\/cdnoticias.com\/index.php\/wp-json\/wp\/v2\/posts\/115626","targetHints":{"allow":["GET"]}}],"collection":[{"href":"https:\/\/cdnoticias.com\/index.php\/wp-json\/wp\/v2\/posts"}],"about":[{"href":"https:\/\/cdnoticias.com\/index.php\/wp-json\/wp\/v2\/types\/post"}],"author":[{"embeddable":true,"href":"https:\/\/cdnoticias.com\/index.php\/wp-json\/wp\/v2\/users\/4"}],"replies":[{"embeddable":true,"href":"https:\/\/cdnoticias.com\/index.php\/wp-json\/wp\/v2\/comments?post=115626"}],"version-history":[{"count":0,"href":"https:\/\/cdnoticias.com\/index.php\/wp-json\/wp\/v2\/posts\/115626\/revisions"}],"wp:featuredmedia":[{"embeddable":true,"href":"https:\/\/cdnoticias.com\/index.php\/wp-json\/wp\/v2\/media\/100530"}],"wp:attachment":[{"href":"https:\/\/cdnoticias.com\/index.php\/wp-json\/wp\/v2\/media?parent=115626"}],"wp:term":[{"taxonomy":"category","embeddable":true,"href":"https:\/\/cdnoticias.com\/index.php\/wp-json\/wp\/v2\/categories?post=115626"},{"taxonomy":"post_tag","embeddable":true,"href":"https:\/\/cdnoticias.com\/index.php\/wp-json\/wp\/v2\/tags?post=115626"}],"curies":[{"name":"wp","href":"https:\/\/api.w.org\/{rel}","templated":true}]}}