{"id":115615,"date":"2024-05-08T12:12:32","date_gmt":"2024-05-08T15:12:32","guid":{"rendered":"https:\/\/cdnoticias.com\/?p=115615"},"modified":"2024-05-08T13:25:48","modified_gmt":"2024-05-08T16:25:48","slug":"todo-lo-que-tenes-que-saber-sobre-la-llegada-de-la-copa-del-mundo-a-olavarria","status":"publish","type":"post","link":"https:\/\/cdnoticias.com\/index.php\/2024\/05\/08\/todo-lo-que-tenes-que-saber-sobre-la-llegada-de-la-copa-del-mundo-a-olavarria\/","title":{"rendered":"Todo lo que ten\u00e9s que saber sobre la llegada de la Copa del Mundo a Olavarr\u00eda"},"content":{"rendered":"\n<p>El evento se realizar\u00e1 este s\u00e1bado 11 de mayo en el Centro Cultural San Jos\u00e9. La entrada ser\u00e1 libre y gratuita. Habr\u00e1 personal municipal guiando a los visitantes, actividades recreativas y food trucks.<\/p>\n\n\n\n<hr class=\"wp-block-separator has-alpha-channel-opacity\"\/>\n\n\n\n<p>Este<strong> s\u00e1bado 11 de mayo la Copa del Mundo<\/strong> ganada por la selecci\u00f3n argentina de f\u00fatbol en Qatar llegar\u00e1 a Olavarr\u00eda, m\u00e1s precisamente al Centro Cultural Municipal \u201cSan Jos\u00e9\u201d. Ante la gran expectativa generada por este evento, la Municipalidad detall\u00f3<strong> todo lo que ten\u00e9s que saber para ser parte de esta fiesta.<\/strong><\/p>\n\n\n\n<p><\/p>\n\n\n\n<p>El primer dato a tener en cuenta es que <strong>la propuesta es libre y gratuita, a partir de las 9 horas.<\/strong> Al respecto se indic\u00f3 que<strong> hasta las 11 horas se les dar\u00e1 prioridad a las instituciones<\/strong>, como por ejemplo clubes o escuelas de f\u00fatbol, como as\u00ed tambi\u00e9n chicos y chicas que integran distintos programas municipales. Se aclar\u00f3 que no se requiere inscripci\u00f3n previa y que<strong> durante esa franja el acceso ser\u00e1 prioritario, no exclusivo <\/strong>para las citadas instituciones.<\/p>\n\n\n\n<p><\/p>\n\n\n\n<blockquote class=\"wp-block-quote is-layout-flow wp-block-quote-is-layout-flow\">\n<p>Durante toda la jornada la modalidad ser\u00e1 por orden de llegada y las personas deber\u00e1n ingresar por el acceso principal del Centro Cultural Municipal San Jos\u00e9, donde estar\u00e1 demarcado el sendero del recorrido hasta el sal\u00f3n auditorio, sitio en el que estar\u00e1n en exhibici\u00f3n los trofeos.<\/p>\n<\/blockquote>\n\n\n\n<p><\/p>\n\n\n\n<p>\u00a0A la par, <strong>habr\u00e1 personal municipal guiando a los visitantes e inclusive ser\u00e1n los encargados de tomar la fotograf\u00eda<\/strong> tanto para garantizar el mejor recuerdo como as\u00ed tambi\u00e9n agilizar la actividad y permitir que todas las personas presentes puedan obtener esa foto so\u00f1ada. Luego, la salida ser\u00e1 por calle Dorrego.<\/p>\n\n\n\n<p><\/p>\n\n\n\n<p>De manera paralela, se contar\u00e1 con<strong> diversas propuestas que estar\u00e1n dispuestas en las inmediaciones del Centro Cultural.<\/strong> Por un lado, profesores del staff de la Direcci\u00f3n de Deporte Social del Municipio estar\u00e1n al frente de distintas <strong>actividades recreativas<\/strong> para los m\u00e1s chicos, mientras que sobre calle Riobamba y el Parque Mitre se dispondr\u00e1n <strong>Food Trucks y puestos de comida de instituciones locales,<\/strong> como por ejemplo el merendero del club El Fort\u00edn.<\/p>\n\n\n\n<p><\/p>\n\n\n\n<p>La actividad es <strong>coordinada en conjunto con la Liga de F\u00fatbol de Olavarr\u00eda y con la participaci\u00f3n de distintas \u00e1reas de gobierno municipal<\/strong>, entre ellas la Subsecretar\u00eda de Deportes, la Subsecretar\u00eda de Cultura, la Secretar\u00eda de Desarrollo Econ\u00f3mico y la Direcci\u00f3n de Control Urbano.<\/p>\n\n\n\n<p><\/p>\n\n\n\n<p>Ser\u00e1<strong> hasta las 19 horas<\/strong> y se apela a la<strong> colaboraci\u00f3n y paciencia de la comunidad <\/strong>para compartir una jornada de fiesta y celebraci\u00f3n.<\/p>\n","protected":false},"excerpt":{"rendered":"<p>El evento se realizar\u00e1 este s\u00e1bado 11 de mayo en el Centro Cultural San Jos\u00e9. La entrada ser\u00e1 libre y<\/p>\n","protected":false},"author":2,"featured_media":115618,"comment_status":"closed","ping_status":"closed","sticky":false,"template":"","format":"standard","meta":{"_jetpack_memberships_contains_paid_content":false,"footnotes":""},"categories":[5,1],"tags":[],"class_list":["post-115615","post","type-post","status-publish","format-standard","has-post-thumbnail","hentry","category-informacion-general","category-portada"],"jetpack_featured_media_url":"https:\/\/i0.wp.com\/cdnoticias.com\/wp-content\/uploads\/2024\/05\/seleccion.jpg?fit=800%2C445&ssl=1","jetpack_sharing_enabled":true,"_links":{"self":[{"href":"https:\/\/cdnoticias.com\/index.php\/wp-json\/wp\/v2\/posts\/115615","targetHints":{"allow":["GET"]}}],"collection":[{"href":"https:\/\/cdnoticias.com\/index.php\/wp-json\/wp\/v2\/posts"}],"about":[{"href":"https:\/\/cdnoticias.com\/index.php\/wp-json\/wp\/v2\/types\/post"}],"author":[{"embeddable":true,"href":"https:\/\/cdnoticias.com\/index.php\/wp-json\/wp\/v2\/users\/2"}],"replies":[{"embeddable":true,"href":"https:\/\/cdnoticias.com\/index.php\/wp-json\/wp\/v2\/comments?post=115615"}],"version-history":[{"count":0,"href":"https:\/\/cdnoticias.com\/index.php\/wp-json\/wp\/v2\/posts\/115615\/revisions"}],"wp:featuredmedia":[{"embeddable":true,"href":"https:\/\/cdnoticias.com\/index.php\/wp-json\/wp\/v2\/media\/115618"}],"wp:attachment":[{"href":"https:\/\/cdnoticias.com\/index.php\/wp-json\/wp\/v2\/media?parent=115615"}],"wp:term":[{"taxonomy":"category","embeddable":true,"href":"https:\/\/cdnoticias.com\/index.php\/wp-json\/wp\/v2\/categories?post=115615"},{"taxonomy":"post_tag","embeddable":true,"href":"https:\/\/cdnoticias.com\/index.php\/wp-json\/wp\/v2\/tags?post=115615"}],"curies":[{"name":"wp","href":"https:\/\/api.w.org\/{rel}","templated":true}]}}