{"id":115603,"date":"2024-05-08T18:00:04","date_gmt":"2024-05-08T21:00:04","guid":{"rendered":"https:\/\/cdnoticias.com\/?p=115603"},"modified":"2024-05-08T18:00:06","modified_gmt":"2024-05-08T21:00:06","slug":"inscripcion-a-cursos-2024-de-upami-olavarria-unicen","status":"publish","type":"post","link":"https:\/\/cdnoticias.com\/index.php\/2024\/05\/08\/inscripcion-a-cursos-2024-de-upami-olavarria-unicen\/","title":{"rendered":"Inscripci\u00f3n a cursos 2024 de UPAMI Olavarr\u00eda UNICEN"},"content":{"rendered":"\n<p>Los cursos son gratuitos y comenzar\u00e1n en la semana del 13 de mayo. Est\u00e1n destinados para personas mayores afiliadas a PAMI.<\/p>\n\n\n\n<hr class=\"wp-block-separator has-alpha-channel-opacity\"\/>\n\n\n\n<p>Se dieron a conocer los cursos que se dictar\u00e1n en el primer cuatrimestre por parte del programa UPAMI UNICEN en Olavarr\u00eda.<\/p>\n\n\n\n<p><\/p>\n\n\n\n<p>La inscripci\u00f3n inici\u00f3 el lunes 6 de mayo a trav\u00e9s de la p\u00e1gina comunidad.pami.org.ar. o en el Centro Cultural Universitario (San Mart\u00edn 1955) de 13 a 17, en la Sede de PAMI (Dorrego 2635) o a trav\u00e9s del Whatsapp 2284-621316.<\/p>\n\n\n\n<p><\/p>\n\n\n\n<p>Las personas mayores que no sean afiliados a PAMI pueden consultar por cupos limitados para no-afiliados.<\/p>\n\n\n\n<p><\/p>\n\n\n\n<blockquote class=\"wp-block-quote is-layout-flow wp-block-quote-is-layout-flow\">\n<p>Los cursos son gratuitos y comenzar\u00e1n en la semana del 13 de mayo. Tienen una duraci\u00f3n de 2 meses. El primer cuatrimestre se cursar\u00e1 entre mayo y julio.<\/p>\n<\/blockquote>\n\n\n\n<p><\/p>\n\n\n\n<p>Las clases se dictar\u00e1n en dos sedes de la UNICEN en nuestra ciudad: el Centro Cultural Universitario y la Facultad de Ciencias Sociales.<\/p>\n\n\n\n<p><\/p>\n\n\n\n<p>UPAMI es un programa integral que crea un espacio universitario para los adultos mayores, con el objetivo de promover el crecimiento personal, mejorar la calidad de vida y hacer efectiva la igualdad de oportunidades para el desarrollo de valores culturales y vocacionales.<\/p>\n\n\n\n<p><\/p>\n\n\n\n<p>Este programa es implementado en Olavarr\u00eda por la Universidad Nacional del Centro en coordinaci\u00f3n con PAMI. La coordinaci\u00f3n universitaria se encuentra a cargo de la periodista Agustina Pagano.<\/p>\n\n\n\n<p><\/p>\n\n\n\n<figure class=\"wp-block-image size-full\"><img data-recalc-dims=\"1\" loading=\"lazy\" decoding=\"async\" width=\"800\" height=\"445\" src=\"https:\/\/i0.wp.com\/cdnoticias.com\/wp-content\/uploads\/2024\/05\/UPAMI-1.jpeg?resize=800%2C445&#038;ssl=1\" alt=\"\" class=\"wp-image-115605\" srcset=\"https:\/\/i0.wp.com\/cdnoticias.com\/wp-content\/uploads\/2024\/05\/UPAMI-1.jpeg?w=800&amp;ssl=1 800w, https:\/\/i0.wp.com\/cdnoticias.com\/wp-content\/uploads\/2024\/05\/UPAMI-1.jpeg?resize=300%2C167&amp;ssl=1 300w, https:\/\/i0.wp.com\/cdnoticias.com\/wp-content\/uploads\/2024\/05\/UPAMI-1.jpeg?resize=768%2C427&amp;ssl=1 768w\" sizes=\"auto, (max-width: 800px) 100vw, 800px\" \/><\/figure>\n\n\n\n<p><\/p>\n\n\n\n<p><strong>CURSOS UPAMI Olavarr\u00eda UNICEN 2024. Primer cuatrimestre<\/strong><\/p>\n\n\n\n<p><\/p>\n\n\n\n<p><strong>&#8211; Curso de Estimulaci\u00f3n Cognitiva.<\/strong> Martes 10:00 Centro Cultural UNICEN<\/p>\n\n\n\n<p><strong>&#8211; Curso de Estimulaci\u00f3n Cognitiva.<\/strong> Viernes 14.30 hs. Centro Cultural UNICEN<\/p>\n\n\n\n<p><strong>&#8211; Internet y redes sociales.<\/strong> Viernes 13:30. Facultad de Ciencias Sociales<\/p>\n\n\n\n<p><strong>&#8211; Arte, Vida y Reciclado. Comisi\u00f3n A. <\/strong>Martes 15:30 hs. Centro Cultural UNICEN<\/p>\n\n\n\n<p><strong>&#8211; Arte, Vida y Reciclado. Comisi\u00f3n B.<\/strong> Jueves 15 hs. Centro Cultural UNICEN<\/p>\n\n\n\n<p><strong>&#8211; Franc\u00e9s Inicial. <\/strong>Lunes 13:30 hs. Centro Cultural UNICEN<\/p>\n\n\n\n<p><strong>&#8211; Curso de Teatro. Presencial.<\/strong> Lunes 15:30 hs.Centro Cultural UNICEN<\/p>\n\n\n\n<p><strong>&#8211; Curso de Teatro. Virtual. <\/strong>Mi\u00e9rcoles 15:30 hs.<\/p>\n\n\n\n<p><strong>&#8211; Las historias de nuestros objetos. Comisi\u00f3n A. <\/strong>Virtual. Lunes 14 hs.<\/p>\n\n\n\n<p><strong>&#8211; Las historias de nuestros objetos. Comisi\u00f3n B. <\/strong>Virtual. Jueves 14 hs.<\/p>\n\n\n\n<p><\/p>\n\n\n\n<p><strong>Contactos UPAMI Olavarr\u00eda UNICEN:<\/strong><\/p>\n\n\n\n<p>Whatsapp: 2284-621316<\/p>\n\n\n\n<p>Facebook: Upami Olavarr\u00eda Unicen<\/p>\n\n\n\n<p>Correo electr\u00f3nico: upamiolavarriaunicen@gmail.com<\/p>\n","protected":false},"excerpt":{"rendered":"<p>Los cursos son gratuitos y comenzar\u00e1n en la semana del 13 de mayo. Est\u00e1n destinados para personas mayores afiliadas a<\/p>\n","protected":false},"author":2,"featured_media":115606,"comment_status":"closed","ping_status":"closed","sticky":false,"template":"","format":"standard","meta":{"_jetpack_memberships_contains_paid_content":false,"footnotes":""},"categories":[5,1],"tags":[],"class_list":["post-115603","post","type-post","status-publish","format-standard","has-post-thumbnail","hentry","category-informacion-general","category-portada"],"jetpack_featured_media_url":"https:\/\/i0.wp.com\/cdnoticias.com\/wp-content\/uploads\/2024\/05\/UPAMI.jpeg?fit=800%2C444&ssl=1","jetpack_sharing_enabled":true,"_links":{"self":[{"href":"https:\/\/cdnoticias.com\/index.php\/wp-json\/wp\/v2\/posts\/115603","targetHints":{"allow":["GET"]}}],"collection":[{"href":"https:\/\/cdnoticias.com\/index.php\/wp-json\/wp\/v2\/posts"}],"about":[{"href":"https:\/\/cdnoticias.com\/index.php\/wp-json\/wp\/v2\/types\/post"}],"author":[{"embeddable":true,"href":"https:\/\/cdnoticias.com\/index.php\/wp-json\/wp\/v2\/users\/2"}],"replies":[{"embeddable":true,"href":"https:\/\/cdnoticias.com\/index.php\/wp-json\/wp\/v2\/comments?post=115603"}],"version-history":[{"count":0,"href":"https:\/\/cdnoticias.com\/index.php\/wp-json\/wp\/v2\/posts\/115603\/revisions"}],"wp:featuredmedia":[{"embeddable":true,"href":"https:\/\/cdnoticias.com\/index.php\/wp-json\/wp\/v2\/media\/115606"}],"wp:attachment":[{"href":"https:\/\/cdnoticias.com\/index.php\/wp-json\/wp\/v2\/media?parent=115603"}],"wp:term":[{"taxonomy":"category","embeddable":true,"href":"https:\/\/cdnoticias.com\/index.php\/wp-json\/wp\/v2\/categories?post=115603"},{"taxonomy":"post_tag","embeddable":true,"href":"https:\/\/cdnoticias.com\/index.php\/wp-json\/wp\/v2\/tags?post=115603"}],"curies":[{"name":"wp","href":"https:\/\/api.w.org\/{rel}","templated":true}]}}