{"id":11560,"date":"2021-01-16T15:34:27","date_gmt":"2021-01-16T18:34:27","guid":{"rendered":"http:\/\/www.centraldenoticias.com.ar\/?p=11560"},"modified":"2021-01-16T16:36:00","modified_gmt":"2021-01-16T19:36:00","slug":"bomberos-voluntarios-sumo-una-camioneta-equipamiento-y-mejoras-para-el-cuartel","status":"publish","type":"post","link":"https:\/\/cdnoticias.com\/index.php\/2021\/01\/16\/bomberos-voluntarios-sumo-una-camioneta-equipamiento-y-mejoras-para-el-cuartel\/","title":{"rendered":"Bomberos Voluntarios sum\u00f3 una camioneta, equipamiento y mejoras para el Cuartel"},"content":{"rendered":"<p>Desde la instituci\u00f3n agradecieron el aporte realizado por vecinos, comerciantes y el Municipio para poder adquirir nuevas herramientas.<!--more--><\/p>\n<hr \/>\n<p><strong>Una camioneta cedida por el Municipio<\/strong> para poder hacer frente a los incendios forestales, <strong>pintura para el Cuartel Central<\/strong>, la recaudaci\u00f3n de<strong> una importante suma de dinero a trav\u00e9s del sorteo de un Fiat 600<\/strong>, la adquisici\u00f3n de 2<strong>5 handys para reemplazar equipos que quedaron obsoletos<\/strong> y la incorporaci\u00f3n de <strong>nuevas mochilas para incendios en campos y terrenos<\/strong> fueron las novedades que se dieron a conocer desde Bomberos Voluntarios.<\/p>\n<p>&nbsp;<\/p>\n<blockquote><p><em>\u201cSin el aporte de nuestros vecinos y del Municipio ser\u00eda imposible hacer frente a las necesidades que se tienen en un Cuartel tan grande como el nuestro. Y nuestra comunidad siempre nos ha respondido\u201d<\/em>, se\u00f1alaron desde la entidad.<\/p><\/blockquote>\n<p>&nbsp;<\/p>\n<p><strong>Equipamiento adquirido<\/strong><\/p>\n<p>&nbsp;<\/p>\n<p>Entre el equipamiento adquirido se encuentran <strong>25 handys Motorola VX 261 y tambi\u00e9n mochilas forestales<\/strong> para atender una problem\u00e1tica m\u00e1s frecuente en esta \u00e9poca del a\u00f1o. Estos elementos se suman a la<strong> cesi\u00f3n por parte del Municipio de una camioneta<\/strong> que fue <em>\u201cespecialmente preparada para este tipo de salidas\u201d.<\/em><\/p>\n<p>&nbsp;<\/p>\n<p>Detallaron que <strong>el veh\u00edculo fue equipado<\/strong> \u201c<em>porque anticip\u00e1bamos un verano con muchos incendios forestales, como finalmente est\u00e1 ocurriendo. Reci\u00e9n las \u00faltimas lluvias nos trajeron un poco de alivio. Gracias al apoyo que recibimos se puede enriquecer todo el equipamiento, porque a pesar de la pandemia desde el 20 de marzo hasta el 31 de diciembre pasados tuvimos 613 salidas\u201d.<\/em><\/p>\n<p>&nbsp;<\/p>\n<p><img data-recalc-dims=\"1\" loading=\"lazy\" decoding=\"async\" class=\"alignnone size-full wp-image-11562\" src=\"https:\/\/i0.wp.com\/cdnoticias.com\/wp-content\/uploads\/2021\/01\/Prestamo-de-parte-del-Municipio-de-camioneta-Toyota-Hilu.jpg?resize=800%2C450&#038;ssl=1\" alt=\"\" width=\"800\" height=\"450\" srcset=\"https:\/\/i0.wp.com\/cdnoticias.com\/wp-content\/uploads\/2021\/01\/Prestamo-de-parte-del-Municipio-de-camioneta-Toyota-Hilu.jpg?w=850&amp;ssl=1 850w, https:\/\/i0.wp.com\/cdnoticias.com\/wp-content\/uploads\/2021\/01\/Prestamo-de-parte-del-Municipio-de-camioneta-Toyota-Hilu.jpg?resize=300%2C169&amp;ssl=1 300w, https:\/\/i0.wp.com\/cdnoticias.com\/wp-content\/uploads\/2021\/01\/Prestamo-de-parte-del-Municipio-de-camioneta-Toyota-Hilu.jpg?resize=768%2C432&amp;ssl=1 768w\" sizes=\"auto, (max-width: 800px) 100vw, 800px\" \/><\/p>\n<p>&nbsp;<\/p>\n<p>En ese marco de reconocimiento a vecinos, dirigentes pol\u00edticos y comerciantes de la ciudad, desde la entidad tambi\u00e9n destacaron que Pinturer\u00edas del Centro, se acerc\u00f3 a la instituci\u00f3n para concretar la <strong>donaci\u00f3n de toda la pintura necesaria para reacondicionar el frente del Cuartel Central, tanto paredes como aberturas.<\/strong><\/p>\n<p>&nbsp;<\/p>\n<p><em>\u201cEstamos muy contentos con la donaci\u00f3n porque nos ayuda en el mantenimiento de las instalaciones. Es un gesto maravilloso\u201d<\/em>, se\u00f1alaron.<\/p>\n<p>&nbsp;<\/p>\n<p><strong>El bono contribuci\u00f3n del Fitito<\/strong><\/p>\n<p>&nbsp;<\/p>\n<p>Una de las iniciativas que destacaron fue la buena respuesta obtenida a trav\u00e9s de la venta de un <strong>bono contribuci\u00f3n que tuvo como premio un Fiat 600 totalmente restaurado.<\/strong><\/p>\n<p>&nbsp;<\/p>\n<p><em>\u201cHay que agradecer a todos los que colaboraron para <strong>dejar el auto pr\u00e1cticamente 0 kil\u00f3metro.<\/strong> Hubo donaci\u00f3n de pintura, del tapizado, las cubiertas delanteras, porque se desarm\u00f3 \u00edntegro el auto. La mano de obra fue propia, porque el trabajo lo hizo gente del personal en los tiempos que le quedaban libres\u201d<\/em>, contaron.<\/p>\n<p>&nbsp;<\/p>\n<p><img data-recalc-dims=\"1\" loading=\"lazy\" decoding=\"async\" class=\"alignnone size-full wp-image-11561\" src=\"https:\/\/i0.wp.com\/cdnoticias.com\/wp-content\/uploads\/2021\/01\/6f7af10029bcf59a35635b8213d55753_XL.jpg?resize=800%2C450&#038;ssl=1\" alt=\"\" width=\"800\" height=\"450\" srcset=\"https:\/\/i0.wp.com\/cdnoticias.com\/wp-content\/uploads\/2021\/01\/6f7af10029bcf59a35635b8213d55753_XL.jpg?w=850&amp;ssl=1 850w, https:\/\/i0.wp.com\/cdnoticias.com\/wp-content\/uploads\/2021\/01\/6f7af10029bcf59a35635b8213d55753_XL.jpg?resize=300%2C169&amp;ssl=1 300w, https:\/\/i0.wp.com\/cdnoticias.com\/wp-content\/uploads\/2021\/01\/6f7af10029bcf59a35635b8213d55753_XL.jpg?resize=768%2C432&amp;ssl=1 768w\" sizes=\"auto, (max-width: 800px) 100vw, 800px\" \/><\/p>\n<p>&nbsp;<\/p>\n<p>En ese sentido, agradecieron nuevamente a la comunidad porque<em> \u201cse pusieron a la venta 10.000 n\u00fameros, que al principio nos parec\u00edan muchos, y en 45 d\u00edas se agotaron. Nos llamaron de otros Cuerpos de bomberos para comprar la rifa, de ciudad, de la zona\u201d.<\/em><\/p>\n<p>&nbsp;<\/p>\n<p>Ese veh\u00edculo, un<strong> Fiat 600 modelo 72 con todos sus papeles al d\u00eda y listo para transferir<\/strong> por el mismo beneficiado, qued\u00f3 en manos de <strong>Gabriela Waimann<\/strong>, quien adem\u00e1s recibi\u00f3 como regalo una gorra y una calcoman\u00eda del Club de Amigos del Fiat 600 Olavarr\u00eda.<\/p>\n<p>&nbsp;<\/p>\n<p>Lo recaudado con el sorteo de ese veh\u00edculo se destin\u00f3 a la <strong>compra de equipo, elementos e indumentaria protectora para extinci\u00f3n forestal<\/strong>, materiales que resultan fundamentales en los meses de verano para hacer frente a los incendios de terrenos y campos.<\/p>\n<p>&nbsp;<\/p>\n","protected":false},"excerpt":{"rendered":"<p>Desde la instituci\u00f3n agradecieron el aporte realizado por vecinos, comerciantes y el Municipio para poder adquirir nuevas herramientas.<\/p>\n","protected":false},"author":5,"featured_media":4753,"comment_status":"closed","ping_status":"closed","sticky":false,"template":"","format":"standard","meta":{"_jetpack_memberships_contains_paid_content":false,"footnotes":""},"categories":[5,1],"tags":[],"class_list":["post-11560","post","type-post","status-publish","format-standard","has-post-thumbnail","hentry","category-informacion-general","category-portada"],"jetpack_featured_media_url":"https:\/\/i0.wp.com\/cdnoticias.com\/wp-content\/uploads\/2020\/10\/bomberosvoluntarios02.jpg?fit=4608%2C3072&ssl=1","jetpack_sharing_enabled":true,"_links":{"self":[{"href":"https:\/\/cdnoticias.com\/index.php\/wp-json\/wp\/v2\/posts\/11560","targetHints":{"allow":["GET"]}}],"collection":[{"href":"https:\/\/cdnoticias.com\/index.php\/wp-json\/wp\/v2\/posts"}],"about":[{"href":"https:\/\/cdnoticias.com\/index.php\/wp-json\/wp\/v2\/types\/post"}],"author":[{"embeddable":true,"href":"https:\/\/cdnoticias.com\/index.php\/wp-json\/wp\/v2\/users\/5"}],"replies":[{"embeddable":true,"href":"https:\/\/cdnoticias.com\/index.php\/wp-json\/wp\/v2\/comments?post=11560"}],"version-history":[{"count":0,"href":"https:\/\/cdnoticias.com\/index.php\/wp-json\/wp\/v2\/posts\/11560\/revisions"}],"wp:featuredmedia":[{"embeddable":true,"href":"https:\/\/cdnoticias.com\/index.php\/wp-json\/wp\/v2\/media\/4753"}],"wp:attachment":[{"href":"https:\/\/cdnoticias.com\/index.php\/wp-json\/wp\/v2\/media?parent=11560"}],"wp:term":[{"taxonomy":"category","embeddable":true,"href":"https:\/\/cdnoticias.com\/index.php\/wp-json\/wp\/v2\/categories?post=11560"},{"taxonomy":"post_tag","embeddable":true,"href":"https:\/\/cdnoticias.com\/index.php\/wp-json\/wp\/v2\/tags?post=11560"}],"curies":[{"name":"wp","href":"https:\/\/api.w.org\/{rel}","templated":true}]}}