{"id":115588,"date":"2024-05-08T08:41:38","date_gmt":"2024-05-08T11:41:38","guid":{"rendered":"https:\/\/cdnoticias.com\/?p=115588"},"modified":"2024-05-08T11:46:42","modified_gmt":"2024-05-08T14:46:42","slug":"robo-una-bicicleta-de-una-clinica-y-la-atraparon","status":"publish","type":"post","link":"https:\/\/cdnoticias.com\/index.php\/2024\/05\/08\/robo-una-bicicleta-de-una-clinica-y-la-atraparon\/","title":{"rendered":"Rob\u00f3 una bicicleta de una cl\u00ednica y la atraparon"},"content":{"rendered":"<p>Fue este martes. La acusada, de 14 a\u00f1os, sustrajo el rodado en el Instituto M\u00e9dico.<!--more--><\/p>\n<hr \/>\n<p>El <strong>robo de una bicicleta<\/strong> fue r\u00e1pidamente <strong>esclarecido<\/strong> y el veh\u00edculo recuperado de un domicilio. La <strong>acusada<\/strong> es una <strong>adolescente de 14 a\u00f1os<\/strong>.<\/p>\n<p>Seg\u00fan se inform\u00f3, <strong>personal de la Comisar\u00eda Primera recibi\u00f3 la denuncia del hurto<\/strong> de una bicicleta rodado 26 color beige con canasto y portaequipaje del Instituto M\u00e9dico, en <strong>General Paz y Lavalle.<\/strong><\/p>\n<p>Las averiguaciones iniciaron con el <strong>relevamiento vecinal y la visualizaci\u00f3n de las im\u00e1genes de c\u00e1maras de seguridad<\/strong>. De esa manera, se estableci\u00f3 la <strong>autor\u00eda<\/strong> del robo por parte de una joven.<\/p>\n<p>Asimismo, se determin\u00f3 d\u00f3nde estaba la bicicleta:<strong> fue recuperada de una vivienda de Lebensohn al 1900<\/strong> donde el personal policial ingres\u00f3 con anuencia del morador.<\/p>\n<p>Las actuaciones penales se caratularon <strong>\u201churto\u201d<\/strong> y se elevaron a la <strong>UFI N\u00ba 17 de Azul<\/strong>\u00a0del Fuero Penal Juvenil a cargo de la fiscal Mariela Viceconte.<strong> La adolescente qued\u00f3 imputada.<\/strong><\/p>\n","protected":false},"excerpt":{"rendered":"<p>Fue este martes. La acusada, de 14 a\u00f1os, sustrajo el rodado en el Instituto M\u00e9dico.<\/p>\n","protected":false},"author":4,"featured_media":115589,"comment_status":"closed","ping_status":"closed","sticky":false,"template":"","format":"standard","meta":{"_jetpack_memberships_contains_paid_content":false,"footnotes":""},"categories":[14,1],"tags":[],"class_list":["post-115588","post","type-post","status-publish","format-standard","has-post-thumbnail","hentry","category-policiales","category-portada"],"jetpack_featured_media_url":"https:\/\/i0.wp.com\/cdnoticias.com\/wp-content\/uploads\/2024\/05\/general-paz-y-lavalle-hurto-00.jpg?fit=1000%2C556&ssl=1","jetpack_sharing_enabled":true,"_links":{"self":[{"href":"https:\/\/cdnoticias.com\/index.php\/wp-json\/wp\/v2\/posts\/115588","targetHints":{"allow":["GET"]}}],"collection":[{"href":"https:\/\/cdnoticias.com\/index.php\/wp-json\/wp\/v2\/posts"}],"about":[{"href":"https:\/\/cdnoticias.com\/index.php\/wp-json\/wp\/v2\/types\/post"}],"author":[{"embeddable":true,"href":"https:\/\/cdnoticias.com\/index.php\/wp-json\/wp\/v2\/users\/4"}],"replies":[{"embeddable":true,"href":"https:\/\/cdnoticias.com\/index.php\/wp-json\/wp\/v2\/comments?post=115588"}],"version-history":[{"count":0,"href":"https:\/\/cdnoticias.com\/index.php\/wp-json\/wp\/v2\/posts\/115588\/revisions"}],"wp:featuredmedia":[{"embeddable":true,"href":"https:\/\/cdnoticias.com\/index.php\/wp-json\/wp\/v2\/media\/115589"}],"wp:attachment":[{"href":"https:\/\/cdnoticias.com\/index.php\/wp-json\/wp\/v2\/media?parent=115588"}],"wp:term":[{"taxonomy":"category","embeddable":true,"href":"https:\/\/cdnoticias.com\/index.php\/wp-json\/wp\/v2\/categories?post=115588"},{"taxonomy":"post_tag","embeddable":true,"href":"https:\/\/cdnoticias.com\/index.php\/wp-json\/wp\/v2\/tags?post=115588"}],"curies":[{"name":"wp","href":"https:\/\/api.w.org\/{rel}","templated":true}]}}