{"id":115587,"date":"2024-05-08T11:44:04","date_gmt":"2024-05-08T14:44:04","guid":{"rendered":"https:\/\/cdnoticias.com\/?p=115587"},"modified":"2024-05-08T13:01:46","modified_gmt":"2024-05-08T16:01:46","slug":"legisladores-de-la-ucr-estaran-en-olavarria-en-el-marco-de-una-recorrida-seccional","status":"publish","type":"post","link":"https:\/\/cdnoticias.com\/index.php\/2024\/05\/08\/legisladores-de-la-ucr-estaran-en-olavarria-en-el-marco-de-una-recorrida-seccional\/","title":{"rendered":"Legisladores de la UCR estar\u00e1n en Olavarr\u00eda en el marco de una recorrida seccional"},"content":{"rendered":"\n<p>La actividad se enmarca en el proyecto \u201cLegisladores en Camino\u201d. Escuchar\u00e1n problem\u00e1ticas locales, visitar\u00e1n la Facultad de Ingenier\u00eda y se reunir\u00e1n en el comit\u00e9.<\/p>\n\n\n\n<hr class=\"wp-block-separator has-alpha-channel-opacity\"\/>\n\n\n\n<p>El radicalismo bonaerense lleva a cabo en toda la provincia el programa denominado <strong>\u201cLegisladores en Camino\u201d<\/strong>. En ese marco, <strong>este viernes 10 de mayo, legisladores provinciales y nacionales estar\u00e1n participando de diferentes actividades en Olavarr\u00eda, Roque P\u00e9rez y Saladillo.<\/strong><\/p>\n\n\n\n<p><\/p>\n\n\n\n<p>En<strong> Olavarr\u00eda <\/strong>recorrer\u00e1n las instalaciones de la Facultad de Ingenier\u00eda, se reunir\u00e1n con vecinos, y recibir\u00e1n propuestas e inquietudes en el comit\u00e9 local desde las 15:00. El objetivo es escuchar las problem\u00e1ticas locales y acercar la tarea legislativa.<\/p>\n\n\n\n<p><\/p>\n\n\n\n<figure class=\"wp-block-image size-full\"><img data-recalc-dims=\"1\" loading=\"lazy\" decoding=\"async\" width=\"800\" height=\"445\" src=\"https:\/\/i0.wp.com\/cdnoticias.com\/wp-content\/uploads\/2024\/05\/legisladores-cronograma.jpg?resize=800%2C445&#038;ssl=1\" alt=\"\" class=\"wp-image-115591\" srcset=\"https:\/\/i0.wp.com\/cdnoticias.com\/wp-content\/uploads\/2024\/05\/legisladores-cronograma.jpg?w=800&amp;ssl=1 800w, https:\/\/i0.wp.com\/cdnoticias.com\/wp-content\/uploads\/2024\/05\/legisladores-cronograma.jpg?resize=300%2C167&amp;ssl=1 300w, https:\/\/i0.wp.com\/cdnoticias.com\/wp-content\/uploads\/2024\/05\/legisladores-cronograma.jpg?resize=768%2C427&amp;ssl=1 768w\" sizes=\"auto, (max-width: 800px) 100vw, 800px\" \/><\/figure>\n\n\n\n<p><\/p>\n\n\n\n<p>Por su parte, en <strong>Roque P\u00e9rez <\/strong>visitar\u00e1n el complejo de la Estancia La Biznaga. Y en<strong> Saladillo<\/strong> ser\u00e1n recibidos por los intendentes Ram\u00f3n Capra, de General Alvear, y Jos\u00e9 Luis Salom\u00f3n, de Saladillo.<\/p>\n\n\n\n<p><\/p>\n\n\n\n<p>Finalmente, tambi\u00e9n en<strong> Saladillo<\/strong>, se realizar\u00e1 una charla abierta sobre los \u201cDesaf\u00edos educativos de la provincia de Buenos Aires\u201d.<\/p>\n\n\n\n<p><\/p>\n\n\n\n<p>Participar\u00e1n de la recorrida y de las diferentes actividades los legisladores provinciales Diego Garciarena y Agust\u00edn M\u00e1spoli \u2013titulares de los bloques en Diputados y en el Senado-, Alejandra Lord\u00e9n, Alejandro Cellillo, Nerina Neumann, Emiliano Balb\u00edn, Ariel Bordaisco, Claudio Rossi, Eugenia Gil Alotto, Anah\u00ed Bilbao, Valent\u00edn Miranda, y Bel\u00e9n Malaisi; y los legisladores nacionales Fabio Quetglas y Karina Banfi.<\/p>\n\n\n\n<p><\/p>\n\n\n\n<p>\u201cBuscamos estar cerca de la gente, que podamos <strong>dialogar con los vecinos, que toquemos problem\u00e1ticas tanto locales, como nacionales y provinciales,<\/strong> lo que seguramente mejorar\u00e1 la calidad del trabajo parlamentario\u201d, se\u00f1alaron los legisladores que participar\u00e1n de las actividades.<\/p>\n\n\n\n<p><\/p>\n","protected":false},"excerpt":{"rendered":"<p>La actividad se enmarca en el proyecto \u201cLegisladores en Camino\u201d. Escuchar\u00e1n problem\u00e1ticas locales, visitar\u00e1n la Facultad de Ingenier\u00eda y se<\/p>\n","protected":false},"author":2,"featured_media":92136,"comment_status":"closed","ping_status":"closed","sticky":false,"template":"","format":"standard","meta":{"_jetpack_memberships_contains_paid_content":false,"footnotes":""},"categories":[4,1],"tags":[],"class_list":["post-115587","post","type-post","status-publish","format-standard","has-post-thumbnail","hentry","category-politica","category-portada"],"jetpack_featured_media_url":"https:\/\/i0.wp.com\/cdnoticias.com\/wp-content\/uploads\/2023\/08\/ucr-comite2.jpg?fit=1072%2C597&ssl=1","jetpack_sharing_enabled":true,"_links":{"self":[{"href":"https:\/\/cdnoticias.com\/index.php\/wp-json\/wp\/v2\/posts\/115587","targetHints":{"allow":["GET"]}}],"collection":[{"href":"https:\/\/cdnoticias.com\/index.php\/wp-json\/wp\/v2\/posts"}],"about":[{"href":"https:\/\/cdnoticias.com\/index.php\/wp-json\/wp\/v2\/types\/post"}],"author":[{"embeddable":true,"href":"https:\/\/cdnoticias.com\/index.php\/wp-json\/wp\/v2\/users\/2"}],"replies":[{"embeddable":true,"href":"https:\/\/cdnoticias.com\/index.php\/wp-json\/wp\/v2\/comments?post=115587"}],"version-history":[{"count":0,"href":"https:\/\/cdnoticias.com\/index.php\/wp-json\/wp\/v2\/posts\/115587\/revisions"}],"wp:featuredmedia":[{"embeddable":true,"href":"https:\/\/cdnoticias.com\/index.php\/wp-json\/wp\/v2\/media\/92136"}],"wp:attachment":[{"href":"https:\/\/cdnoticias.com\/index.php\/wp-json\/wp\/v2\/media?parent=115587"}],"wp:term":[{"taxonomy":"category","embeddable":true,"href":"https:\/\/cdnoticias.com\/index.php\/wp-json\/wp\/v2\/categories?post=115587"},{"taxonomy":"post_tag","embeddable":true,"href":"https:\/\/cdnoticias.com\/index.php\/wp-json\/wp\/v2\/tags?post=115587"}],"curies":[{"name":"wp","href":"https:\/\/api.w.org\/{rel}","templated":true}]}}