{"id":115565,"date":"2024-05-07T21:10:07","date_gmt":"2024-05-08T00:10:07","guid":{"rendered":"https:\/\/cdnoticias.com\/?p=115565"},"modified":"2024-05-07T21:10:09","modified_gmt":"2024-05-08T00:10:09","slug":"con-la-posible-venta-de-loma-negra-vecinos-de-sierras-bayas-se-esperanzan-por-salvaguardar-la-fabrica-san-martin","status":"publish","type":"post","link":"https:\/\/cdnoticias.com\/index.php\/2024\/05\/07\/con-la-posible-venta-de-loma-negra-vecinos-de-sierras-bayas-se-esperanzan-por-salvaguardar-la-fabrica-san-martin\/","title":{"rendered":"Con la posible venta de Loma Negra, vecinos de Sierras Bayas se esperanzan por salvaguardar la F\u00e1brica San Mart\u00edn"},"content":{"rendered":"\n<p>Repasaron la historia para declarar la f\u00e1brica como \u201cpatrimonio industrial minero\u201d. Reconocieron a la actual gesti\u00f3n municipal que tratar\u00e1 el proyecto en el HCD. \u201cLos vecinos siguen esperando respuesta y no claudicar\u00e1n\u201d.<\/p>\n\n\n\n<hr class=\"wp-block-separator aligncenter has-alpha-channel-opacity\"\/>\n\n\n\n<p>Bajo la pregunta<em><strong> \u201c\u00bfVientos de cambio para la F\u00e1brica San Martin de Sierras Bayas?\u201d<\/strong><\/em> un grupo de vecinos que busca declarar la f\u00e1brica como patrimonio industrial minero <strong>se mostraron esperanzados de salvaguardar el edificio por la posible venta de la firma Loma Negra a capitales brasileros.<\/strong><\/p>\n\n\n\n<p>Realizaron un<strong> extenso repaso del camino que los llev\u00f3 a esta posible situaci\u00f3n<\/strong>:<em> \u201cDesde 2022 un grupo de vecinos de Sierras Bayas se encuentra realizando gestiones con el objetivo de salvaguardar el patrimonio industrial minero local\u201d <\/em>indicaron.<\/p>\n\n\n\n<p>En la nota, se\u00f1alaron que<em><strong> \u201cdesde abril del 2023 se gestiona para la declaraci\u00f3n de Monumento hist\u00f3rico Nacional de la primera f\u00e1brica de cemento Portland de Argentina, que fuera en origen y durante la mayor parte de su trayectoria llamada Compa\u00f1\u00eda Argentina de Cemento Portland\u201d.<\/strong><\/em> Pr\u00e1cticamente en paralelo, <em>\u201cse present\u00f3 un proyecto al Honorable Concejo Deliberante para declarar Patrimonio Hist\u00f3rico Cultural del Partido de Olavarr\u00eda a la planta Cementera de Sierras Bayas\u201d.<\/em><\/p>\n\n\n\n<blockquote class=\"wp-block-quote is-layout-flow wp-block-quote-is-layout-flow\">\n<p>\u201cEn junio del mismo a\u00f1o se realiz\u00f3 un abrazo simb\u00f3lico, para difundir la propuesta en la opini\u00f3n p\u00fablica\u201d.<\/p>\n<\/blockquote>\n\n\n\n<p>En ese mismo mes y tras estas actividades, vecinos del grupo se reunieron con el l\u00edder de planta San Martin para conversar desde la perspectiva de la comunidad, las posibilidades futuras para con la planta que la misma empresa cerr\u00f3 en 2019. <em><strong>\u201cSin informaci\u00f3n brindada, a pesar de que la empresa expresa por redes que busca contribuir con el desarrollo sostenible y bienestar de las localidades donde act\u00faan, nos derivaron a conversar con el \u00e1rea de relaciones institucionales, reuni\u00f3n que no pudo ser a pesar de pedidos v\u00eda mail y postergaciones de reuni\u00f3n\u201d.<\/strong><\/em><\/p>\n\n\n\n<figure class=\"wp-block-image size-large\"><img data-recalc-dims=\"1\" loading=\"lazy\" decoding=\"async\" width=\"800\" height=\"377\" src=\"https:\/\/i0.wp.com\/cdnoticias.com\/wp-content\/uploads\/2024\/05\/fabrica-sierras-bayas2.jpg?resize=800%2C377&#038;ssl=1\" alt=\"\" class=\"wp-image-115567\" srcset=\"https:\/\/i0.wp.com\/cdnoticias.com\/wp-content\/uploads\/2024\/05\/fabrica-sierras-bayas2.jpg?resize=1024%2C482&amp;ssl=1 1024w, https:\/\/i0.wp.com\/cdnoticias.com\/wp-content\/uploads\/2024\/05\/fabrica-sierras-bayas2.jpg?resize=300%2C141&amp;ssl=1 300w, https:\/\/i0.wp.com\/cdnoticias.com\/wp-content\/uploads\/2024\/05\/fabrica-sierras-bayas2.jpg?resize=768%2C361&amp;ssl=1 768w, https:\/\/i0.wp.com\/cdnoticias.com\/wp-content\/uploads\/2024\/05\/fabrica-sierras-bayas2.jpg?w=1299&amp;ssl=1 1299w\" sizes=\"auto, (max-width: 800px) 100vw, 800px\" \/><\/figure>\n\n\n\n<p>De esta forma, los vecinos consideraron<em> \u201cque las edificaciones y vestigios industriales deben surgir como patrimonio cultural de la comunidad y dar continuidad bajo otras formas. Junto con la ayuda de id\u00f3neos que conocen casos de recuperaci\u00f3n y puesta en valor en otros sitios del pa\u00eds y en otras ciudades del mundo\u201d.<\/em><\/p>\n\n\n\n<p><strong>Actualmente el proyecto de declaraci\u00f3n ser\u00e1 tratado en el Honorable Concejo Deliberante junto con el Proyecto de Ordenanza sobre Patrimonio de Olavarr\u00eda,<\/strong> <em>\u201cya que la gesti\u00f3n anterior desestimo su tratamiento durante todo el a\u00f1o\u201d<\/em> denunciaron. Esto \u201cser\u00e1 un primer paso en el proceso para llegar a ser Monumento Hist\u00f3rico Nacional\u201d.<\/p>\n\n\n\n<p>Pero adem\u00e1s, sumaron la noticia <em><strong>\u201cde compra de la f\u00e1brica por parte de la principal empresa Sider\u00fargica de Brasil, la Companhia Sider\u00fargica Nacional (CSN)\u201d <\/strong><\/em>que hace que <em>\u201cse abran nuevas esperanzas para los vecinos, de ser escuchados y tenidos en cuenta para poner a Sierras Bayas en el lugar que se merece y mantener viva la rica historia de la comunidad que inicio el camino del cemento en el partido de Olavarr\u00eda\u201d.<\/em><\/p>\n\n\n\n<p>Recordaron, por su parte, que en mayo de 2023 <em>\u201cempleados de Loma Negra demolieron una casa que pertenece al Patrimonio Ferroviario. Acci\u00f3n inexplicable ya que la f\u00e1brica se encuentra cerrada. El personal de planta Sierras Bayas alego verbalmente que la casa ferroviaria era de propiedad de Loma Negra\u201d.<\/em><\/p>\n\n\n\n<figure class=\"wp-block-image size-large\"><img data-recalc-dims=\"1\" loading=\"lazy\" decoding=\"async\" width=\"800\" height=\"508\" src=\"https:\/\/i0.wp.com\/cdnoticias.com\/wp-content\/uploads\/2024\/05\/fabrica-sierras-bayas3.jpg?resize=800%2C508&#038;ssl=1\" alt=\"\" class=\"wp-image-115568\" srcset=\"https:\/\/i0.wp.com\/cdnoticias.com\/wp-content\/uploads\/2024\/05\/fabrica-sierras-bayas3.jpg?resize=1024%2C650&amp;ssl=1 1024w, https:\/\/i0.wp.com\/cdnoticias.com\/wp-content\/uploads\/2024\/05\/fabrica-sierras-bayas3.jpg?resize=300%2C190&amp;ssl=1 300w, https:\/\/i0.wp.com\/cdnoticias.com\/wp-content\/uploads\/2024\/05\/fabrica-sierras-bayas3.jpg?resize=768%2C487&amp;ssl=1 768w, https:\/\/i0.wp.com\/cdnoticias.com\/wp-content\/uploads\/2024\/05\/fabrica-sierras-bayas3.jpg?w=1040&amp;ssl=1 1040w\" sizes=\"auto, (max-width: 800px) 100vw, 800px\" \/><\/figure>\n\n\n\n<p><em><strong>\u201cEl bloque UCR del HCD se interes\u00f3 inmediatamente en el tema y solicitaron un pedido de informe a Loma Negra (Nota interna 173\/23), que la empresa al d\u00eda de hoy no respondi\u00f3 formalmente. Llamativamente ning\u00fan funcionario local del ejecutivo se expres\u00f3 al respecto y denunciaron el tema\u201d agregaron.<\/strong><\/em><\/p>\n\n\n\n<p>Los vecinos realizaron la denuncia a Ferrocarriles Argentinos y la primera revisi\u00f3n t\u00e9cnica que realiz\u00f3 la Gerencia de Gesti\u00f3n de Activos F\u00edsicos determina \u201cque el inmueble est\u00e1 identificado como ferroviario seg\u00fan el sistema SIENA. El proceso sigue su curso administrativo\u201d.<\/p>\n\n\n\n<p>Ya este a\u00f1o,<em> \u201cel 26 de marzo mediante nota dirigida al Presidente Guillermo Santell\u00e1n,<strong> se solicit\u00f3 al Honorable Concejo Deliberante que represente a los vecinos y solicite las explicaciones del caso, y que la empresa pueda aportar las pruebas pertinentes.<\/strong> Y tambi\u00e9n que se requiera informaci\u00f3n sobre el dominio a la Administraci\u00f3n de Infraestructura Ferroviaria y a Ferrocarriles Argentinos Sociedad del Estado\u201d.<\/em><\/p>\n\n\n\n<p><em><strong>\u201cAdem\u00e1s, el 8 de abril pasado mediante carta le solicitamos al Intendente Wesner, interceda con la empresa Loma Negra para que d\u00e9 explicaciones formales de la demolici\u00f3n de la casa ferroviaria que pertenece a Bienes del Estado Nacional\u201d.<\/strong><\/em><\/p>\n\n\n\n<p><em><strong>\u201cLos vecinos siguen esperando respuesta y no claudicar\u00e1n\u201d<\/strong><\/em> cerr\u00f3 la nota que los vecinos hicieron p\u00fablica en el D\u00eda de la Miner\u00eda.<\/p>\n","protected":false},"excerpt":{"rendered":"<p>Repasaron la historia para declarar la f\u00e1brica como \u201cpatrimonio industrial minero\u201d. Reconocieron a la actual gesti\u00f3n municipal que tratar\u00e1 el<\/p>\n","protected":false},"author":2,"featured_media":115566,"comment_status":"closed","ping_status":"closed","sticky":false,"template":"","format":"standard","meta":{"_jetpack_memberships_contains_paid_content":false,"footnotes":""},"categories":[5,1],"tags":[],"class_list":["post-115565","post","type-post","status-publish","format-standard","has-post-thumbnail","hentry","category-informacion-general","category-portada"],"jetpack_featured_media_url":"https:\/\/i0.wp.com\/cdnoticias.com\/wp-content\/uploads\/2024\/05\/fabrica-sierras-bayas1.jpg?fit=1280%2C720&ssl=1","jetpack_sharing_enabled":true,"_links":{"self":[{"href":"https:\/\/cdnoticias.com\/index.php\/wp-json\/wp\/v2\/posts\/115565","targetHints":{"allow":["GET"]}}],"collection":[{"href":"https:\/\/cdnoticias.com\/index.php\/wp-json\/wp\/v2\/posts"}],"about":[{"href":"https:\/\/cdnoticias.com\/index.php\/wp-json\/wp\/v2\/types\/post"}],"author":[{"embeddable":true,"href":"https:\/\/cdnoticias.com\/index.php\/wp-json\/wp\/v2\/users\/2"}],"replies":[{"embeddable":true,"href":"https:\/\/cdnoticias.com\/index.php\/wp-json\/wp\/v2\/comments?post=115565"}],"version-history":[{"count":0,"href":"https:\/\/cdnoticias.com\/index.php\/wp-json\/wp\/v2\/posts\/115565\/revisions"}],"wp:featuredmedia":[{"embeddable":true,"href":"https:\/\/cdnoticias.com\/index.php\/wp-json\/wp\/v2\/media\/115566"}],"wp:attachment":[{"href":"https:\/\/cdnoticias.com\/index.php\/wp-json\/wp\/v2\/media?parent=115565"}],"wp:term":[{"taxonomy":"category","embeddable":true,"href":"https:\/\/cdnoticias.com\/index.php\/wp-json\/wp\/v2\/categories?post=115565"},{"taxonomy":"post_tag","embeddable":true,"href":"https:\/\/cdnoticias.com\/index.php\/wp-json\/wp\/v2\/tags?post=115565"}],"curies":[{"name":"wp","href":"https:\/\/api.w.org\/{rel}","templated":true}]}}