{"id":115550,"date":"2024-05-07T20:35:15","date_gmt":"2024-05-07T23:35:15","guid":{"rendered":"https:\/\/cdnoticias.com\/?p=115550"},"modified":"2024-05-08T08:42:03","modified_gmt":"2024-05-08T11:42:03","slug":"dia-de-la-mineria-lamentablemente-hoy-no-es-un-dia-para-para-celebrar","status":"publish","type":"post","link":"https:\/\/cdnoticias.com\/index.php\/2024\/05\/07\/dia-de-la-mineria-lamentablemente-hoy-no-es-un-dia-para-para-celebrar\/","title":{"rendered":"D\u00eda de la Miner\u00eda: \u201cLamentablemente hoy no es un d\u00eda para celebrar\u201d"},"content":{"rendered":"\n<p>Central de Noticias dialog\u00f3 con Alejandro Santill\u00e1n, Secretario Gremial e Interior a nivel nacional de AOMA quien expres\u00f3 su descontento por los despidos de los trabajadores en el sector y la decisi\u00f3n del gobierno de paralizar la obra p\u00fablica.<\/p>\n\n\n\n<hr class=\"wp-block-separator aligncenter has-alpha-channel-opacity\"\/>\n\n\n\n<p>Este 7 de mayo<strong> se celebra el D\u00eda de la Miner\u00eda en la Argentina<\/strong>, en un contexto de decisiones pol\u00edticas llevadas a cabo por el gobierno de Javier Milei que afectan a todo el pa\u00eds, entre ellos, el sector de los trabajadores mineros.<\/p>\n\n\n\n<p><\/p>\n\n\n\n<p><em>Central de Noticias<\/em> dialog\u00f3 con <strong>Alejandro Santill\u00e1n, Secretario Gremial e Interior a nivel nacional de la Asociaci\u00f3n Obrera Minera Argentina<\/strong> (AOMA) quien expres\u00f3 <strong>preocupaci\u00f3n por los trabajadores del sector ante despidos, suspensiones, y la paralizaci\u00f3n de la obra p\u00fablica<\/strong>.<\/p>\n\n\n\n<figure class=\"wp-block-image size-large\"><img data-recalc-dims=\"1\" loading=\"lazy\" decoding=\"async\" width=\"800\" height=\"445\" src=\"https:\/\/i0.wp.com\/cdnoticias.com\/wp-content\/uploads\/2022\/12\/laplace-santillan.jpg?resize=800%2C445&#038;ssl=1\" alt=\"\" class=\"wp-image-71945\" srcset=\"https:\/\/i0.wp.com\/cdnoticias.com\/wp-content\/uploads\/2022\/12\/laplace-santillan-scaled.jpg?resize=1024%2C570&amp;ssl=1 1024w, https:\/\/i0.wp.com\/cdnoticias.com\/wp-content\/uploads\/2022\/12\/laplace-santillan-scaled.jpg?resize=300%2C167&amp;ssl=1 300w, https:\/\/i0.wp.com\/cdnoticias.com\/wp-content\/uploads\/2022\/12\/laplace-santillan-scaled.jpg?resize=768%2C427&amp;ssl=1 768w, https:\/\/i0.wp.com\/cdnoticias.com\/wp-content\/uploads\/2022\/12\/laplace-santillan-scaled.jpg?resize=1536%2C854&amp;ssl=1 1536w, https:\/\/i0.wp.com\/cdnoticias.com\/wp-content\/uploads\/2022\/12\/laplace-santillan-scaled.jpg?resize=2048%2C1139&amp;ssl=1 2048w, https:\/\/i0.wp.com\/cdnoticias.com\/wp-content\/uploads\/2022\/12\/laplace-santillan-scaled.jpg?resize=800%2C445&amp;ssl=1 800w, https:\/\/i0.wp.com\/cdnoticias.com\/wp-content\/uploads\/2022\/12\/laplace-santillan-scaled.jpg?w=1600&amp;ssl=1 1600w, https:\/\/i0.wp.com\/cdnoticias.com\/wp-content\/uploads\/2022\/12\/laplace-santillan-scaled.jpg?w=2400&amp;ssl=1 2400w\" sizes=\"auto, (max-width: 800px) 100vw, 800px\" \/><\/figure>\n\n\n\n<p>Santill\u00e1n coment\u00f3 que \u201cen este \u00faltimo tiempo <strong>estamos transitando los peores momentos de nuestra actividad<\/strong>. Por un lado, la metal\u00edfera donde tenemos a los trabajadores del litio, el cual ha&nbsp;bajado much\u00edsimo y de alguna manera <strong>ha frenado un poco las inversiones\u201d<\/strong>.<\/p>\n\n\n\n<p><\/p>\n\n\n\n<p>Adem\u00e1s, por el otro lado est\u00e1 <strong>la otra &#8220;gran familia&#8221; de los trabajadores mineros <\/strong>donde se encuentra todo lo relacionado con la construcci\u00f3n: \u201cNuestro presidente anunci\u00f3 (de alguna manera celebrando) de que hab\u00eda que terminar con uno de los motores de corrupci\u00f3n m\u00e1s grande del pa\u00eds, que era la obra p\u00fablica\u201d enfatiz\u00f3.<\/p>\n\n\n\n<p><\/p>\n\n\n\n<blockquote class=\"wp-block-quote is-layout-flow wp-block-quote-is-layout-flow\">\n<p>\u201cEsas decisiones empiezan a generar mucho da\u00f1o, no solo en la actividad, sino en lo que tanto nos interesa a nosotros que son los trabajadores. El freno de la obra p\u00fablica termin\u00f3 generando hoy que la industria minera est\u00e9 paralizada\u201d sostuvo.<\/p>\n<\/blockquote>\n\n\n\n<p><\/p>\n\n\n\n<p>En detalle, Santill\u00e1n cont\u00f3 que al no haber obras p\u00fablicas <strong><em>&#8220;en la parte de cemento se est\u00e1 produciendo un 40% de lo que podemos producir y en la misma l\u00ednea, lo que es cal y piedra, estamos en un 10% de la actividad de lo que se podr\u00eda trabajar\u201d<\/em><\/strong>.<\/p>\n\n\n\n<figure class=\"wp-block-image size-large\"><img data-recalc-dims=\"1\" loading=\"lazy\" decoding=\"async\" width=\"800\" height=\"445\" src=\"https:\/\/i0.wp.com\/cdnoticias.com\/wp-content\/uploads\/2021\/10\/Santillan-paro-1.jpg?resize=800%2C445&#038;ssl=1\" alt=\"\" class=\"wp-image-36402\" srcset=\"https:\/\/i0.wp.com\/cdnoticias.com\/wp-content\/uploads\/2021\/10\/Santillan-paro-1.jpg?resize=1024%2C569&amp;ssl=1 1024w, https:\/\/i0.wp.com\/cdnoticias.com\/wp-content\/uploads\/2021\/10\/Santillan-paro-1.jpg?resize=300%2C167&amp;ssl=1 300w, https:\/\/i0.wp.com\/cdnoticias.com\/wp-content\/uploads\/2021\/10\/Santillan-paro-1.jpg?resize=768%2C427&amp;ssl=1 768w, https:\/\/i0.wp.com\/cdnoticias.com\/wp-content\/uploads\/2021\/10\/Santillan-paro-1.jpg?resize=800%2C445&amp;ssl=1 800w, https:\/\/i0.wp.com\/cdnoticias.com\/wp-content\/uploads\/2021\/10\/Santillan-paro-1.jpg?w=1152&amp;ssl=1 1152w\" sizes=\"auto, (max-width: 800px) 100vw, 800px\" \/><\/figure>\n\n\n\n<blockquote class=\"wp-block-quote is-layout-flow wp-block-quote-is-layout-flow\">\n<p>\u201cEso de alguna manera termina impactando a las empresas que est\u00e1n intentando crear estos &#8220;manotazos&#8221; y lo que primero miran lamentablemente para ver c\u00f3mo pueden hacer para reducir costos, son los trabajadores\u201d remarc\u00f3.<\/p>\n<\/blockquote>\n\n\n\n<p><\/p>\n\n\n\n<p>En tanto, agreg\u00f3 que \u201cestamos en un contexto tratando de discutir paritarias por la inflaci\u00f3n del 11% anunciado por el gobierno y la realidad es que a los trabajadores cada vez les alcanza menos\u201d.<\/p>\n\n\n\n<p><\/p>\n\n\n\n<p>\u201cCon este contexto, con las empresas se est\u00e1 discutiendo no s\u00f3lo una <strong>mejora salarial <\/strong>sino que a la vez se est\u00e1n<strong> discutiendo salarios con suspensiones. <\/strong>No nos podemos hacer los distra\u00eddos: nos encontramos con la situaci\u00f3n en Olavarr\u00eda donde tenemos trabajadores ya despedidos en nuestra actividad\u201d.<\/p>\n\n\n\n<p><\/p>\n\n\n\n<p>Sobre la rama de cal y piedra, Santill\u00e1n cont\u00f3 que \u201c<strong><em>se viene hablando de suspensiones que va a terminar con gran parte de nuestros compa\u00f1eros en su casa cobrando un porcentaje de salario. Los trabajadores no la est\u00e1n pasando bien con estas decisiones pol\u00edticas; si era dif\u00edcil llegar a fin de mes con la totalidad del salario imag\u00ednate con una parte\u201d.<\/em><\/strong><\/p>\n\n\n\n<p><\/p>\n\n\n\n<p>\u201cHace escasas semanas en Cementos Avellaneda hubo una reducci\u00f3n de alrededor de un retiro de casi 30 trabajadores. Con cal y piedra la realidad es m\u00e1s desfavorable todav\u00eda porque pr\u00e1cticamente est\u00e1 paralizada la actividad&#8221; anunci\u00f3 el Secretario Gremial e Interior a nivel nacional de AOMA.<\/p>\n\n\n\n<p><\/p>\n\n\n\n<p>\u201cTambi\u00e9n algunos empresarios p\u00edcaros ya anuncian de que se ha arribado a un acuerdo con AOMA. <strong>Hasta el momento no hay ning\u00fan acuerdo con la parte de cal y piedra, aunque s\u00ed hemos avanzado en algunos puntos<\/strong>\u201d expres\u00f3 Santill\u00e1n.<\/p>\n\n\n\n<p><\/p>\n\n\n\n<blockquote class=\"wp-block-quote is-layout-flow wp-block-quote-is-layout-flow\">\n<p>A la par, \u201cestamos pidiendo a la C\u00e1mara que nos d\u00e9 la garant\u00eda de que no va a haber despidos. Hasta el momento no se ha podido cerrar. Estamos ansiosos y la verdad que queremos transmitir la tranquilidad a los trabajadores pero es un contexto muy complicado\u201d sostuvo.<\/p>\n<\/blockquote>\n\n\n\n<p><\/p>\n\n\n\n<p class=\"has-large-font-size\"><strong>Preocupaci\u00f3n de los trabajadores y un contexto incierto<\/strong><\/p>\n\n\n\n<figure class=\"wp-block-image size-full\"><img data-recalc-dims=\"1\" loading=\"lazy\" decoding=\"async\" width=\"500\" height=\"281\" src=\"https:\/\/i0.wp.com\/cdnoticias.com\/wp-content\/uploads\/2020\/11\/unnamed-3.jpg?resize=500%2C281&#038;ssl=1\" alt=\"\" class=\"wp-image-6219\" srcset=\"https:\/\/i0.wp.com\/cdnoticias.com\/wp-content\/uploads\/2020\/11\/unnamed-3.jpg?w=500&amp;ssl=1 500w, https:\/\/i0.wp.com\/cdnoticias.com\/wp-content\/uploads\/2020\/11\/unnamed-3.jpg?resize=300%2C169&amp;ssl=1 300w\" sizes=\"auto, (max-width: 500px) 100vw, 500px\" \/><\/figure>\n\n\n\n<p>Santill\u00e1n cont\u00f3 que \u201cuno nota la preocupaci\u00f3n de los compa\u00f1eros y tal vez nos hacen responsables a los dirigentes sindicales. La verdad que esta situaci\u00f3n que estamos viviendo hoy, hace muchos meses que intentamos advertirle a la gente del modelo pol\u00edtico que se ven\u00eda\u201d.<\/p>\n\n\n\n<p><\/p>\n\n\n\n<p>\u201cCon estas decisiones que se est\u00e1n tomando de parte de la pol\u00edtica <strong>no vemos un horizonte favorable para los trabajadores.<\/strong> Los laburantes creyeron en este modelo pol\u00edtico y la verdad que hoy estamos en una situaci\u00f3n alarmante\u201d agreg\u00f3.<\/p>\n\n\n\n<p><\/p>\n\n\n\n<blockquote class=\"wp-block-quote is-layout-flow wp-block-quote-is-layout-flow\">\n<p>\u201cA ning\u00fan dirigente nos gusta esta situaci\u00f3n. Se est\u00e1 discutiendo c\u00f3mo podemos salvar compa\u00f1eros y la verdad que se hace bastante cuesta arriba con todo el contexto que estamos teniendo porque no vemos una reactivaci\u00f3n obviamente a corto y mediano plazo\u201d reafirm\u00f3.<\/p>\n<\/blockquote>\n\n\n\n<p><\/p>\n\n\n\n<p>Sobre el paro de este jueves, Santill\u00e1n remarc\u00f3 que \u201c<strong><em>lamentablemente hoy no es un d\u00eda para celebrar. Se viene el paro nacional en 24 horas donde vamos a adherir. De alguna manera uno intenta visibilizar la situaci\u00f3n para que el gobierno empiece a tomar alg\u00fan tipo de medida que no sea tan dr\u00e1stica con los trabajadores\u201d.<\/em><\/strong><\/p>\n\n\n\n<figure class=\"wp-block-image size-large\"><img data-recalc-dims=\"1\" loading=\"lazy\" decoding=\"async\" width=\"800\" height=\"445\" src=\"https:\/\/i0.wp.com\/cdnoticias.com\/wp-content\/uploads\/2021\/10\/Santillan-paro-3.jpg?resize=800%2C445&#038;ssl=1\" alt=\"\" class=\"wp-image-36404\" srcset=\"https:\/\/i0.wp.com\/cdnoticias.com\/wp-content\/uploads\/2021\/10\/Santillan-paro-3.jpg?resize=1024%2C569&amp;ssl=1 1024w, https:\/\/i0.wp.com\/cdnoticias.com\/wp-content\/uploads\/2021\/10\/Santillan-paro-3.jpg?resize=300%2C167&amp;ssl=1 300w, https:\/\/i0.wp.com\/cdnoticias.com\/wp-content\/uploads\/2021\/10\/Santillan-paro-3.jpg?resize=768%2C427&amp;ssl=1 768w, https:\/\/i0.wp.com\/cdnoticias.com\/wp-content\/uploads\/2021\/10\/Santillan-paro-3.jpg?resize=800%2C445&amp;ssl=1 800w, https:\/\/i0.wp.com\/cdnoticias.com\/wp-content\/uploads\/2021\/10\/Santillan-paro-3.jpg?w=1152&amp;ssl=1 1152w\" sizes=\"auto, (max-width: 800px) 100vw, 800px\" \/><\/figure>\n\n\n\n<blockquote class=\"wp-block-quote is-layout-flow wp-block-quote-is-layout-flow\">\n<p>\u201cHay que pedir que todos los trabajadores estemos unidos y que de alguna manera este gobierno de un giro de 180\u00b0 y que empiece la obra p\u00fablica. Nosotros como trabajadores no somos corruptos, entendemos que los empresarios tampoco, sino que necesitamos que los gobiernos sean serios, y en caso de que haya irregularidades que mejoren los controles\u201d coment\u00f3 sobre la decisi\u00f3n el gobierno actual.<\/p>\n<\/blockquote>\n\n\n\n<p><\/p>\n\n\n\n<p>Asimismo, expres\u00f3 que \u201c<strong>duele mucho ver la cantidad y el potencial minero que tenemos en Olavarr\u00eda y que est\u00e9 pr\u00e1cticamente detenido\u201d.<\/strong><\/p>\n\n\n\n<p><\/p>\n\n\n\n<p><em>\u201cPara tener un pa\u00eds serio necesitamos tener las comodidades y todas las cosas que necesitan los habitantes para vivir con calidad. Me parece que ning\u00fan gobierno se puede dar el lujo de parar las obras p\u00fablicas. No vemos por qu\u00e9 no se puede seguir mejorando rutas o se pueden hacer un mont\u00f3n de obras que necesitan los argentinos\u201d <\/em>cerr\u00f3 Santill\u00e1n.<\/p>\n","protected":false},"excerpt":{"rendered":"<p>Central de Noticias dialog\u00f3 con Alejandro Santill\u00e1n, Secretario Gremial e Interior a nivel nacional de AOMA quien expres\u00f3 su descontento<\/p>\n","protected":false},"author":6,"featured_media":36407,"comment_status":"closed","ping_status":"closed","sticky":false,"template":"","format":"standard","meta":{"_jetpack_memberships_contains_paid_content":false,"footnotes":""},"categories":[5,1],"tags":[],"class_list":["post-115550","post","type-post","status-publish","format-standard","has-post-thumbnail","hentry","category-informacion-general","category-portada"],"jetpack_featured_media_url":"https:\/\/i0.wp.com\/cdnoticias.com\/wp-content\/uploads\/2021\/10\/Santillan-paro-6.jpg?fit=1152%2C640&ssl=1","jetpack_sharing_enabled":true,"_links":{"self":[{"href":"https:\/\/cdnoticias.com\/index.php\/wp-json\/wp\/v2\/posts\/115550","targetHints":{"allow":["GET"]}}],"collection":[{"href":"https:\/\/cdnoticias.com\/index.php\/wp-json\/wp\/v2\/posts"}],"about":[{"href":"https:\/\/cdnoticias.com\/index.php\/wp-json\/wp\/v2\/types\/post"}],"author":[{"embeddable":true,"href":"https:\/\/cdnoticias.com\/index.php\/wp-json\/wp\/v2\/users\/6"}],"replies":[{"embeddable":true,"href":"https:\/\/cdnoticias.com\/index.php\/wp-json\/wp\/v2\/comments?post=115550"}],"version-history":[{"count":0,"href":"https:\/\/cdnoticias.com\/index.php\/wp-json\/wp\/v2\/posts\/115550\/revisions"}],"wp:featuredmedia":[{"embeddable":true,"href":"https:\/\/cdnoticias.com\/index.php\/wp-json\/wp\/v2\/media\/36407"}],"wp:attachment":[{"href":"https:\/\/cdnoticias.com\/index.php\/wp-json\/wp\/v2\/media?parent=115550"}],"wp:term":[{"taxonomy":"category","embeddable":true,"href":"https:\/\/cdnoticias.com\/index.php\/wp-json\/wp\/v2\/categories?post=115550"},{"taxonomy":"post_tag","embeddable":true,"href":"https:\/\/cdnoticias.com\/index.php\/wp-json\/wp\/v2\/tags?post=115550"}],"curies":[{"name":"wp","href":"https:\/\/api.w.org\/{rel}","templated":true}]}}