{"id":115531,"date":"2024-05-07T13:02:27","date_gmt":"2024-05-07T16:02:27","guid":{"rendered":"https:\/\/cdnoticias.com\/?p=115531"},"modified":"2024-05-07T13:02:29","modified_gmt":"2024-05-07T16:02:29","slug":"el-jueves-no-habra-atencion-en-las-oficinas-de-coopelectric","status":"publish","type":"post","link":"https:\/\/cdnoticias.com\/index.php\/2024\/05\/07\/el-jueves-no-habra-atencion-en-las-oficinas-de-coopelectric\/","title":{"rendered":"El jueves no habr\u00e1 atenci\u00f3n en las oficinas de Coopelectric"},"content":{"rendered":"\n<p>Es en el marco a la adhesi\u00f3n al paro general convocado por la CGT.<\/p>\n\n\n\n<hr class=\"wp-block-separator has-alpha-channel-opacity\"\/>\n\n\n\n<p>El jueves 9 de mayo la sede administrativa de Coopelectric ubicada en Belgrano 2850, la Oficina T\u00e9cnica de Obras Sanitarias situada en avenida Del Valle y avenida Pellegrini y la Oficina T\u00e9cnica de Energ\u00eda El\u00e9ctrica en Pelegrino y Maip\u00fa, permanecer\u00e1n <strong>cerradas sin atenci\u00f3n al p\u00fablico.<\/strong><\/p>\n\n\n\n<p><\/p>\n\n\n\n<p>Esto se debe a la adhesi\u00f3n de los sindicatos que nuclean a los trabajadores que se desempe\u00f1an en la Cooperativa, al <strong>paro general convocado por la Confederaci\u00f3n General del Trabajo (CGT).<\/strong><\/p>\n\n\n\n<p><\/p>\n\n\n\n<p>No obstante, en los sectores operativos de los servicios de El\u00e9ctrico y Sanitario<strong> las guardias funcionar\u00e1n con normalidad.<\/strong><\/p>\n\n\n\n<p><\/p>\n\n\n\n<p>Por reclamos t\u00e9cnicos de <strong>energ\u00eda el\u00e9ctrica<\/strong> los usuarios podr\u00e1n<strong> comunicarse durante las 24 horas al 412305 <\/strong>y por reclamos t\u00e9cnicos de <strong>obras sanitarias al 411222.<\/strong><\/p>\n\n\n\n<p><\/p>\n\n\n\n<p>En ambos casos tambi\u00e9n podr\u00e1n enviar un <strong>mensaje de texto al 15-680000 o ingresar el reclamo v\u00eda WhastsApp 2284-230707.<\/strong><\/p>\n","protected":false},"excerpt":{"rendered":"<p>Es en el marco a la adhesi\u00f3n al paro general convocado por la CGT. El jueves 9 de mayo la<\/p>\n","protected":false},"author":2,"featured_media":2010,"comment_status":"closed","ping_status":"closed","sticky":false,"template":"","format":"standard","meta":{"_jetpack_memberships_contains_paid_content":false,"footnotes":""},"categories":[5,1],"tags":[],"class_list":["post-115531","post","type-post","status-publish","format-standard","has-post-thumbnail","hentry","category-informacion-general","category-portada"],"jetpack_featured_media_url":"https:\/\/i0.wp.com\/cdnoticias.com\/wp-content\/uploads\/2020\/09\/Coopelectric.jpeg?fit=1280%2C853&ssl=1","jetpack_sharing_enabled":true,"_links":{"self":[{"href":"https:\/\/cdnoticias.com\/index.php\/wp-json\/wp\/v2\/posts\/115531","targetHints":{"allow":["GET"]}}],"collection":[{"href":"https:\/\/cdnoticias.com\/index.php\/wp-json\/wp\/v2\/posts"}],"about":[{"href":"https:\/\/cdnoticias.com\/index.php\/wp-json\/wp\/v2\/types\/post"}],"author":[{"embeddable":true,"href":"https:\/\/cdnoticias.com\/index.php\/wp-json\/wp\/v2\/users\/2"}],"replies":[{"embeddable":true,"href":"https:\/\/cdnoticias.com\/index.php\/wp-json\/wp\/v2\/comments?post=115531"}],"version-history":[{"count":0,"href":"https:\/\/cdnoticias.com\/index.php\/wp-json\/wp\/v2\/posts\/115531\/revisions"}],"wp:featuredmedia":[{"embeddable":true,"href":"https:\/\/cdnoticias.com\/index.php\/wp-json\/wp\/v2\/media\/2010"}],"wp:attachment":[{"href":"https:\/\/cdnoticias.com\/index.php\/wp-json\/wp\/v2\/media?parent=115531"}],"wp:term":[{"taxonomy":"category","embeddable":true,"href":"https:\/\/cdnoticias.com\/index.php\/wp-json\/wp\/v2\/categories?post=115531"},{"taxonomy":"post_tag","embeddable":true,"href":"https:\/\/cdnoticias.com\/index.php\/wp-json\/wp\/v2\/tags?post=115531"}],"curies":[{"name":"wp","href":"https:\/\/api.w.org\/{rel}","templated":true}]}}