{"id":115469,"date":"2024-05-06T18:06:24","date_gmt":"2024-05-06T21:06:24","guid":{"rendered":"https:\/\/cdnoticias.com\/?p=115469"},"modified":"2024-05-06T18:06:27","modified_gmt":"2024-05-06T21:06:27","slug":"la-ucr-solicita-poner-en-valor-el-santuario-de-san-cayetano","status":"publish","type":"post","link":"https:\/\/cdnoticias.com\/index.php\/2024\/05\/06\/la-ucr-solicita-poner-en-valor-el-santuario-de-san-cayetano\/","title":{"rendered":"La UCR solicita poner en valor el Santuario de San Cayetano"},"content":{"rendered":"\n<p>El concejal Francisco Gonz\u00e1lez mantuvo una reuni\u00f3n con vecinos de Sierras Bayas, quienes les transmitieron su preocupaci\u00f3n ante el mal estado en el que se encuentra el espacio y sus alrededores.<\/p>\n\n\n\n<hr class=\"wp-block-separator aligncenter has-alpha-channel-opacity\"\/>\n\n\n\n<p>El bloque de concejales de la <strong>Uni\u00f3n C\u00edvica Radical <\/strong>present\u00f3 este lunes en el Honorable Concejo Deliberante un <strong>Proyecto de Resoluci\u00f3n,<\/strong> a trav\u00e9s del cual solicita al Departamento Ejecutivo Municipal la <strong>puesta en valor del Santuario de San Cayetano<\/strong>, ubicado en el Cerro Aguirre de la<strong> localidad de Sierras Bayas.<\/strong><\/p>\n\n\n\n<p><\/p>\n\n\n\n<p>La iniciativa surge luego de que el edil radical <strong>Francisco Gonz\u00e1lez <\/strong>mantuviera un <strong>encuentro con vecinos y vecinas de la localidad<\/strong>, quienes les transmitieron su <strong>preocupaci\u00f3n ante el mal estado<\/strong> y abandono en el que se encuentra el espacio y sus alrededores.<\/p>\n\n\n\n<p><\/p>\n\n\n\n<blockquote class=\"wp-block-quote is-layout-flow wp-block-quote-is-layout-flow\">\n<p>La propuesta contempla el reemplazo de los juegos infantiles que se encuentran en la Plazoleta El Jag\u00fcel, como as\u00ed tambi\u00e9n la colocaci\u00f3n de la se\u00f1al\u00e9tica correspondiente que indique c\u00f3mo llegar al lugar.<\/p>\n<\/blockquote>\n\n\n\n<p><\/p>\n\n\n\n<figure class=\"wp-block-image aligncenter size-full\"><img data-recalc-dims=\"1\" loading=\"lazy\" decoding=\"async\" width=\"800\" height=\"411\" src=\"https:\/\/i0.wp.com\/cdnoticias.com\/wp-content\/uploads\/2024\/05\/ucr-santuario-san-cayetano2.png?resize=800%2C411&#038;ssl=1\" alt=\"\" class=\"wp-image-115472\" srcset=\"https:\/\/i0.wp.com\/cdnoticias.com\/wp-content\/uploads\/2024\/05\/ucr-santuario-san-cayetano2.png?w=879&amp;ssl=1 879w, https:\/\/i0.wp.com\/cdnoticias.com\/wp-content\/uploads\/2024\/05\/ucr-santuario-san-cayetano2.png?resize=300%2C154&amp;ssl=1 300w, https:\/\/i0.wp.com\/cdnoticias.com\/wp-content\/uploads\/2024\/05\/ucr-santuario-san-cayetano2.png?resize=768%2C395&amp;ssl=1 768w\" sizes=\"auto, (max-width: 800px) 100vw, 800px\" \/><\/figure>\n\n\n\n<p><\/p>\n\n\n\n<p>Al respecto, Gonz\u00e1lez se\u00f1al\u00f3 que \u201c<strong><em>es un lugar con un importante atractivo tur\u00edstico, donde se pueden realizar actividades deportivas y de recreaci\u00f3n. Tambi\u00e9n hay una plazoleta en la que se puede llegar en veh\u00edculo y compartir una tarde con familia y amigos\u201d<\/em><\/strong>.<\/p>\n\n\n\n<p><\/p>\n\n\n\n<p>\u201cEs un espacio muy lindo pero que est\u00e1 absolutamente abandonado, con pastos altos y con juegos rotos. Tampoco hay se\u00f1al\u00e9tica que indique c\u00f3mo llegar al lugar\u201d agreg\u00f3.<\/p>\n\n\n\n<p><\/p>\n\n\n\n<p>\u201cCreo que es un lugar que el Municipio de Olavarr\u00eda podr\u00eda poner en valor y destacarlo como un atractivo tur\u00edstico. Al reacondicionarlo, generar\u00eda y despertar\u00eda el inter\u00e9s de visitantes y de vecinos del Partido y eso no es un dato menor\u201d finaliz\u00f3 Gonz\u00e1lez.<\/p>\n\n\n\n<p><\/p>\n\n\n\n<figure class=\"wp-block-image aligncenter size-full\"><img data-recalc-dims=\"1\" loading=\"lazy\" decoding=\"async\" width=\"800\" height=\"415\" src=\"https:\/\/i0.wp.com\/cdnoticias.com\/wp-content\/uploads\/2024\/05\/ucr-santuario-san-cayetano.png?resize=800%2C415&#038;ssl=1\" alt=\"\" class=\"wp-image-115471\" srcset=\"https:\/\/i0.wp.com\/cdnoticias.com\/wp-content\/uploads\/2024\/05\/ucr-santuario-san-cayetano.png?w=881&amp;ssl=1 881w, https:\/\/i0.wp.com\/cdnoticias.com\/wp-content\/uploads\/2024\/05\/ucr-santuario-san-cayetano.png?resize=300%2C156&amp;ssl=1 300w, https:\/\/i0.wp.com\/cdnoticias.com\/wp-content\/uploads\/2024\/05\/ucr-santuario-san-cayetano.png?resize=768%2C398&amp;ssl=1 768w\" sizes=\"auto, (max-width: 800px) 100vw, 800px\" \/><\/figure>\n","protected":false},"excerpt":{"rendered":"<p>El concejal Francisco Gonz\u00e1lez mantuvo una reuni\u00f3n con vecinos de Sierras Bayas, quienes les transmitieron su preocupaci\u00f3n ante el mal<\/p>\n","protected":false},"author":6,"featured_media":115473,"comment_status":"closed","ping_status":"closed","sticky":false,"template":"","format":"standard","meta":{"_jetpack_memberships_contains_paid_content":false,"footnotes":""},"categories":[4,1],"tags":[],"class_list":["post-115469","post","type-post","status-publish","format-standard","has-post-thumbnail","hentry","category-politica","category-portada"],"jetpack_featured_media_url":"https:\/\/i0.wp.com\/cdnoticias.com\/wp-content\/uploads\/2024\/05\/ucr-santuario-san-cayetano3.png?fit=896%2C515&ssl=1","jetpack_sharing_enabled":true,"_links":{"self":[{"href":"https:\/\/cdnoticias.com\/index.php\/wp-json\/wp\/v2\/posts\/115469","targetHints":{"allow":["GET"]}}],"collection":[{"href":"https:\/\/cdnoticias.com\/index.php\/wp-json\/wp\/v2\/posts"}],"about":[{"href":"https:\/\/cdnoticias.com\/index.php\/wp-json\/wp\/v2\/types\/post"}],"author":[{"embeddable":true,"href":"https:\/\/cdnoticias.com\/index.php\/wp-json\/wp\/v2\/users\/6"}],"replies":[{"embeddable":true,"href":"https:\/\/cdnoticias.com\/index.php\/wp-json\/wp\/v2\/comments?post=115469"}],"version-history":[{"count":0,"href":"https:\/\/cdnoticias.com\/index.php\/wp-json\/wp\/v2\/posts\/115469\/revisions"}],"wp:featuredmedia":[{"embeddable":true,"href":"https:\/\/cdnoticias.com\/index.php\/wp-json\/wp\/v2\/media\/115473"}],"wp:attachment":[{"href":"https:\/\/cdnoticias.com\/index.php\/wp-json\/wp\/v2\/media?parent=115469"}],"wp:term":[{"taxonomy":"category","embeddable":true,"href":"https:\/\/cdnoticias.com\/index.php\/wp-json\/wp\/v2\/categories?post=115469"},{"taxonomy":"post_tag","embeddable":true,"href":"https:\/\/cdnoticias.com\/index.php\/wp-json\/wp\/v2\/tags?post=115469"}],"curies":[{"name":"wp","href":"https:\/\/api.w.org\/{rel}","templated":true}]}}