{"id":115467,"date":"2024-05-06T17:03:47","date_gmt":"2024-05-06T20:03:47","guid":{"rendered":"https:\/\/cdnoticias.com\/?p=115467"},"modified":"2024-05-06T20:26:37","modified_gmt":"2024-05-06T23:26:37","slug":"lo-mas-importante-es-la-mirada-integral-de-fortalecer-el-arbolado-publico-y-la-forestacion","status":"publish","type":"post","link":"https:\/\/cdnoticias.com\/index.php\/2024\/05\/06\/lo-mas-importante-es-la-mirada-integral-de-fortalecer-el-arbolado-publico-y-la-forestacion\/","title":{"rendered":"\u201cLo m\u00e1s importante es la mirada integral de fortalecer el arbolado p\u00fablico y la forestaci\u00f3n\u201d"},"content":{"rendered":"<p>Lo defini\u00f3 el ministro Javier Rodr\u00edguez en el acto junto al intendente Wesner. Recuperaci\u00f3n del arbolado perdido por las tormentas de diciembre, una nueva ordenanza de arbolado p\u00fablico y la ampliaci\u00f3n del vivero.<!--more--><\/p>\n<hr \/>\n<p><a href=\"https:\/\/cdnoticias.com\/index.php\/2024\/05\/06\/plan-de-reconstruccion-de-arbolado-queremos-pensar-una-olavarria-con-mayor-forestacion\/\" target=\"_blank\" rel=\"noopener\">En la Casa del Bicentenario<\/a> se present\u00f3 el <strong>Plan Integral de Reconstrucci\u00f3n de Arbolado<\/strong> con una exposici\u00f3n que encabezaron el <strong>ministro de Desarrollo Agrario provincial, Javier Rodr\u00edguez<\/strong>, el <strong>intendente Maximiliano Wesner<\/strong>, <em>el secretario de Desarrollo Econ\u00f3mico, Gast\u00f3n Sarachu, el subsecretario de Empresas e Inversiones Bernardo Baldino y la concejala Bel\u00e9n Abraham<\/em>.<\/p>\n<p>Tras la presentaci\u00f3n<strong> se entregaron 100 \u00e1rboles a instituciones locales<\/strong>. Las escuelas de La Parda, Centro de Formaci\u00f3n Integral, Secundaria 6 y Escuela 57 fueron las primeras en recibir los \u00e1rboles entregados: <strong>crespones, fresnos rojos, acacias y prunus<\/strong>.<\/p>\n<blockquote><p>\u201cEste encuentro no solamente tiene que ver con el Plan de Reconstrucci\u00f3n de Arbolado, no solamente es reparador sino que tiene que ver con la planificaci\u00f3n del arbolado que queremos para el distrito\u201d present\u00f3 Wesner. Destac\u00f3 que se trata de un tema que con su equipo desarrollan desde antes de asumir la gesti\u00f3n municipal y para el que han contado con apoyo del Ministerio de Desarrollo Agrario.<\/p><\/blockquote>\n<p><img data-recalc-dims=\"1\" loading=\"lazy\" decoding=\"async\" class=\"size-full wp-image-115456 aligncenter\" src=\"https:\/\/i0.wp.com\/cdnoticias.com\/wp-content\/uploads\/2024\/05\/arbolado-ministro-javier-rodriguez-00.jpg?resize=800%2C445&#038;ssl=1\" alt=\"\" width=\"800\" height=\"445\" srcset=\"https:\/\/i0.wp.com\/cdnoticias.com\/wp-content\/uploads\/2024\/05\/arbolado-ministro-javier-rodriguez-00.jpg?w=1000&amp;ssl=1 1000w, https:\/\/i0.wp.com\/cdnoticias.com\/wp-content\/uploads\/2024\/05\/arbolado-ministro-javier-rodriguez-00.jpg?resize=300%2C167&amp;ssl=1 300w, https:\/\/i0.wp.com\/cdnoticias.com\/wp-content\/uploads\/2024\/05\/arbolado-ministro-javier-rodriguez-00.jpg?resize=768%2C427&amp;ssl=1 768w, https:\/\/i0.wp.com\/cdnoticias.com\/wp-content\/uploads\/2024\/05\/arbolado-ministro-javier-rodriguez-00.jpg?resize=800%2C445&amp;ssl=1 800w\" sizes=\"auto, (max-width: 800px) 100vw, 800px\" \/><\/p>\n<p><img data-recalc-dims=\"1\" loading=\"lazy\" decoding=\"async\" class=\"size-full wp-image-115459 aligncenter\" src=\"https:\/\/i0.wp.com\/cdnoticias.com\/wp-content\/uploads\/2024\/05\/arbolado-ministro-javier-rodriguez-03.jpg?resize=800%2C445&#038;ssl=1\" alt=\"\" width=\"800\" height=\"445\" srcset=\"https:\/\/i0.wp.com\/cdnoticias.com\/wp-content\/uploads\/2024\/05\/arbolado-ministro-javier-rodriguez-03.jpg?w=1000&amp;ssl=1 1000w, https:\/\/i0.wp.com\/cdnoticias.com\/wp-content\/uploads\/2024\/05\/arbolado-ministro-javier-rodriguez-03.jpg?resize=300%2C167&amp;ssl=1 300w, https:\/\/i0.wp.com\/cdnoticias.com\/wp-content\/uploads\/2024\/05\/arbolado-ministro-javier-rodriguez-03.jpg?resize=768%2C427&amp;ssl=1 768w, https:\/\/i0.wp.com\/cdnoticias.com\/wp-content\/uploads\/2024\/05\/arbolado-ministro-javier-rodriguez-03.jpg?resize=800%2C445&amp;ssl=1 800w\" sizes=\"auto, (max-width: 800px) 100vw, 800px\" \/><\/p>\n<p>El jefe comunal indic\u00f3 que se plantearon como <strong>puntos centrales<\/strong> \u201clas <strong>acciones inmediatas necesarias para la recuperaci\u00f3n del arbolado<\/strong> perdido producto de las tormentas de diciembre\u201d, la <strong>aprobaci\u00f3n de un marco normativo en l\u00ednea con la ley provincial 12.276<\/strong> (Ley de Arbolado P\u00fablico) y<strong> \u201cpoder fortalecer el vivero municipal\u201d<\/strong> para que no solamente entregue \u00e1rboles para forestaciones rurales, sino tambi\u00e9n para la demanda urbana.<\/p>\n<p>Adelant\u00f3 que <strong>para el viernes est\u00e1 prevista una capacitaci\u00f3n<\/strong> para los representantes de las instituciones que ese lunes recibieron \u00e1rboles y que <strong>se plantar\u00e1n 50 \u00e1rboles nativos en el Parque Helios Eseverri<\/strong>. Esta actividad iba a concretarse este lunes, pero debi\u00f3 suspenderse por la lluvia.<\/p>\n<p>Durante su exposici\u00f3n, el intendente resalt\u00f3 tambi\u00e9n otras gestiones del ministro Rodr\u00edguez para Olavarr\u00eda.<\/p>\n<p><img data-recalc-dims=\"1\" loading=\"lazy\" decoding=\"async\" class=\"size-full wp-image-115457 aligncenter\" src=\"https:\/\/i0.wp.com\/cdnoticias.com\/wp-content\/uploads\/2024\/05\/arbolado-ministro-javier-rodriguez-01.jpg?resize=800%2C445&#038;ssl=1\" alt=\"\" width=\"800\" height=\"445\" srcset=\"https:\/\/i0.wp.com\/cdnoticias.com\/wp-content\/uploads\/2024\/05\/arbolado-ministro-javier-rodriguez-01.jpg?w=1000&amp;ssl=1 1000w, https:\/\/i0.wp.com\/cdnoticias.com\/wp-content\/uploads\/2024\/05\/arbolado-ministro-javier-rodriguez-01.jpg?resize=300%2C167&amp;ssl=1 300w, https:\/\/i0.wp.com\/cdnoticias.com\/wp-content\/uploads\/2024\/05\/arbolado-ministro-javier-rodriguez-01.jpg?resize=768%2C427&amp;ssl=1 768w, https:\/\/i0.wp.com\/cdnoticias.com\/wp-content\/uploads\/2024\/05\/arbolado-ministro-javier-rodriguez-01.jpg?resize=800%2C445&amp;ssl=1 800w\" sizes=\"auto, (max-width: 800px) 100vw, 800px\" \/><\/p>\n<p><img data-recalc-dims=\"1\" loading=\"lazy\" decoding=\"async\" class=\"size-full wp-image-115462 aligncenter\" src=\"https:\/\/i0.wp.com\/cdnoticias.com\/wp-content\/uploads\/2024\/05\/arbolado-ministro-javier-rodriguez-06.jpg?resize=800%2C445&#038;ssl=1\" alt=\"\" width=\"800\" height=\"445\" srcset=\"https:\/\/i0.wp.com\/cdnoticias.com\/wp-content\/uploads\/2024\/05\/arbolado-ministro-javier-rodriguez-06.jpg?w=1000&amp;ssl=1 1000w, https:\/\/i0.wp.com\/cdnoticias.com\/wp-content\/uploads\/2024\/05\/arbolado-ministro-javier-rodriguez-06.jpg?resize=300%2C167&amp;ssl=1 300w, https:\/\/i0.wp.com\/cdnoticias.com\/wp-content\/uploads\/2024\/05\/arbolado-ministro-javier-rodriguez-06.jpg?resize=768%2C427&amp;ssl=1 768w, https:\/\/i0.wp.com\/cdnoticias.com\/wp-content\/uploads\/2024\/05\/arbolado-ministro-javier-rodriguez-06.jpg?resize=800%2C445&amp;ssl=1 800w\" sizes=\"auto, (max-width: 800px) 100vw, 800px\" \/><\/p>\n<h3>\u201cDestaco la mirada integral\u201d<\/h3>\n<p>\u201cLa presentaci\u00f3n de este programa es un punto muy importante en cuanto a la mirada local y regional. <strong>Necesitamos desde la Provincia que quienes est\u00e1n al frente de los distintos municipios comprendan la importancia del arbolado p\u00fablico y de la forestaci\u00f3n\u201d<\/strong> expres\u00f3 el ministro<strong> Javier Rodr\u00edguez<\/strong> a su turno. En sus cuatro a\u00f1os de gesti\u00f3n, el Ministerio ha entregado 70 mil \u00e1rboles para arbolado p\u00fablico y brinda capacitaci\u00f3n para 40 municipios.<\/p>\n<blockquote><p>Valor\u00f3 los tres puntos centrales de trabajo que se traz\u00f3 la Municipalidad y agreg\u00f3 que \u201clo m\u00e1s importante es la existencia de una mirada integral acerca de que hay que fortalecer el arbolado p\u00fablico y la forestaci\u00f3n\u201d. Javier Rodr\u00edguez se\u00f1al\u00f3 que \u201ctambi\u00e9n tiene que ver con la calidad de vida, una mejor condici\u00f3n del arbolado p\u00fablico mejora el h\u00e1bitat de manera generalizada\u201d.<\/p><\/blockquote>\n<p><img data-recalc-dims=\"1\" loading=\"lazy\" decoding=\"async\" class=\"size-full wp-image-115461 aligncenter\" src=\"https:\/\/i0.wp.com\/cdnoticias.com\/wp-content\/uploads\/2024\/05\/arbolado-ministro-javier-rodriguez-05.jpg?resize=800%2C445&#038;ssl=1\" alt=\"\" width=\"800\" height=\"445\" srcset=\"https:\/\/i0.wp.com\/cdnoticias.com\/wp-content\/uploads\/2024\/05\/arbolado-ministro-javier-rodriguez-05.jpg?w=1000&amp;ssl=1 1000w, https:\/\/i0.wp.com\/cdnoticias.com\/wp-content\/uploads\/2024\/05\/arbolado-ministro-javier-rodriguez-05.jpg?resize=300%2C167&amp;ssl=1 300w, https:\/\/i0.wp.com\/cdnoticias.com\/wp-content\/uploads\/2024\/05\/arbolado-ministro-javier-rodriguez-05.jpg?resize=768%2C427&amp;ssl=1 768w, https:\/\/i0.wp.com\/cdnoticias.com\/wp-content\/uploads\/2024\/05\/arbolado-ministro-javier-rodriguez-05.jpg?resize=800%2C445&amp;ssl=1 800w\" sizes=\"auto, (max-width: 800px) 100vw, 800px\" \/><\/p>\n<p><img data-recalc-dims=\"1\" loading=\"lazy\" decoding=\"async\" class=\"size-full wp-image-115463 aligncenter\" src=\"https:\/\/i0.wp.com\/cdnoticias.com\/wp-content\/uploads\/2024\/05\/arbolado-ministro-javier-rodriguez-07.jpg?resize=800%2C445&#038;ssl=1\" alt=\"\" width=\"800\" height=\"445\" srcset=\"https:\/\/i0.wp.com\/cdnoticias.com\/wp-content\/uploads\/2024\/05\/arbolado-ministro-javier-rodriguez-07.jpg?w=1000&amp;ssl=1 1000w, https:\/\/i0.wp.com\/cdnoticias.com\/wp-content\/uploads\/2024\/05\/arbolado-ministro-javier-rodriguez-07.jpg?resize=300%2C167&amp;ssl=1 300w, https:\/\/i0.wp.com\/cdnoticias.com\/wp-content\/uploads\/2024\/05\/arbolado-ministro-javier-rodriguez-07.jpg?resize=768%2C427&amp;ssl=1 768w, https:\/\/i0.wp.com\/cdnoticias.com\/wp-content\/uploads\/2024\/05\/arbolado-ministro-javier-rodriguez-07.jpg?resize=800%2C445&amp;ssl=1 800w\" sizes=\"auto, (max-width: 800px) 100vw, 800px\" \/><\/p>\n<p><strong>\u201cUno puede decirlo de manera r\u00e1pida \u00b4qu\u00e9 lindo que queda el \u00e1rbol\u00b4. Tambi\u00e9n hay que entender es que atr\u00e1s de eso hay un mont\u00f3n de cuestiones\u201d<\/strong> expuso para referirse a que \u201cun plan tiene que tener en cuenta<strong> cu\u00e1les son las especies arb\u00f3reas que mejor se adaptan a Olavarr\u00eda\u201d<\/strong>. \u201cHay atr\u00e1s un<strong> conocimiento t\u00e9cnico<\/strong> que se tiene que aplicar en el cual nosotros venimos trabajando y <strong>asesorando al municipio<\/strong>. Adem\u00e1s, se trabaja tambi\u00e9n en una parte de la normativa vigente que en definitiva se\u00f1ala cu\u00e1les son las mejores especies, las mejores variedades para esta zona y para estas condiciones\u201d dijo.<\/p>\n<p>A\u00f1adi\u00f3 a esa l\u00ednea de \u201csaberes t\u00e9cnicos\u201d la necesidad de <strong>incorporar conocimientos sobre mantenimiento, cuidado y poda<\/strong>. \u201cPor eso para nosotros tambi\u00e9n es tan importante <strong>fortalecer las distintas capacidades que tienen los municipios en cuanto a las cuadrillas de poda<\/strong>. Trabajamos en la capacitaci\u00f3n del equipo que est\u00e1 a cargo y del equipo de calle\u201d.<\/p>\n<p>M\u00e1s adelante, el ministro se refiri\u00f3 a \u201cc\u00f3mo seguir este proceso de ampliaci\u00f3n del arbolado p\u00fablico. Por eso <strong>la importancia del vivero municipal<\/strong>, lo que va a permitir es que <strong>estas especies que consideraron que son aptas para la regi\u00f3n directamente se desarrollen ac\u00e1<\/strong> con lo cual van a tener todav\u00eda mejores condiciones\u201d. Inform\u00f3 que en los \u00faltimos a\u00f1os se han creado seis viveros municipales.<\/p>\n<p><img data-recalc-dims=\"1\" loading=\"lazy\" decoding=\"async\" class=\"size-full wp-image-115458 aligncenter\" src=\"https:\/\/i0.wp.com\/cdnoticias.com\/wp-content\/uploads\/2024\/05\/arbolado-ministro-javier-rodriguez-02.jpg?resize=800%2C445&#038;ssl=1\" alt=\"\" width=\"800\" height=\"445\" srcset=\"https:\/\/i0.wp.com\/cdnoticias.com\/wp-content\/uploads\/2024\/05\/arbolado-ministro-javier-rodriguez-02.jpg?w=1000&amp;ssl=1 1000w, https:\/\/i0.wp.com\/cdnoticias.com\/wp-content\/uploads\/2024\/05\/arbolado-ministro-javier-rodriguez-02.jpg?resize=300%2C167&amp;ssl=1 300w, https:\/\/i0.wp.com\/cdnoticias.com\/wp-content\/uploads\/2024\/05\/arbolado-ministro-javier-rodriguez-02.jpg?resize=768%2C427&amp;ssl=1 768w, https:\/\/i0.wp.com\/cdnoticias.com\/wp-content\/uploads\/2024\/05\/arbolado-ministro-javier-rodriguez-02.jpg?resize=800%2C445&amp;ssl=1 800w\" sizes=\"auto, (max-width: 800px) 100vw, 800px\" \/><\/p>\n<p><img data-recalc-dims=\"1\" loading=\"lazy\" decoding=\"async\" class=\"size-full wp-image-115455 aligncenter\" src=\"https:\/\/i0.wp.com\/cdnoticias.com\/wp-content\/uploads\/2024\/05\/arbolado-ministro-07-bernardo-baldino-belen-abraham.jpg?resize=800%2C445&#038;ssl=1\" alt=\"\" width=\"800\" height=\"445\" srcset=\"https:\/\/i0.wp.com\/cdnoticias.com\/wp-content\/uploads\/2024\/05\/arbolado-ministro-07-bernardo-baldino-belen-abraham.jpg?w=1000&amp;ssl=1 1000w, https:\/\/i0.wp.com\/cdnoticias.com\/wp-content\/uploads\/2024\/05\/arbolado-ministro-07-bernardo-baldino-belen-abraham.jpg?resize=300%2C167&amp;ssl=1 300w, https:\/\/i0.wp.com\/cdnoticias.com\/wp-content\/uploads\/2024\/05\/arbolado-ministro-07-bernardo-baldino-belen-abraham.jpg?resize=768%2C427&amp;ssl=1 768w, https:\/\/i0.wp.com\/cdnoticias.com\/wp-content\/uploads\/2024\/05\/arbolado-ministro-07-bernardo-baldino-belen-abraham.jpg?resize=800%2C445&amp;ssl=1 800w\" sizes=\"auto, (max-width: 800px) 100vw, 800px\" \/><\/p>\n<blockquote><p>\u201cDestaco la mirada integral. No es que solamente se hace una normativa o se entregan \u00e1rboles, sino que se piensa la importancia de la forestaci\u00f3n de manera integral. Un elemento fundamental es que todo se construye de manera colectiva\u201d defini\u00f3 el funcionario provincial sobre la gesti\u00f3n en Olavarr\u00eda. Valor\u00f3 \u201cque se den las instancias de participaci\u00f3n\u201d para que \u201cdespu\u00e9s no s\u00f3lo sean \u00e1rboles entregados sino \u00e1rboles que efectivamente crecieron y se desarrollaron porque atr\u00e1s de eso hab\u00eda tambi\u00e9n una explicaci\u00f3n de por qu\u00e9 era importante\u201d.<\/p><\/blockquote>\n<p>Durante el acto tambi\u00e9n se expresaron el subsecretario Bernardo Baldino y la concejala Bel\u00e9n Abraham quienes comentaron en detalle sobre el Plan Integral de Reconstrucci\u00f3n de Arbolado. El cierre fue con la entrega de los ejemplares y la citaci\u00f3n a quienes los recibieron para la capacitaci\u00f3n que se brindar\u00e1 el d\u00eda viernes.<\/p>\n","protected":false},"excerpt":{"rendered":"<p>Lo defini\u00f3 el ministro Javier Rodr\u00edguez en el acto junto al intendente Wesner. Recuperaci\u00f3n del arbolado perdido por las tormentas<\/p>\n","protected":false},"author":4,"featured_media":115460,"comment_status":"closed","ping_status":"closed","sticky":false,"template":"","format":"standard","meta":{"_jetpack_memberships_contains_paid_content":false,"footnotes":""},"categories":[5,1],"tags":[],"class_list":["post-115467","post","type-post","status-publish","format-standard","has-post-thumbnail","hentry","category-informacion-general","category-portada"],"jetpack_featured_media_url":"https:\/\/i0.wp.com\/cdnoticias.com\/wp-content\/uploads\/2024\/05\/arbolado-ministro-javier-rodriguez-04.jpg?fit=1000%2C556&ssl=1","jetpack_sharing_enabled":true,"_links":{"self":[{"href":"https:\/\/cdnoticias.com\/index.php\/wp-json\/wp\/v2\/posts\/115467","targetHints":{"allow":["GET"]}}],"collection":[{"href":"https:\/\/cdnoticias.com\/index.php\/wp-json\/wp\/v2\/posts"}],"about":[{"href":"https:\/\/cdnoticias.com\/index.php\/wp-json\/wp\/v2\/types\/post"}],"author":[{"embeddable":true,"href":"https:\/\/cdnoticias.com\/index.php\/wp-json\/wp\/v2\/users\/4"}],"replies":[{"embeddable":true,"href":"https:\/\/cdnoticias.com\/index.php\/wp-json\/wp\/v2\/comments?post=115467"}],"version-history":[{"count":0,"href":"https:\/\/cdnoticias.com\/index.php\/wp-json\/wp\/v2\/posts\/115467\/revisions"}],"wp:featuredmedia":[{"embeddable":true,"href":"https:\/\/cdnoticias.com\/index.php\/wp-json\/wp\/v2\/media\/115460"}],"wp:attachment":[{"href":"https:\/\/cdnoticias.com\/index.php\/wp-json\/wp\/v2\/media?parent=115467"}],"wp:term":[{"taxonomy":"category","embeddable":true,"href":"https:\/\/cdnoticias.com\/index.php\/wp-json\/wp\/v2\/categories?post=115467"},{"taxonomy":"post_tag","embeddable":true,"href":"https:\/\/cdnoticias.com\/index.php\/wp-json\/wp\/v2\/tags?post=115467"}],"curies":[{"name":"wp","href":"https:\/\/api.w.org\/{rel}","templated":true}]}}