{"id":115450,"date":"2024-05-06T13:34:02","date_gmt":"2024-05-06T16:34:02","guid":{"rendered":"https:\/\/cdnoticias.com\/?p=115450"},"modified":"2024-05-06T17:04:14","modified_gmt":"2024-05-06T20:04:14","slug":"plan-de-reconstruccion-de-arbolado-queremos-pensar-una-olavarria-con-mayor-forestacion","status":"publish","type":"post","link":"https:\/\/cdnoticias.com\/index.php\/2024\/05\/06\/plan-de-reconstruccion-de-arbolado-queremos-pensar-una-olavarria-con-mayor-forestacion\/","title":{"rendered":"Plan de Reconstrucci\u00f3n de Arbolado: \u201cqueremos pensar una Olavarr\u00eda con mayor forestaci\u00f3n\u201d"},"content":{"rendered":"\n<p>El intendente Maximiliano Wesner y el ministro de Desarrollo Agrario Javier Rodr\u00edguez encabezaron el acto de lanzamiento. Buscan fortalecer el arbolado urbano. <\/p>\n\n\n\n<hr class=\"wp-block-separator has-alpha-channel-opacity\"\/>\n\n\n\n<p>El<strong> intendente Maximiliano Wesner<\/strong> encabez\u00f3 la conferencia de presentaci\u00f3n del <strong>Plan Integral de Reconstrucci\u00f3n de Arbolado.<\/strong> La actividad cont\u00f3 con la presencia del <strong>ministro de Desarrollo Agrario Javier Rodr\u00edguez <\/strong>y se desarroll\u00f3 en la Casa del Bicentenario.<\/p>\n\n\n\n<p><\/p>\n\n\n\n<p>Participaron adem\u00e1s, el <strong>secretario de Desarrollo Gast\u00f3n Sarachu, el subsecretario de Desarrollo Econ\u00f3mico Bernardo Baldino y la concejal Bel\u00e9n Abraham.<\/strong><\/p>\n\n\n\n<p><\/p>\n\n\n\n<p>El intendente Wesner se\u00f1al\u00f3 que la intenci\u00f3n es <strong>\u201cpensar una Olavarr\u00eda con mayor forestaci\u00f3n\u201d<\/strong> y destac\u00f3 el trabajo realizado cuando a\u00fan no hab\u00edan asumido la gesti\u00f3n del Municipio con la entrega durante el mes de septiembre del a\u00f1o pasado de <a href=\"https:\/\/cdnoticias.com\/index.php\/2023\/09\/27\/wesner-propone-un-plan-de-forestacion-queremos-una-ciudad-mas-verde\/\" data-type=\"link\" data-id=\"https:\/\/cdnoticias.com\/index.php\/2023\/09\/27\/wesner-propone-un-plan-de-forestacion-queremos-una-ciudad-mas-verde\/\">1100 \u00e1rboles en el Club Racing.<\/a><\/p>\n\n\n\n<figure class=\"wp-block-image size-full\"><img data-recalc-dims=\"1\" loading=\"lazy\" decoding=\"async\" width=\"800\" height=\"445\" src=\"https:\/\/i0.wp.com\/cdnoticias.com\/wp-content\/uploads\/2024\/05\/arbolado-ministro-javier-rodriguez-01.jpg?resize=800%2C445&#038;ssl=1\" alt=\"\" class=\"wp-image-115457\" srcset=\"https:\/\/i0.wp.com\/cdnoticias.com\/wp-content\/uploads\/2024\/05\/arbolado-ministro-javier-rodriguez-01.jpg?w=1000&amp;ssl=1 1000w, https:\/\/i0.wp.com\/cdnoticias.com\/wp-content\/uploads\/2024\/05\/arbolado-ministro-javier-rodriguez-01.jpg?resize=300%2C167&amp;ssl=1 300w, https:\/\/i0.wp.com\/cdnoticias.com\/wp-content\/uploads\/2024\/05\/arbolado-ministro-javier-rodriguez-01.jpg?resize=768%2C427&amp;ssl=1 768w, https:\/\/i0.wp.com\/cdnoticias.com\/wp-content\/uploads\/2024\/05\/arbolado-ministro-javier-rodriguez-01.jpg?resize=800%2C445&amp;ssl=1 800w\" sizes=\"auto, (max-width: 800px) 100vw, 800px\" \/><\/figure>\n\n\n\n<p>A su vez, el jefe comunal resalt\u00f3 que <strong>\u201cno acompa\u00f1\u00f3 el clima para plantar los 50 \u00e1rboles en el sendero del parque Helios Eseverri, pero s\u00ed pudimos entregar 100 \u00e1rboles a diferentes instituciones educativas<\/strong>\u201d.<\/p>\n\n\n\n<p><\/p>\n\n\n\n<p>Por su parte, el ministro Rodr\u00edguez hizo hincapi\u00e9 en \u201cla importancia del fortalecimiento del arbolado urbano en cada uno de los municipios\u201d y mencion\u00f3 positivamente las distintas <strong>capacitaciones<\/strong> que se realizan. \u201cSabemos que hay una necesidad muy grande en cada uno de los distritos. <strong>Venimos trabajando en las distintas \u00e1reas de arbolado urbano en unos cuarenta municipios con una entrega de unos 70 mil \u00e1rboles<\/strong>\u201d.<\/p>\n\n\n\n<p><\/p>\n\n\n\n<p>En ese sentido, Rodr\u00edguez puntualiz\u00f3 que \u201cparte de lo que se empieza a trabajar es precisamente en identificar <strong>cu\u00e1l es la necesidad de \u00e1rboles que hay en Olavarr\u00eda. <\/strong>El primer trabajo es empezar a conocer esto y es lo que se est\u00e1 trabajando de manera articulada en este plan integral\u201d.<\/p>\n\n\n\n<figure class=\"wp-block-image size-full\"><img data-recalc-dims=\"1\" loading=\"lazy\" decoding=\"async\" width=\"800\" height=\"445\" src=\"https:\/\/i0.wp.com\/cdnoticias.com\/wp-content\/uploads\/2024\/05\/javier-rodriguez-01.jpg?resize=800%2C445&#038;ssl=1\" alt=\"\" class=\"wp-image-115453\" srcset=\"https:\/\/i0.wp.com\/cdnoticias.com\/wp-content\/uploads\/2024\/05\/javier-rodriguez-01.jpg?w=1000&amp;ssl=1 1000w, https:\/\/i0.wp.com\/cdnoticias.com\/wp-content\/uploads\/2024\/05\/javier-rodriguez-01.jpg?resize=300%2C167&amp;ssl=1 300w, https:\/\/i0.wp.com\/cdnoticias.com\/wp-content\/uploads\/2024\/05\/javier-rodriguez-01.jpg?resize=768%2C427&amp;ssl=1 768w, https:\/\/i0.wp.com\/cdnoticias.com\/wp-content\/uploads\/2024\/05\/javier-rodriguez-01.jpg?resize=800%2C445&amp;ssl=1 800w\" sizes=\"auto, (max-width: 800px) 100vw, 800px\" \/><\/figure>\n\n\n\n<p>Se\u00f1al\u00f3 que \u201cen parte arrancamos<strong> cubriendo y trabajando para reparar los da\u00f1os que se sufrieron en la tormenta de la primera quincena de diciembre\u201d<\/strong> y destac\u00f3 \u201cuna mirada atenta a estos temas\u201d por parte del Municipio.<\/p>\n\n\n\n<p><\/p>\n\n\n\n<p>En ese sentido, afirm\u00f3 que \u201c<strong>estos programas los venimos ofreciendo desde que arrancamos la gesti\u00f3n, en diciembre de 2019<\/strong> y bueno, encontramos en el actual intendente el inter\u00e9s para que esto se desarrolle\u201d.<\/p>\n\n\n\n<p><\/p>\n\n\n\n<p>\u201cEn otros casos, bueno, no hay una mirada que considere a este como uno de los temas importantes, por supuesto, a nosotros nos parece un error\u201d, agreg\u00f3 el ministro.<\/p>\n\n\n\n<figure class=\"wp-block-image size-full\"><img data-recalc-dims=\"1\" loading=\"lazy\" decoding=\"async\" width=\"800\" height=\"445\" src=\"https:\/\/i0.wp.com\/cdnoticias.com\/wp-content\/uploads\/2024\/05\/arbolado-ministro-javier-rodriguez-04.jpg?resize=800%2C445&#038;ssl=1\" alt=\"\" class=\"wp-image-115460\" srcset=\"https:\/\/i0.wp.com\/cdnoticias.com\/wp-content\/uploads\/2024\/05\/arbolado-ministro-javier-rodriguez-04.jpg?w=1000&amp;ssl=1 1000w, https:\/\/i0.wp.com\/cdnoticias.com\/wp-content\/uploads\/2024\/05\/arbolado-ministro-javier-rodriguez-04.jpg?resize=300%2C167&amp;ssl=1 300w, https:\/\/i0.wp.com\/cdnoticias.com\/wp-content\/uploads\/2024\/05\/arbolado-ministro-javier-rodriguez-04.jpg?resize=768%2C427&amp;ssl=1 768w, https:\/\/i0.wp.com\/cdnoticias.com\/wp-content\/uploads\/2024\/05\/arbolado-ministro-javier-rodriguez-04.jpg?resize=800%2C445&amp;ssl=1 800w\" sizes=\"auto, (max-width: 800px) 100vw, 800px\" \/><\/figure>\n\n\n\n<p>Indic\u00f3 que la cuesti\u00f3n del arbolado urbano requiere de mucha <strong>planificaci\u00f3n<\/strong> y es por eso que \u201cvaloramos mucho la decisi\u00f3n de que el vivero municipal cuente con un <strong>\u00e1rea espec\u00edfica de especies vinculadas a la forestaci\u00f3n y a los bosques urbanos<\/strong> porque es lo que va a permitir una entrega todav\u00eda mayor de \u00e1rboles.<\/p>\n\n\n\n<p><\/p>\n\n\n\n<p>Por \u00faltimo, mencion\u00f3 la <strong>presencia de distintas instituciones educativas<\/strong> y \u201cla importancia de concientizar acerca del rol que tienen los \u00e1rboles, el cuidado del ambiente en la mejora de las condiciones de vida\u201d.<\/p>\n","protected":false},"excerpt":{"rendered":"<p>El intendente Maximiliano Wesner y el ministro de Desarrollo Agrario Javier Rodr\u00edguez encabezaron el acto de lanzamiento. Buscan fortalecer el<\/p>\n","protected":false},"author":2,"featured_media":115456,"comment_status":"closed","ping_status":"closed","sticky":false,"template":"","format":"standard","meta":{"_jetpack_memberships_contains_paid_content":false,"footnotes":""},"categories":[5,1],"tags":[],"class_list":["post-115450","post","type-post","status-publish","format-standard","has-post-thumbnail","hentry","category-informacion-general","category-portada"],"jetpack_featured_media_url":"https:\/\/i0.wp.com\/cdnoticias.com\/wp-content\/uploads\/2024\/05\/arbolado-ministro-javier-rodriguez-00.jpg?fit=1000%2C556&ssl=1","jetpack_sharing_enabled":true,"_links":{"self":[{"href":"https:\/\/cdnoticias.com\/index.php\/wp-json\/wp\/v2\/posts\/115450","targetHints":{"allow":["GET"]}}],"collection":[{"href":"https:\/\/cdnoticias.com\/index.php\/wp-json\/wp\/v2\/posts"}],"about":[{"href":"https:\/\/cdnoticias.com\/index.php\/wp-json\/wp\/v2\/types\/post"}],"author":[{"embeddable":true,"href":"https:\/\/cdnoticias.com\/index.php\/wp-json\/wp\/v2\/users\/2"}],"replies":[{"embeddable":true,"href":"https:\/\/cdnoticias.com\/index.php\/wp-json\/wp\/v2\/comments?post=115450"}],"version-history":[{"count":0,"href":"https:\/\/cdnoticias.com\/index.php\/wp-json\/wp\/v2\/posts\/115450\/revisions"}],"wp:featuredmedia":[{"embeddable":true,"href":"https:\/\/cdnoticias.com\/index.php\/wp-json\/wp\/v2\/media\/115456"}],"wp:attachment":[{"href":"https:\/\/cdnoticias.com\/index.php\/wp-json\/wp\/v2\/media?parent=115450"}],"wp:term":[{"taxonomy":"category","embeddable":true,"href":"https:\/\/cdnoticias.com\/index.php\/wp-json\/wp\/v2\/categories?post=115450"},{"taxonomy":"post_tag","embeddable":true,"href":"https:\/\/cdnoticias.com\/index.php\/wp-json\/wp\/v2\/tags?post=115450"}],"curies":[{"name":"wp","href":"https:\/\/api.w.org\/{rel}","templated":true}]}}