{"id":115439,"date":"2024-05-06T11:13:17","date_gmt":"2024-05-06T14:13:17","guid":{"rendered":"https:\/\/cdnoticias.com\/?p=115439"},"modified":"2024-05-06T13:34:23","modified_gmt":"2024-05-06T16:34:23","slug":"primera-campana-de-recoleccion-de-basura-electronica-del-ano-en-olavarria","status":"publish","type":"post","link":"https:\/\/cdnoticias.com\/index.php\/2024\/05\/06\/primera-campana-de-recoleccion-de-basura-electronica-del-ano-en-olavarria\/","title":{"rendered":"Primera campa\u00f1a de recolecci\u00f3n de basura electr\u00f3nica del a\u00f1o en Olavarr\u00eda"},"content":{"rendered":"\n<p>Ser\u00e1 el 17 de mayo en el Parque Avellaneda. La actividad se enmarca en el D\u00eda Mundial del Reciclaje.<\/p>\n\n\n\n<hr class=\"wp-block-separator has-alpha-channel-opacity\"\/>\n\n\n\n<p>El pr\u00f3ximo <strong>viernes 17 de mayo<\/strong> se realizar\u00e1 una <strong>campa\u00f1a de recolecci\u00f3n de Residuos de Aparatos El\u00e9ctricos y Electr\u00f3nicos (RAEEs).<\/strong><\/p>\n\n\n\n<p><\/p>\n\n\n\n<p>Desde el Municipio, a trav\u00e9s de la Coordinaci\u00f3n de Ambiente de la secretar\u00eda de Desarrollo Econ\u00f3mico, se inform\u00f3 que se trata de la primera campa\u00f1a del 2024 y se llevar\u00e1 a cabo en<strong> Parque Avellaneda (Avellaneda y Santa Cruz, frente al barrio CECO), de 10:00 a 13:00 (se suspende en caso de lluvia).<\/strong><\/p>\n\n\n\n<p><\/p>\n\n\n\n<p>La actividad se enmarca en el<strong> D\u00eda Mundial del Reciclaje<\/strong>, que se celebra cada 17 de mayo. Se lleva adelante dentro del Programa DRTD (Disposici\u00f3n y Reutilizaci\u00f3n de Tecnolog\u00edas en Desuso) del Ministerio de Justicia de la Provincia, que tiene como objeto principal el reciclado de aquellos aparatos o equipos electr\u00f3nicos de consumo que est\u00e1n da\u00f1ados o ya no son utilizados, para mitigar de esta manera los da\u00f1os que producen estos residuos al ambiente.<\/p>\n\n\n\n<p><\/p>\n\n\n\n<blockquote class=\"wp-block-quote is-layout-flow wp-block-quote-is-layout-flow\">\n<p>Los residuos que se reciben son: computadoras, impresoras, monitores, celulares, televisores, centrales telef\u00f3nicas, routers, electrodom\u00e9sticos peque\u00f1os, radios, videoc\u00e1maras, relojes y videojuegos. No se recibir\u00e1n: heladeras, lavarropas, cocinas, lavavajillas, t\u00f3ner, bater\u00edas, pilas y l\u00e1mparas.<\/p>\n<\/blockquote>\n\n\n\n<p><\/p>\n\n\n\n<p>Para m\u00e1s informaci\u00f3n, comunicarse con la<strong> Coordinaci\u00f3n de Ambiente al tel\u00e9fono 422135\/95.<\/strong><\/p>\n","protected":false},"excerpt":{"rendered":"<p>Ser\u00e1 el 17 de mayo en el Parque Avellaneda. La actividad se enmarca en el D\u00eda Mundial del Reciclaje. El<\/p>\n","protected":false},"author":2,"featured_media":70009,"comment_status":"closed","ping_status":"closed","sticky":false,"template":"","format":"standard","meta":{"_jetpack_memberships_contains_paid_content":false,"footnotes":""},"categories":[5,1],"tags":[],"class_list":["post-115439","post","type-post","status-publish","format-standard","has-post-thumbnail","hentry","category-informacion-general","category-portada"],"jetpack_featured_media_url":"https:\/\/i0.wp.com\/cdnoticias.com\/wp-content\/uploads\/2022\/11\/DE-Campana-Basura-Electronica-1024x682-1.jpg?fit=1024%2C682&ssl=1","jetpack_sharing_enabled":true,"_links":{"self":[{"href":"https:\/\/cdnoticias.com\/index.php\/wp-json\/wp\/v2\/posts\/115439","targetHints":{"allow":["GET"]}}],"collection":[{"href":"https:\/\/cdnoticias.com\/index.php\/wp-json\/wp\/v2\/posts"}],"about":[{"href":"https:\/\/cdnoticias.com\/index.php\/wp-json\/wp\/v2\/types\/post"}],"author":[{"embeddable":true,"href":"https:\/\/cdnoticias.com\/index.php\/wp-json\/wp\/v2\/users\/2"}],"replies":[{"embeddable":true,"href":"https:\/\/cdnoticias.com\/index.php\/wp-json\/wp\/v2\/comments?post=115439"}],"version-history":[{"count":0,"href":"https:\/\/cdnoticias.com\/index.php\/wp-json\/wp\/v2\/posts\/115439\/revisions"}],"wp:featuredmedia":[{"embeddable":true,"href":"https:\/\/cdnoticias.com\/index.php\/wp-json\/wp\/v2\/media\/70009"}],"wp:attachment":[{"href":"https:\/\/cdnoticias.com\/index.php\/wp-json\/wp\/v2\/media?parent=115439"}],"wp:term":[{"taxonomy":"category","embeddable":true,"href":"https:\/\/cdnoticias.com\/index.php\/wp-json\/wp\/v2\/categories?post=115439"},{"taxonomy":"post_tag","embeddable":true,"href":"https:\/\/cdnoticias.com\/index.php\/wp-json\/wp\/v2\/tags?post=115439"}],"curies":[{"name":"wp","href":"https:\/\/api.w.org\/{rel}","templated":true}]}}