{"id":115436,"date":"2024-05-06T12:31:28","date_gmt":"2024-05-06T15:31:28","guid":{"rendered":"https:\/\/cdnoticias.com\/?p=115436"},"modified":"2024-05-06T18:31:22","modified_gmt":"2024-05-06T21:31:22","slug":"habia-sido-detenido-en-colonia-hinojo-y-ahora-lo-condenaron-en-azul","status":"publish","type":"post","link":"https:\/\/cdnoticias.com\/index.php\/2024\/05\/06\/habia-sido-detenido-en-colonia-hinojo-y-ahora-lo-condenaron-en-azul\/","title":{"rendered":"Hab\u00eda sido detenido en Colonia Hinojo y ahora lo condenaron en Azul"},"content":{"rendered":"<p>Apodado \u201cChingolo\u201d, de 31 a\u00f1os, fue condenado a 5 a\u00f1os y medio de prisi\u00f3n por robos y violencia de g\u00e9nero.<!--more--><\/p>\n<hr \/>\n<p>Un <strong>vecino de Azul<\/strong> fue <strong>condenado por varios robos y un caso de violencia de g\u00e9nero<\/strong>: hab\u00eda sido <strong>detenido hace un a\u00f1o en Colonia Hinojo<\/strong>, donde <a href=\"https:\/\/cdnoticias.com\/index.php\/2023\/04\/29\/detuvieron-por-robo-a-un-hombre-en-colonia-hinojo\/\" target=\"_blank\" rel=\"noopener\">la Polic\u00eda lo busc\u00f3 tras establecer que all\u00ed ten\u00eda familiares.<\/a><\/p>\n<blockquote><p>Tras un juicio abreviado el Tribunal Oral en lo Criminal n\u00famero 2 de Azul dict\u00f3 la condena a cinco a\u00f1os y seis meses de prisi\u00f3n contra Carlos Omar Moreno, apodado &#8220;Chingolo&#8221; y de 31 a\u00f1os de edad. Sigue privado de la libertad en la Unidad Penal 7.<\/p><\/blockquote>\n<p>Moreno <strong>hab\u00eda sido detenido en Colonia Hinojo el 27 de abril del a\u00f1o pasado<\/strong>. En ese momento lo buscaban por<strong> tres robos<\/strong> que -seg\u00fan qued\u00f3 demostrado en este juicio- hab\u00eda cometido en Azul durante los primeros d\u00edas del mes de abril de 2023.<\/p>\n<h3>Los delitos imputados<\/h3>\n<p>Uno de ellos, en complicidad con un joven, se produjo el <strong>9 de abril de 2023<\/strong>, cuando el ahora condenado en esta primera instancia y el coimputado que tuvo esa causa penal<strong> ingresaron a un taller mec\u00e1nico que est\u00e1 en Ruta 3 y Corrientes<\/strong>, lugar de donde fueron <strong>sustra\u00eddas diferentes herramientas<\/strong> propiedad del damnificado por lo sucedido.<\/p>\n<p>En este juicio abreviado Moreno result\u00f3 condenado tambi\u00e9n por dos robos m\u00e1s que datan de abril del a\u00f1o anterior.<\/p>\n<p>El d\u00eda 10 de ese mes, en horas de la tarde y aprovechando que sus moradores no estaban, tras <strong>forzar la puerta principal del inmueble ingres\u00f3 a una casa situada sobre la calle Bogliano<\/strong>, en cercan\u00edas a las v\u00edas. Y de esa vivienda <strong>se llev\u00f3 una soldadora el\u00e9ctrica, un televisor y un mini torno<\/strong>.<\/p>\n<p>En tanto, el 4 de abril de 2023, tras saltar un pared\u00f3n de dos metros de alto, <strong>ingres\u00f3 a una Iglesia Evang\u00e9lica situada sobre la Calle 62<\/strong> de Villa Piazza Centro, lugar de donde -tras forzar la ventana de un sal\u00f3n- <strong>rob\u00f3 un freezer, un ventilador de pie, una pava el\u00e9ctrica, un colch\u00f3n y doce vasos de vidrio<\/strong>.<\/p>\n<h3>M\u00e1s acusaciones<\/h3>\n<p>En el fallo del juicio abreviado que finalizara con la condena para Carlos Omar Moreno se hizo referencia a <strong>m\u00e1s causas penales por las que fue sentenciado<\/strong> a esos cinco a\u00f1os y medio de prisi\u00f3n.<\/p>\n<p>El sumario principal tratado en este proceso, que cont\u00f3 con la intervenci\u00f3n de la jueza Alejandra Raverta, se relaciona con un hecho sucedido el <strong>29 de enero de 2021 en el Dep\u00f3sito Judicial de Azul<\/strong> que est\u00e1 en el Parque Industrial I, cuyo ingreso principal es por Avenida Mujica.<\/p>\n<p>Seg\u00fan lo se\u00f1alado en el fallo, aquel d\u00eda en horas de la tarde Moreno, al menos cinco varones m\u00e1s y una menor de edad ingresaron con fines de robo a dicho predio, tras cortar con una pinza los hilos del alambrado perimetral que da a la calle Guiraut.<\/p>\n<p>Una vez en el interior del Dep\u00f3sito Judicial, el ahora condenado y los dem\u00e1s implicados en este hecho <strong>se apoderaron ileg\u00edtimamente de cuatro ruedas de un auto Renault Cl\u00edo e intentaron hacer lo propio con una m\u00e1s<\/strong>, perteneciente a un Fiat Duna que tambi\u00e9n estaba en ese predio.<\/p>\n<p>A esa otra la hab\u00edan dejado cerca del<strong> boquete que hicieron en el alambrado<\/strong> para ingresar al Dep\u00f3sito Judicial; pero la intervenci\u00f3n de un polic\u00eda que estaba en el lugar evit\u00f3 que se llevaran las ruedas y que dos de ellos, entre quienes estaba el ahora condenado en este juicio abreviado, resultaran aprehendidos.<\/p>\n<p>El azule\u00f1o fue declarado autor tambi\u00e9n en este proceso de un <strong>robo en una casa en construcci\u00f3n, hecho sucedido &#8220;entre los d\u00edas 12 y 13 de julio del a\u00f1o 2020&#8221;<\/strong>.<br \/>\nEn lo resuelto se menciona que Moreno, previo escalar &#8220;un pared\u00f3n perimetral&#8221; de m\u00e1s de dos metros de alto, ingres\u00f3 a esa propiedad -ubicada en Villa Piazza Norte, sobre Tandil entre Calle 62 y Calle 63- para<strong> llevarse tres aberturas de aluminio, los pa\u00f1os corredizos con sus vidrios que estaban colocados en esas ventanas, una bomba centr\u00edfuga de termofusi\u00f3n y dos cajas de cer\u00e1micos<\/strong>.<\/p>\n<p>En tanto, otra causa acumulada que deriv\u00f3 tambi\u00e9n en que el azule\u00f1o resultara condenado en este proceso abreviado se relaciona con un hecho sucedido <strong>entre el 31 de julio y el 19 de septiembre de 2021<\/strong>, cuando recibi\u00f3 -&#8220;a sabiendas de su procedencia il\u00edcita&#8221;- <strong>una moto Zanella de 150 CC<\/strong>, la cual hab\u00eda sido sustra\u00edda de un inmueble de Azul.<\/p>\n<p>El rodado fue hurtado de una vivienda ubicada sobre la calle Las Flores, il\u00edcito del cual Moreno &#8220;no particip\u00f3&#8221;, puede leerse en el fallo.<\/p>\n<p>A todos esos episodios delictivos que derivaron en la condena para el encausado se sum\u00f3 otra causa penal que registraba y tambi\u00e9n fue tratada en este juicio. Un sumario relacionado con un <strong>caso de violencia de g\u00e9nero<\/strong>.<\/p>\n<p>Ese hecho hab\u00eda sucedido en horas de la noche del <strong>5 de agosto de 2021<\/strong>, cuando en la vivienda donde Moreno se domiciliaba en Azul <strong>&#8220;agredi\u00f3 f\u00edsicamente a su pareja&#8221;<\/strong>.<\/p>\n<p>A la v\u00edctima la empuj\u00f3 contra una cama, la tom\u00f3 de los pelos y la golpe\u00f3 en la cabeza y sus antebrazos. Y cuando la joven intent\u00f3 retirarse de esa vivienda, el agresor volvi\u00f3 a atacarla. En esa segunda ocasi\u00f3n, al arrojarla nuevamente en la cama, tomarla del cuello, romperle su tel\u00e9fono celular y luego golpearla mediante un cabezazo que impact\u00f3 en su ojo izquierdo, provoc\u00e1ndole -en ese contexto de violencia de g\u00e9nero en que aquel hecho se produjo- diferentes lesiones que despu\u00e9s, cuando la v\u00edctima fue revisada por un m\u00e9dico, hab\u00edan sido consideradas como &#8220;de car\u00e1cter leve&#8221;.<\/p>\n<blockquote><p>Los hechos mencionados quedaron definidos por los siguientes delitos: robo agravado por su comisi\u00f3n en lugar poblado y en banda y por la participaci\u00f3n de un menor de edad; robo agravado por escalamiento; robo simple (dos hechos); robo agravado por escalamiento en concurso real; encubrimiento; y lesiones leves agravadas y da\u00f1o, en concurso real. Y todos esos il\u00edcitos fueron considerados como cometidos por el encausado &#8220;en concurso real de acciones&#8221;, seg\u00fan se menciona tambi\u00e9n en lo resuelto.<\/p><\/blockquote>\n<h3>El dato<\/h3>\n<p>El monto de la pena impuesta al azule\u00f1o por la Jueza que intervino en este proceso abreviado fue el mismo que las partes, que estuvieron representadas por la <strong>fiscal Karina Gennuso y la defensora Oficial Mariana Mocciaro<\/strong>, hab\u00edan acordado. Y s\u00f3lo se valor\u00f3 para el declarado autor de todos estos episodios una <strong>circunstancia de tipo agravante: &#8220;la extensi\u00f3n del da\u00f1o causado&#8221; por los il\u00edcitos que cometiera<\/strong>.<\/p>\n<p>Fuente: <em>Diario El Tiempo<\/em><\/p>\n<blockquote class=\"wp-embedded-content\" data-secret=\"jqbVpvT30v\"><p><a href=\"https:\/\/cdnoticias.com\/index.php\/2023\/04\/29\/detuvieron-por-robo-a-un-hombre-en-colonia-hinojo\/\">Detuvieron por robo a un hombre en Colonia Hinojo<\/a><\/p><\/blockquote>\n<p><iframe loading=\"lazy\" class=\"wp-embedded-content\" sandbox=\"allow-scripts\" security=\"restricted\" style=\"position: absolute; clip: rect(1px, 1px, 1px, 1px);\" title=\"&#8220;Detuvieron por robo a un hombre en Colonia Hinojo&#8221; &#8212; Central de Noticias | Olavarr\u00eda\" src=\"https:\/\/cdnoticias.com\/index.php\/2023\/04\/29\/detuvieron-por-robo-a-un-hombre-en-colonia-hinojo\/embed\/#?secret=1Qka0O0SJ1#?secret=jqbVpvT30v\" data-secret=\"jqbVpvT30v\" width=\"600\" height=\"338\" frameborder=\"0\" marginwidth=\"0\" marginheight=\"0\" scrolling=\"no\"><\/iframe><\/p>\n","protected":false},"excerpt":{"rendered":"<p>Apodado \u201cChingolo\u201d, de 31 a\u00f1os, fue condenado a 5 a\u00f1os y medio de prisi\u00f3n por robos y violencia de g\u00e9nero.<\/p>\n","protected":false},"author":4,"featured_media":83729,"comment_status":"closed","ping_status":"closed","sticky":false,"template":"","format":"standard","meta":{"_jetpack_memberships_contains_paid_content":false,"footnotes":""},"categories":[14,1],"tags":[],"class_list":["post-115436","post","type-post","status-publish","format-standard","has-post-thumbnail","hentry","category-policiales","category-portada"],"jetpack_featured_media_url":"https:\/\/i0.wp.com\/cdnoticias.com\/wp-content\/uploads\/2023\/04\/WhatsApp-Image-2023-04-28-at-16.49.21-e1682737762504.jpeg?fit=960%2C537&ssl=1","jetpack_sharing_enabled":true,"_links":{"self":[{"href":"https:\/\/cdnoticias.com\/index.php\/wp-json\/wp\/v2\/posts\/115436","targetHints":{"allow":["GET"]}}],"collection":[{"href":"https:\/\/cdnoticias.com\/index.php\/wp-json\/wp\/v2\/posts"}],"about":[{"href":"https:\/\/cdnoticias.com\/index.php\/wp-json\/wp\/v2\/types\/post"}],"author":[{"embeddable":true,"href":"https:\/\/cdnoticias.com\/index.php\/wp-json\/wp\/v2\/users\/4"}],"replies":[{"embeddable":true,"href":"https:\/\/cdnoticias.com\/index.php\/wp-json\/wp\/v2\/comments?post=115436"}],"version-history":[{"count":0,"href":"https:\/\/cdnoticias.com\/index.php\/wp-json\/wp\/v2\/posts\/115436\/revisions"}],"wp:featuredmedia":[{"embeddable":true,"href":"https:\/\/cdnoticias.com\/index.php\/wp-json\/wp\/v2\/media\/83729"}],"wp:attachment":[{"href":"https:\/\/cdnoticias.com\/index.php\/wp-json\/wp\/v2\/media?parent=115436"}],"wp:term":[{"taxonomy":"category","embeddable":true,"href":"https:\/\/cdnoticias.com\/index.php\/wp-json\/wp\/v2\/categories?post=115436"},{"taxonomy":"post_tag","embeddable":true,"href":"https:\/\/cdnoticias.com\/index.php\/wp-json\/wp\/v2\/tags?post=115436"}],"curies":[{"name":"wp","href":"https:\/\/api.w.org\/{rel}","templated":true}]}}