{"id":115432,"date":"2024-05-06T10:00:51","date_gmt":"2024-05-06T13:00:51","guid":{"rendered":"https:\/\/cdnoticias.com\/?p=115432"},"modified":"2024-05-06T10:00:53","modified_gmt":"2024-05-06T13:00:53","slug":"dos-anos-de-prision-en-suspenso-para-una-exjueza-de-tandil-por-hechos-de-corrupcion","status":"publish","type":"post","link":"https:\/\/cdnoticias.com\/index.php\/2024\/05\/06\/dos-anos-de-prision-en-suspenso-para-una-exjueza-de-tandil-por-hechos-de-corrupcion\/","title":{"rendered":"Dos a\u00f1os de prisi\u00f3n en suspenso para una exjueza de Tandil por hechos de corrupci\u00f3n"},"content":{"rendered":"<p>Mabel Balbina Berkunsky, de 75 a\u00f1os y ya retirada de la funci\u00f3n p\u00fablica, fue condenada en un juicio abreviado. Utilizaba un veh\u00edculo oficial y a trabajadores a su cargo para diferentes tareas \u201cen provecho propio\u201d.<!--more--><\/p>\n<hr \/>\n<p>A trav\u00e9s de un decreto firmado por ella, <strong>el 27 de septiembre de 2017 Mar\u00eda Eugenia Vidal<\/strong> -por entonces Gobernadora de la Provincia de Buenos Aires- <strong>acept\u00f3 la renuncia que hab\u00eda presentado Mabel Balbina Berkunsky<\/strong> para acogerse al beneficio de la jubilaci\u00f3n. Hasta ese momento era la titular del<strong> Juzgado de Garant\u00edas del Joven del Fuero de Responsabilidad Penal Juvenil de Tandil<\/strong>, perteneciente al Departamento Judicial Azul.<\/p>\n<p>Durante su mandato, se convirti\u00f3 en la <strong>autora de varios episodios de corrupci\u00f3n<\/strong> por los cuales el jueves que pas\u00f3 fue <strong>condenada a dos a\u00f1os de prisi\u00f3n de ejecuci\u00f3n condicional<\/strong>.<\/p>\n<p>El fallo lleg\u00f3 tras un <strong>juicio abreviado<\/strong> ante el <strong>Tribunal Oral en lo Criminal n\u00famero 2 de Azul<\/strong> donde actu\u00f3 la<strong> jueza In\u00e9s Olmedo<\/strong> que adem\u00e1s impuso una <strong>&#8220;inhabilitaci\u00f3n absoluta perpetua&#8221; para ejercer cargos p\u00fablicos<\/strong>. En el proceso judicial intervinieron el <em>fiscal Marcelo Fern\u00e1ndez<\/em> y el <em>defensor Oficial Gustavo Emiliozzi<\/em>.<\/p>\n<blockquote><p>Berkunsky, de 75 a\u00f1os, fue declarada autora de cuatro hechos de peculado de bienes y servicios, los cuales cometiera \u201cen concurso real de acciones\u201d durante los a\u00f1os 2015 y 2016 \u201cen perjuicio del Poder Judicial de la Provincia de Buenos Aires\u201d, seg\u00fan puede leerse en lo resuelto.<\/p><\/blockquote>\n<h3>Cuatro hechos de \u201cpeculado\u201d<\/h3>\n<p>La Jueza Olmedo concluy\u00f3 que fueron <strong>cuatro hechos de peculado<\/strong> que la acusada cometi\u00f3 mientras en Tandil mientras estaba a cargo del Juzgado de Garant\u00edas del Joven.<\/p>\n<p>En el fallo se menciona que<strong> Berkunsky, \u201cen horario laboral, emple\u00f3 en provecho propio los servicios\u201d de uno de los empleados judiciales<\/strong> que ten\u00eda en aquella \u00e9poca a su cargo. Y que en car\u00e1cter de tal, a ese trabajador <strong>le hizo trasladar en un veh\u00edculo oficial -un utilitario Renault Kangoo que estaba asignado al Juzgado que ella conduc\u00eda- \u201cun aparato de microondas\u201d<\/strong>, propiedad de la por entonces magistrada, a un taller de electrodom\u00e9sticos para que fuera reparado.<\/p>\n<p>En el fallo se se\u00f1ala que otro de los hechos ocurri\u00f3 un d\u00eda s\u00e1bado, sin que haya podido precisarse con exactitud si fue a fines de 2015 o a principios del a\u00f1o siguiente. <strong>Berkunsky \u201cemple\u00f3 los servicios\u201d del mismo trabajador<\/strong> para que \u201cfuera del horario laboral\u201d y \u201ccon fines de provecho propio\u201d, utilizara el utilitario oficial asignado al Juzgado de Garant\u00edas del Joven a cargo de ella <strong>para que hiciera una mudanza de muebles \u201cen favor\u201d de su hija.<\/strong> Concretamente, desde la Ciudad Aut\u00f3noma de Buenos Aires a la de Tandil.<\/p>\n<p>Al mencionado empleado del Juzgado de Garant\u00edas del Joven y a otro m\u00e1s, en el marco del tercero de los hechos por los que fue condenada, <strong>Berkunsky les hac\u00eda hacer \u201ctr\u00e1mites particulares\u201d de ella<\/strong>. Y tambi\u00e9n durante los a\u00f1os 2015 y 2016, en ese contexto irregular ambos trabajadores del Poder Judicial <strong>sol\u00edan \u201cpagar servicios dom\u00e9sticos\u201d, iban a una obra social \u201ca retirar bonos de atenci\u00f3n m\u00e9dica\u201d<\/strong> para la por entonces Jueza y hasta se encargaron de<strong> inscribir a su hija \u201cen cursos de idiomas\u201d<\/strong> que se dictaban en la Universidad Nacional del Centro de la Provincia de Buenos Aires.<\/p>\n<p>El cuarto de los hechos por los que la abogada fue condenada tambi\u00e9n sucedido entre los a\u00f1os 2015 y 2016. Implic\u00f3 que<strong> \u201cen horario laboral\u201d empleara en reiteradas ocasiones a personal que estaba a su cargo en la Mesa de Entradas del Juzgado<\/strong>. En ese caso,<strong> \u201cpara que mensualmente se encargaran de la tarea de recibir el cobro a los inquilinos de sus propiedades\u201d<\/strong>.<\/p>\n<p>Esas personas, algo que al parecer era habitual, concurr\u00edan a la sede del Juzgado de Garant\u00edas del Joven de Tandil para pagarle los alquileres a Berkunsky. Y eran los empleados que ella ten\u00eda a su cargo en su car\u00e1cter de funcionaria p\u00fablica quienes se encargaban de <strong>\u201cgestionar el cobro y entregar los recibos correspondientes\u201d.<\/strong><\/p>\n<h3>&#8220;Tareas para su propio provecho&#8221;<\/h3>\n<p>Diferentes versiones de testigos incorporadas a lo que fue la tramitaci\u00f3n de este sumario penal sirvieron para dar por demostrada su autor\u00eda en los hechos mencionados.<\/p>\n<p>Adem\u00e1s de la instrucci\u00f3n de esa causa, una vez denunciada a Berkunsky se le iniciaron<strong> actuaciones administrativas desde la Subsecretaria de Control Disciplinario de la Suprema Corte de Justicia<\/strong> de la Provincia de Buenos Aires.<\/p>\n<blockquote><p>\u201cSe encuentra plenamente acreditado que la encartada era funcionaria p\u00fablica al momento de los hechos, teniendo bajo su cargo la custodia y administraci\u00f3n del auto oficial que le fuera otorgado por el Poder Judicial Provincial en virtud de su funci\u00f3n como Magistrada\u201d, concluy\u00f3 la jueza Olmedo en lo resuelto. &#8220;Asimismo en reiteradas oportunidades emple\u00f3 al personal judicial para efectuar tareas para su propio provecho&#8221; expres\u00f3 la jueza Olmedo para enumerar los delitos imputados.<\/p><\/blockquote>\n<p>A modo de conclusi\u00f3n sostuvo que <strong>&#8220;entiendo que ha quedado demostrada la materialidad delictiva y la participaci\u00f3n responsable de la acusada Mabel Balbina Berkunsky,<\/strong> de acuerdo a la imputaci\u00f3n que oportunamente formulara el Ministerio P\u00fablico Fiscal, acredit\u00e1ndose las conductas t\u00edpicas enrostradas de Peculado de Bienes -con relaci\u00f3n al primero de los hechos mencionados- y Peculado de Servicios&#8221; en los dem\u00e1s episodios se\u00f1alados.<\/p>\n<h3>La condena<\/h3>\n<p>Tal como sucede con personas imputadas que son condenadas a penas de prisi\u00f3n en suspenso, a la abogada tandilense <strong>le fueron fijadas tambi\u00e9n diferentes obligaciones, las cuales ahora debe cumplir por el t\u00e9rmino de dos a\u00f1os<\/strong> para que no le sea revocada la condicionalidad de la pena dictada en este proceso abreviado.<\/p>\n<p>De esa manera, tiene que <em>&#8220;fijar residencia y someterse al cuidado del Patronato de Liberados&#8221;, pauta de conducta que debe realizar &#8220;una vez cada tres meses&#8221;. Adem\u00e1s, no puede cometer &#8220;nuevos delitos&#8221;<\/em>.<\/p>\n<p>Al momento de imponer la sanci\u00f3n, se tuvo en cuenta que la acusada <em>no registra antecedentes penales<\/em>.<\/p>\n<p>Fuente: <em>Diario El Tiempo<\/em><\/p>\n<p>Foto: <em>El Eco<\/em><\/p>\n","protected":false},"excerpt":{"rendered":"<p>Mabel Balbina Berkunsky, de 75 a\u00f1os y ya retirada de la funci\u00f3n p\u00fablica, fue condenada en un juicio abreviado. Utilizaba<\/p>\n","protected":false},"author":4,"featured_media":115433,"comment_status":"closed","ping_status":"closed","sticky":false,"template":"","format":"standard","meta":{"_jetpack_memberships_contains_paid_content":false,"footnotes":""},"categories":[6,1],"tags":[],"class_list":["post-115432","post","type-post","status-publish","format-standard","has-post-thumbnail","hentry","category-nacionales","category-portada"],"jetpack_featured_media_url":"https:\/\/i0.wp.com\/cdnoticias.com\/wp-content\/uploads\/2024\/05\/El-Eco-Mabel-Berkunsky.jpeg?fit=948%2C533&ssl=1","jetpack_sharing_enabled":true,"_links":{"self":[{"href":"https:\/\/cdnoticias.com\/index.php\/wp-json\/wp\/v2\/posts\/115432","targetHints":{"allow":["GET"]}}],"collection":[{"href":"https:\/\/cdnoticias.com\/index.php\/wp-json\/wp\/v2\/posts"}],"about":[{"href":"https:\/\/cdnoticias.com\/index.php\/wp-json\/wp\/v2\/types\/post"}],"author":[{"embeddable":true,"href":"https:\/\/cdnoticias.com\/index.php\/wp-json\/wp\/v2\/users\/4"}],"replies":[{"embeddable":true,"href":"https:\/\/cdnoticias.com\/index.php\/wp-json\/wp\/v2\/comments?post=115432"}],"version-history":[{"count":0,"href":"https:\/\/cdnoticias.com\/index.php\/wp-json\/wp\/v2\/posts\/115432\/revisions"}],"wp:featuredmedia":[{"embeddable":true,"href":"https:\/\/cdnoticias.com\/index.php\/wp-json\/wp\/v2\/media\/115433"}],"wp:attachment":[{"href":"https:\/\/cdnoticias.com\/index.php\/wp-json\/wp\/v2\/media?parent=115432"}],"wp:term":[{"taxonomy":"category","embeddable":true,"href":"https:\/\/cdnoticias.com\/index.php\/wp-json\/wp\/v2\/categories?post=115432"},{"taxonomy":"post_tag","embeddable":true,"href":"https:\/\/cdnoticias.com\/index.php\/wp-json\/wp\/v2\/tags?post=115432"}],"curies":[{"name":"wp","href":"https:\/\/api.w.org\/{rel}","templated":true}]}}