{"id":115430,"date":"2024-05-06T08:57:29","date_gmt":"2024-05-06T11:57:29","guid":{"rendered":"https:\/\/cdnoticias.com\/?p=115430"},"modified":"2024-05-06T11:26:08","modified_gmt":"2024-05-06T14:26:08","slug":"un-corte-de-luz-afecta-a-loma-negra-y-el-sector-rural","status":"publish","type":"post","link":"https:\/\/cdnoticias.com\/index.php\/2024\/05\/06\/un-corte-de-luz-afecta-a-loma-negra-y-el-sector-rural\/","title":{"rendered":"Un corte de luz afecta a Loma Negra y el sector rural"},"content":{"rendered":"\n<p>Fue a ra\u00edz de la salida de servicio de una l\u00ednea de media tensi\u00f3n. Personal de Coopelectric trabaja para normalizar el suministro de energ\u00eda el\u00e9ctrica.<\/p>\n\n\n\n<hr class=\"wp-block-separator has-alpha-channel-opacity\"\/>\n\n\n\n<p>Durante la ma\u00f1ana de este lunes se produjo la salida de servicio de la <strong>l\u00ednea de media tensi\u00f3n N\u00b0 4.<\/strong><\/p>\n\n\n\n<p><\/p>\n\n\n\n<blockquote class=\"wp-block-quote is-layout-flow wp-block-quote-is-layout-flow\">\n<p>Esta situaci\u00f3n provoc\u00f3 la interrupci\u00f3n del suministro en el Parque Industrial Los Fresnos, la localidad de Loma Negra, Villa Laclau, San Jacinto y el alimentador rural de Santa Luisa que incluye Kochi Tue, Villa Mi Serran\u00eda, Santa Luisa, El Luchador, Dura\u00f1ona y 16 de Julio.<\/p>\n<\/blockquote>\n\n\n\n<p><\/p>\n\n\n\n<p>Seg\u00fan se inform\u00f3 desde Coopelectric, personal de la cooperativa <strong>se encuentra trabajando en el sector afectado para poder normalizar el servicio.<\/strong><\/p>\n","protected":false},"excerpt":{"rendered":"<p>Fue a ra\u00edz de la salida de servicio de una l\u00ednea de media tensi\u00f3n. Personal de Coopelectric trabaja para normalizar<\/p>\n","protected":false},"author":2,"featured_media":41402,"comment_status":"closed","ping_status":"closed","sticky":false,"template":"","format":"standard","meta":{"_jetpack_memberships_contains_paid_content":false,"footnotes":""},"categories":[5],"tags":[],"class_list":["post-115430","post","type-post","status-publish","format-standard","has-post-thumbnail","hentry","category-informacion-general"],"jetpack_featured_media_url":"https:\/\/i0.wp.com\/cdnoticias.com\/wp-content\/uploads\/2021\/12\/coopelectric-camion1.jpg?fit=1540%2C856&ssl=1","jetpack_sharing_enabled":true,"_links":{"self":[{"href":"https:\/\/cdnoticias.com\/index.php\/wp-json\/wp\/v2\/posts\/115430","targetHints":{"allow":["GET"]}}],"collection":[{"href":"https:\/\/cdnoticias.com\/index.php\/wp-json\/wp\/v2\/posts"}],"about":[{"href":"https:\/\/cdnoticias.com\/index.php\/wp-json\/wp\/v2\/types\/post"}],"author":[{"embeddable":true,"href":"https:\/\/cdnoticias.com\/index.php\/wp-json\/wp\/v2\/users\/2"}],"replies":[{"embeddable":true,"href":"https:\/\/cdnoticias.com\/index.php\/wp-json\/wp\/v2\/comments?post=115430"}],"version-history":[{"count":0,"href":"https:\/\/cdnoticias.com\/index.php\/wp-json\/wp\/v2\/posts\/115430\/revisions"}],"wp:featuredmedia":[{"embeddable":true,"href":"https:\/\/cdnoticias.com\/index.php\/wp-json\/wp\/v2\/media\/41402"}],"wp:attachment":[{"href":"https:\/\/cdnoticias.com\/index.php\/wp-json\/wp\/v2\/media?parent=115430"}],"wp:term":[{"taxonomy":"category","embeddable":true,"href":"https:\/\/cdnoticias.com\/index.php\/wp-json\/wp\/v2\/categories?post=115430"},{"taxonomy":"post_tag","embeddable":true,"href":"https:\/\/cdnoticias.com\/index.php\/wp-json\/wp\/v2\/tags?post=115430"}],"curies":[{"name":"wp","href":"https:\/\/api.w.org\/{rel}","templated":true}]}}