{"id":115373,"date":"2024-05-05T10:17:48","date_gmt":"2024-05-05T13:17:48","guid":{"rendered":"https:\/\/cdnoticias.com\/?p=115373"},"modified":"2024-05-05T12:01:03","modified_gmt":"2024-05-05T15:01:03","slug":"wesner-en-el-congreso-de-salud-provincial","status":"publish","type":"post","link":"https:\/\/cdnoticias.com\/index.php\/2024\/05\/05\/wesner-en-el-congreso-de-salud-provincial\/","title":{"rendered":"Wesner, en el Congreso de Salud Provincial"},"content":{"rendered":"<p>El cierre estuvo a cargo del gobernador Kicillof quien sostuvo \u201clas prestaciones de la salud no pueden ser vistas como una mercanc\u00eda\u201d.<!--more--><\/p>\n<hr \/>\n<p>El viernes se desarroll\u00f3 la<strong> \u00faltima jornada del Congreso de Salud Provincial (CO.SA.PRO)<\/strong> en la ciudad de <strong>Mar del Plata<\/strong>. El cierre del encuentro que reuni\u00f3 a miles de participantes estuvo a cargo del<strong> gobernador Axel Kicillof<\/strong>, y tambi\u00e9n se concret\u00f3 una<strong> asamblea con intendentes de la que tom\u00f3 parte el intendente Maximiliano Wesner.<\/strong><\/p>\n<p>La <strong>asamblea anual del Congreso Provincial de Salud<\/strong> fue encabezada por el <strong>ministro de Salud Nicol\u00e1s Kreplak<\/strong>.<\/p>\n<blockquote><p>\u201cJunto a intendentes, intendentas, secretarios y secretarias de salud de toda la provincia compartimos experiencias y desaf\u00edos para seguir fortaleciendo el acceso y la atenci\u00f3n en salud p\u00fablica en Olavarr\u00eda y la regi\u00f3n\u201d afirm\u00f3 Wesner sobre su asistencia a la asamblea.<\/p><\/blockquote>\n<p><img data-recalc-dims=\"1\" loading=\"lazy\" decoding=\"async\" class=\"size-full wp-image-115375 aligncenter\" src=\"https:\/\/i0.wp.com\/cdnoticias.com\/wp-content\/uploads\/2024\/05\/congreso-provincial-de-salud-01.jpg?resize=800%2C445&#038;ssl=1\" alt=\"\" width=\"800\" height=\"445\" srcset=\"https:\/\/i0.wp.com\/cdnoticias.com\/wp-content\/uploads\/2024\/05\/congreso-provincial-de-salud-01.jpg?w=1000&amp;ssl=1 1000w, https:\/\/i0.wp.com\/cdnoticias.com\/wp-content\/uploads\/2024\/05\/congreso-provincial-de-salud-01.jpg?resize=300%2C167&amp;ssl=1 300w, https:\/\/i0.wp.com\/cdnoticias.com\/wp-content\/uploads\/2024\/05\/congreso-provincial-de-salud-01.jpg?resize=768%2C427&amp;ssl=1 768w, https:\/\/i0.wp.com\/cdnoticias.com\/wp-content\/uploads\/2024\/05\/congreso-provincial-de-salud-01.jpg?resize=800%2C445&amp;ssl=1 800w\" sizes=\"auto, (max-width: 800px) 100vw, 800px\" \/><\/p>\n<p>Cabe recordar que <a href=\"https:\/\/cdnoticias.com\/index.php\/2024\/04\/19\/olavarria-fue-sede-este-viernes-del-pre-congreso-provincial-de-salud\/\" target=\"_blank\" rel=\"noopener\">hace dos semanas Olavarr\u00eda fue sede del Pre-COSAPRO<\/a> que reuni\u00f3 a autoridades municipales y sanitarias de la Regi\u00f3n Sanitaria IX y convoc\u00f3 al ministro Kreplak.<\/p>\n<h3>El cierre<\/h3>\n<p>El <strong>gobernador Axel Kicillof<\/strong> encabez\u00f3 este viernes el <strong>cierre de la tercera edici\u00f3n del Congreso Provincial de Salud (CO.SA.PRO)<\/strong> en el NH Hotel Provincial de Mar del Plata, junto al ministro Nicol\u00e1s Kreplak y la dirigenta Fernanda Raverta.<\/p>\n<p>En ese marco, Kicillof destac\u00f3 que \u201cen este Congreso participaron <strong>miles de personas que est\u00e1n comprometidas con el objetivo de transformar la salud<\/strong> en la provincia de Buenos Aires\u201d. <strong>\u201cNo se puede llevar adelante este desaf\u00edo desde un escritorio<\/strong>, sin conocer y analizar los problemas de todos los d\u00edas: los \u00fanicos capaces de mejorar el sistema sanitario de forma permanente son sus trabajadores y trabajadoras\u201d, explic\u00f3.<\/p>\n<blockquote><p>Maximiliano Wesner asisti\u00f3 al acto de cierre y acerca de las palabras del mandatario provincial expres\u00f3 que \u201ccoincidimos con el gobernador en la necesidad de un Estado presente hoy m\u00e1s que nunca\u201d.<\/p><\/blockquote>\n<p><img data-recalc-dims=\"1\" loading=\"lazy\" decoding=\"async\" class=\"size-full wp-image-115374 aligncenter\" src=\"https:\/\/i0.wp.com\/cdnoticias.com\/wp-content\/uploads\/2024\/05\/congreso-provincial-de-salud-02-wesner.jpg?resize=800%2C445&#038;ssl=1\" alt=\"\" width=\"800\" height=\"445\" srcset=\"https:\/\/i0.wp.com\/cdnoticias.com\/wp-content\/uploads\/2024\/05\/congreso-provincial-de-salud-02-wesner.jpg?w=1000&amp;ssl=1 1000w, https:\/\/i0.wp.com\/cdnoticias.com\/wp-content\/uploads\/2024\/05\/congreso-provincial-de-salud-02-wesner.jpg?resize=300%2C167&amp;ssl=1 300w, https:\/\/i0.wp.com\/cdnoticias.com\/wp-content\/uploads\/2024\/05\/congreso-provincial-de-salud-02-wesner.jpg?resize=768%2C427&amp;ssl=1 768w, https:\/\/i0.wp.com\/cdnoticias.com\/wp-content\/uploads\/2024\/05\/congreso-provincial-de-salud-02-wesner.jpg?resize=800%2C445&amp;ssl=1 800w\" sizes=\"auto, (max-width: 800px) 100vw, 800px\" \/><\/p>\n<h3>Mercanc\u00eda, negocio, desregulaci\u00f3n<\/h3>\n<p>Esta edici\u00f3n del CO.SA.PRO cont\u00f3 con <strong>m\u00e1s de 10 mil preinscritos<\/strong> y la participaci\u00f3n de trabajadores y autoridades sanitarias de los municipios bonaerenses. Las jornadas comenzaron el jueves con mesas de debate, intercambios de experiencias y presentaciones de proyectos cient\u00edficos con eje en temas vinculados al financiamiento del sistema sanitario; la salud digital; la atenci\u00f3n primaria y la salud comunitaria; residencias y pre-residencias; y especialidades cr\u00edticas.<\/p>\n<blockquote><p>\u201cLa primera reflexi\u00f3n que surge de estos \u00e1mbitos es que, a diferencia de lo que expresa el Gobierno nacional, las prestaciones de la salud no pueden ser vistas como una mercanc\u00eda: no podemos permitir que sean un gigantesco negocio para unos pocos, la salud es un derecho de nuestro pueblo\u201d, subray\u00f3 el Gobernador.<\/p><\/blockquote>\n<p><img data-recalc-dims=\"1\" loading=\"lazy\" decoding=\"async\" class=\"size-full wp-image-115378 aligncenter\" src=\"https:\/\/i0.wp.com\/cdnoticias.com\/wp-content\/uploads\/2024\/05\/congreso-provincial-de-salud-03-kicillof-kreplak.jpg?resize=800%2C445&#038;ssl=1\" alt=\"\" width=\"800\" height=\"445\" srcset=\"https:\/\/i0.wp.com\/cdnoticias.com\/wp-content\/uploads\/2024\/05\/congreso-provincial-de-salud-03-kicillof-kreplak.jpg?w=1000&amp;ssl=1 1000w, https:\/\/i0.wp.com\/cdnoticias.com\/wp-content\/uploads\/2024\/05\/congreso-provincial-de-salud-03-kicillof-kreplak.jpg?resize=300%2C167&amp;ssl=1 300w, https:\/\/i0.wp.com\/cdnoticias.com\/wp-content\/uploads\/2024\/05\/congreso-provincial-de-salud-03-kicillof-kreplak.jpg?resize=768%2C427&amp;ssl=1 768w, https:\/\/i0.wp.com\/cdnoticias.com\/wp-content\/uploads\/2024\/05\/congreso-provincial-de-salud-03-kicillof-kreplak.jpg?resize=800%2C445&amp;ssl=1 800w\" sizes=\"auto, (max-width: 800px) 100vw, 800px\" \/><\/p>\n<p>A\u00f1adi\u00f3 que \u201cdurante cuatro a\u00f1os <strong>hemos realizado una gran inversi\u00f3n e impulsado la integraci\u00f3n de un sistema de salud<\/strong> que, con el cambio de las autoridades nacionales, vuelve a estar bajo ataque\u201d.<\/p>\n<p>En ese sentido, Kicillof resalt\u00f3 que<strong> \u201cla ausencia del Estado y la desregulaci\u00f3n han generado aumentos muy importantes en los precios de los medicamentos y en las cuotas de las prepagas<\/strong> que componen un mercado muy concentrado\u201d. \u201cEn este momento tan dif\u00edcil, en el que <strong>han puesto en crisis a todos los subsistemas de la salud<\/strong>, ser\u00e1 el esfuerzo colectivo y solidario el que nos permitir\u00e1 defender todo lo que hemos construido y seguir avanzando\u201d, concluy\u00f3.<\/p>\n<p><img data-recalc-dims=\"1\" loading=\"lazy\" decoding=\"async\" class=\"size-full wp-image-115377 aligncenter\" src=\"https:\/\/i0.wp.com\/cdnoticias.com\/wp-content\/uploads\/2024\/05\/congreso-provincial-de-salud-04.jpg?resize=800%2C445&#038;ssl=1\" alt=\"\" width=\"800\" height=\"445\" srcset=\"https:\/\/i0.wp.com\/cdnoticias.com\/wp-content\/uploads\/2024\/05\/congreso-provincial-de-salud-04.jpg?w=1000&amp;ssl=1 1000w, https:\/\/i0.wp.com\/cdnoticias.com\/wp-content\/uploads\/2024\/05\/congreso-provincial-de-salud-04.jpg?resize=300%2C167&amp;ssl=1 300w, https:\/\/i0.wp.com\/cdnoticias.com\/wp-content\/uploads\/2024\/05\/congreso-provincial-de-salud-04.jpg?resize=768%2C427&amp;ssl=1 768w, https:\/\/i0.wp.com\/cdnoticias.com\/wp-content\/uploads\/2024\/05\/congreso-provincial-de-salud-04.jpg?resize=800%2C445&amp;ssl=1 800w\" sizes=\"auto, (max-width: 800px) 100vw, 800px\" \/><\/p>\n<p>\u201cNos quieren hacer creer que no es necesario pensar en el otro, que estando solos podemos estar mejor, pero<strong> las y los trabajadores de la salud siempre reflexionamos en conjunto y pensando en los dem\u00e1s\u201d<\/strong>, subray\u00f3 Kreplak.<\/p>\n<p>El funcionario a\u00f1adi\u00f3: \u201cLo hacemos porque entendemos que<strong> todos y todas deben acceder a prestaciones de salud de calidad<\/strong>, ya que se trata ni m\u00e1s ni menos que del derecho a tener una vida digna\u201d.<\/p>\n<p><img data-recalc-dims=\"1\" loading=\"lazy\" decoding=\"async\" class=\"size-full wp-image-115376 aligncenter\" src=\"https:\/\/i0.wp.com\/cdnoticias.com\/wp-content\/uploads\/2024\/05\/congreso-provincial-de-salud-05-kicillof.jpg?resize=800%2C445&#038;ssl=1\" alt=\"\" width=\"800\" height=\"445\" srcset=\"https:\/\/i0.wp.com\/cdnoticias.com\/wp-content\/uploads\/2024\/05\/congreso-provincial-de-salud-05-kicillof.jpg?w=1000&amp;ssl=1 1000w, https:\/\/i0.wp.com\/cdnoticias.com\/wp-content\/uploads\/2024\/05\/congreso-provincial-de-salud-05-kicillof.jpg?resize=300%2C167&amp;ssl=1 300w, https:\/\/i0.wp.com\/cdnoticias.com\/wp-content\/uploads\/2024\/05\/congreso-provincial-de-salud-05-kicillof.jpg?resize=768%2C427&amp;ssl=1 768w, https:\/\/i0.wp.com\/cdnoticias.com\/wp-content\/uploads\/2024\/05\/congreso-provincial-de-salud-05-kicillof.jpg?resize=800%2C445&amp;ssl=1 800w\" sizes=\"auto, (max-width: 800px) 100vw, 800px\" \/><\/p>\n<blockquote><p>Adem\u00e1s, el Ministro expres\u00f3 que \u201csabemos que hay un Gobierno nacional que no combate la desigualdad, pero no nos vamos a resignar: la provincia de Buenos Aires reconoce el derecho a la salud de una manera universal, equitativa, igualitaria y de calidad\u201d.<\/p><\/blockquote>\n<p>Estuvieron presentes la jefa de Asesores, Cristina \u00c1lvarez Rodr\u00edguez; la ministra de Ambiente, Daniela Vilar; los ministros de Gobierno, Carlos Bianco; y de Trabajo, Walter Correa; el asesor general del Gobierno, Santiago P\u00e9rez Teruel; el presidente de IOMA, Homero Giles; el diputado nacional Daniel Gollan; funcionarios y funcionarias del Ministerio de Salud provincial; intendentes e intendentas; legisladores y legisladoras; y representantes de entidades gremiales.<\/p>\n<blockquote class=\"wp-embedded-content\" data-secret=\"aByXnDRFKC\"><p><a href=\"https:\/\/cdnoticias.com\/index.php\/2024\/04\/19\/nicolas-kreplak-en-olavarria-la-planificacion-del-sistema-de-salud-en-la-region-sanitaria-ix\/\">Nicol\u00e1s Kreplak en Olavarr\u00eda: la planificaci\u00f3n del sistema de salud en la Regi\u00f3n Sanitaria IX<\/a><\/p><\/blockquote>\n<p><iframe loading=\"lazy\" class=\"wp-embedded-content\" sandbox=\"allow-scripts\" security=\"restricted\" style=\"position: absolute; clip: rect(1px, 1px, 1px, 1px);\" title=\"&#8220;Nicol\u00e1s Kreplak en Olavarr\u00eda: la planificaci\u00f3n del sistema de salud en la Regi\u00f3n Sanitaria IX&#8221; &#8212; Central de Noticias | Olavarr\u00eda\" src=\"https:\/\/cdnoticias.com\/index.php\/2024\/04\/19\/nicolas-kreplak-en-olavarria-la-planificacion-del-sistema-de-salud-en-la-region-sanitaria-ix\/embed\/#?secret=dHNjzvPNgE#?secret=aByXnDRFKC\" data-secret=\"aByXnDRFKC\" width=\"600\" height=\"338\" frameborder=\"0\" marginwidth=\"0\" marginheight=\"0\" scrolling=\"no\"><\/iframe><\/p>\n","protected":false},"excerpt":{"rendered":"<p>El cierre estuvo a cargo del gobernador Kicillof quien sostuvo \u201clas prestaciones de la salud no pueden ser vistas como<\/p>\n","protected":false},"author":4,"featured_media":115379,"comment_status":"closed","ping_status":"closed","sticky":false,"template":"","format":"standard","meta":{"_jetpack_memberships_contains_paid_content":false,"footnotes":""},"categories":[4,1],"tags":[],"class_list":["post-115373","post","type-post","status-publish","format-standard","has-post-thumbnail","hentry","category-politica","category-portada"],"jetpack_featured_media_url":"https:\/\/i0.wp.com\/cdnoticias.com\/wp-content\/uploads\/2024\/05\/congreso-provincial-de-salud-00-wesner.jpg?fit=1000%2C557&ssl=1","jetpack_sharing_enabled":true,"_links":{"self":[{"href":"https:\/\/cdnoticias.com\/index.php\/wp-json\/wp\/v2\/posts\/115373","targetHints":{"allow":["GET"]}}],"collection":[{"href":"https:\/\/cdnoticias.com\/index.php\/wp-json\/wp\/v2\/posts"}],"about":[{"href":"https:\/\/cdnoticias.com\/index.php\/wp-json\/wp\/v2\/types\/post"}],"author":[{"embeddable":true,"href":"https:\/\/cdnoticias.com\/index.php\/wp-json\/wp\/v2\/users\/4"}],"replies":[{"embeddable":true,"href":"https:\/\/cdnoticias.com\/index.php\/wp-json\/wp\/v2\/comments?post=115373"}],"version-history":[{"count":0,"href":"https:\/\/cdnoticias.com\/index.php\/wp-json\/wp\/v2\/posts\/115373\/revisions"}],"wp:featuredmedia":[{"embeddable":true,"href":"https:\/\/cdnoticias.com\/index.php\/wp-json\/wp\/v2\/media\/115379"}],"wp:attachment":[{"href":"https:\/\/cdnoticias.com\/index.php\/wp-json\/wp\/v2\/media?parent=115373"}],"wp:term":[{"taxonomy":"category","embeddable":true,"href":"https:\/\/cdnoticias.com\/index.php\/wp-json\/wp\/v2\/categories?post=115373"},{"taxonomy":"post_tag","embeddable":true,"href":"https:\/\/cdnoticias.com\/index.php\/wp-json\/wp\/v2\/tags?post=115373"}],"curies":[{"name":"wp","href":"https:\/\/api.w.org\/{rel}","templated":true}]}}