{"id":115371,"date":"2024-05-09T09:00:19","date_gmt":"2024-05-09T12:00:19","guid":{"rendered":"https:\/\/cdnoticias.com\/?p=115371"},"modified":"2024-05-09T09:00:21","modified_gmt":"2024-05-09T12:00:21","slug":"la-asamblea-de-necesidad-y-urgencia-se-movilizara-el-9-de-mayo","status":"publish","type":"post","link":"https:\/\/cdnoticias.com\/index.php\/2024\/05\/09\/la-asamblea-de-necesidad-y-urgencia-se-movilizara-el-9-de-mayo\/","title":{"rendered":"La Asamblea de Necesidad y Urgencia se movilizar\u00e1 este 9 de mayo"},"content":{"rendered":"<p>Es la jornada de paro convocado por la CGT. La medida local se declar\u00f3 como \u201cparo activo contra la Ley \u00d3mnibus y la reforma laboral\u201d. Desde las 11, feriazo y actividad cultural en el Paseo Mend\u00eda.<!--more--><\/p>\n<hr \/>\n<p><a href=\"https:\/\/cdnoticias.com\/index.php\/2024\/05\/05\/hector-daer-reafirmo-el-paro-de-la-cgt-el-9-de-mayo-va-a-ser-un-parazo\/\" target=\"_blank\" rel=\"noopener\">En el marco del <strong>paro nacional convocado por la CGT<\/strong><\/a>, la <strong>Asamblea de Necesidad y Urgencia<\/strong> se <strong>movilizar\u00e1 en Olavarr\u00eda<\/strong> este <strong>9 de mayo<\/strong>. Se convoc\u00f3 al<em> \u201cparo activo contra la Ley \u00d3mnibus y la reforma laboral\u201d<\/em>: de 11 a 16 habr\u00e1 feriazo y actividad cultural en el Paseo Mend\u00eda.<\/p>\n<p>\u201cLa llamada <strong>Ley de bases,<\/strong> con media sanci\u00f3n en diputados, incluye un paquete de reforma laboral, previsional y fiscal que es<strong> un golpe enorme para los trabajadores y todo el pueblo argentino<\/strong>. Aprobada de manera expr\u00e9s, gracias al pacto del gobierno de Milei con la oposici\u00f3n colaboracionista y el silencio c\u00f3mplice de las centrales obreras, esta nueva ley \u00f3mnibus entrega recursos y beneficios al gran capital mientras deroga derechos que conquistamos en m\u00e1s de un siglo de lucha y organizaci\u00f3n de los trabajadores\u201d declar\u00f3 la Asamblea local.<\/p>\n<p><strong>\u201cEl avance este proyecto tan da\u00f1ino para el pueblo trabajador<\/strong> lo tenemos que enfrentar como el recorte a las universidades: masivamente y en las calles\u201d se destac\u00f3. Con ello se consider\u00f3 <strong>\u201cimprescindible hacer del paro del 9 de mayo de la CGT un paro activo, con movilizaciones<\/strong>, y preparar un paro de 36 horas para el d\u00eda en que el Senado decida tratar la ley que ya tiene media sanci\u00f3n. Solo un plan de lucha en serio puede detener la pol\u00edtica del gobierno\u201d.<\/p>\n<blockquote><p>\u201cDesde la Asamblea de Necesidad y Urgencia de OIavarr\u00eda hacemos un llamado a las CGT y CTA de Olavarr\u00eda y las distintas organizaciones populares para promover esta movilizaci\u00f3n\u201d instaron.<\/p><\/blockquote>\n<p>Respecto de la jornada de este jueves se adelant\u00f3 que<strong> \u201cestaremos apoyando el <a href=\"https:\/\/cdnoticias.com\/index.php\/2024\/05\/02\/piden-por-el-sorteo-de-los-114-lotes-para-viviendas\/\" target=\"_blank\" rel=\"noopener\">reclamo de la Asamblea por Tierra y Vivienda<\/a> para que se realice el sorteo inmediato de los 114 lotes del Programa Lote.ar del Barrio Dorrego<\/strong>. Junto a ello, ese d\u00eda impulsamos la <strong>convocatoria a un feriazo y actividades culturales<\/strong> en el Paseo Jes\u00fas Mend\u00eda desde las 11 horas. <em>Los feriantes y artistas que deseen participar se pueden comunicar al 15246641 (Brisa)\u201d.<\/em><\/p>\n","protected":false},"excerpt":{"rendered":"<p>Es la jornada de paro convocado por la CGT. La medida local se declar\u00f3 como \u201cparo activo contra la Ley<\/p>\n","protected":false},"author":4,"featured_media":115368,"comment_status":"closed","ping_status":"closed","sticky":false,"template":"","format":"standard","meta":{"_jetpack_memberships_contains_paid_content":false,"footnotes":""},"categories":[4,1],"tags":[],"class_list":["post-115371","post","type-post","status-publish","format-standard","has-post-thumbnail","hentry","category-politica","category-portada"],"jetpack_featured_media_url":"https:\/\/i0.wp.com\/cdnoticias.com\/wp-content\/uploads\/2024\/05\/paro-activo-9-de-mayo.jpg?fit=800%2C445&ssl=1","jetpack_sharing_enabled":true,"_links":{"self":[{"href":"https:\/\/cdnoticias.com\/index.php\/wp-json\/wp\/v2\/posts\/115371","targetHints":{"allow":["GET"]}}],"collection":[{"href":"https:\/\/cdnoticias.com\/index.php\/wp-json\/wp\/v2\/posts"}],"about":[{"href":"https:\/\/cdnoticias.com\/index.php\/wp-json\/wp\/v2\/types\/post"}],"author":[{"embeddable":true,"href":"https:\/\/cdnoticias.com\/index.php\/wp-json\/wp\/v2\/users\/4"}],"replies":[{"embeddable":true,"href":"https:\/\/cdnoticias.com\/index.php\/wp-json\/wp\/v2\/comments?post=115371"}],"version-history":[{"count":0,"href":"https:\/\/cdnoticias.com\/index.php\/wp-json\/wp\/v2\/posts\/115371\/revisions"}],"wp:featuredmedia":[{"embeddable":true,"href":"https:\/\/cdnoticias.com\/index.php\/wp-json\/wp\/v2\/media\/115368"}],"wp:attachment":[{"href":"https:\/\/cdnoticias.com\/index.php\/wp-json\/wp\/v2\/media?parent=115371"}],"wp:term":[{"taxonomy":"category","embeddable":true,"href":"https:\/\/cdnoticias.com\/index.php\/wp-json\/wp\/v2\/categories?post=115371"},{"taxonomy":"post_tag","embeddable":true,"href":"https:\/\/cdnoticias.com\/index.php\/wp-json\/wp\/v2\/tags?post=115371"}],"curies":[{"name":"wp","href":"https:\/\/api.w.org\/{rel}","templated":true}]}}