{"id":115367,"date":"2024-05-06T17:30:17","date_gmt":"2024-05-06T20:30:17","guid":{"rendered":"https:\/\/cdnoticias.com\/?p=115367"},"modified":"2024-05-06T17:30:20","modified_gmt":"2024-05-06T20:30:20","slug":"factura-de-luz-segun-lista-verde-la-contribucion-por-acciones-encarece-en-42-el-cobro","status":"publish","type":"post","link":"https:\/\/cdnoticias.com\/index.php\/2024\/05\/06\/factura-de-luz-segun-lista-verde-la-contribucion-por-acciones-encarece-en-42-el-cobro\/","title":{"rendered":"Factura de luz: seg\u00fan Lista Verde, la \u201ccontribuci\u00f3n por acciones\u201d encarece en 42% el cobro"},"content":{"rendered":"<p>Se realiz\u00f3 un nuevo encuentro de la agrupaci\u00f3n que plante\u00f3 que el \u00edtem \u201cdebe ya ser eliminado\u201d de las facturas.<!--more--><\/p>\n<hr \/>\n<p>Este viernes se realiz\u00f3 un<strong> nuevo encuentro asambleario de la Lista Verde de Coopelectric<\/strong> en el sal\u00f3n de los vendedores de Diarios y Revistas que se vio colmado por la concurrencia, movimiento opositor a la actual conducci\u00f3n amarilla de la cooperativa.<\/p>\n<p><strong>Luis Cavalli<\/strong>, autor de un libro sobre el sistema argentino de la energ\u00eda el\u00e9ctrica, <strong>explic\u00f3 c\u00f3mo es el sistema que fue implementado en la d\u00e9cada de los 90<\/strong>, qui\u00e9nes son los sujetos de las distintas etapas desde la generaci\u00f3n, el transporte hasta la distribuci\u00f3n de energ\u00eda el\u00e9ctrica y la metodolog\u00eda de subsidios. Describi\u00f3 c\u00f3mo y qui\u00e9n fija la tarifa y c\u00f3mo se conforma la factura de electricidad que emite Coopelectric.<\/p>\n<blockquote><p>El expositor explic\u00f3 que \u201cla ilegal contribuci\u00f3n de capital en acciones\u201d que incorpor\u00f3 Coopelectric a la factura, \u201cencarece en un 42 % m\u00e1s el monto del consumo\u201d, que sumado a los aumentos que se autorizaron desde diciembre y marzo por la Provincia, a trav\u00e9s del OCEBA, culminan \u201cen una cifra final enorme, de alto impacto para los hogares, los comercios y las industrias pymes\u201d.<\/p><\/blockquote>\n<p>Este concepto,<strong> afirm\u00f3, \u201cdebe ya ser eliminado, porque adem\u00e1s de ilegal e injusto, ya desaparecieron los falsos argumentos de la actual conducci\u00f3n que le dieron origen, que era la tarifa baja\u201d<\/strong>. Agreg\u00f3 que \u201cen realidad este concepto arbitrario que pagamos solo los olavarrienses se debe a que la empresa est\u00e1 quebrada, situaci\u00f3n a la que se lleg\u00f3 por malas inversiones que hicieron los que a\u00fan siguen en la direcci\u00f3n de la empresa, en los 90, ahora irrecuperables\u201d.<\/p>\n<p>Sigui\u00f3 en el uso de la palabra<strong> Jos\u00e9 Quinteros<\/strong>, quien expuso sobre los buenos<strong> avances logrados en <a href=\"https:\/\/cdnoticias.com\/index.php\/2024\/04\/21\/la-lista-verde-de-coopelectric-de-volanteada-en-la-ciudad\/\" target=\"_blank\" rel=\"noopener\">los timbreos<\/a> y reuniones con los usuarios socios cooperativos<\/strong>, la excelente recepci\u00f3n de estos, coincidiendo con la propuesta de la Lista Verde. Analiz\u00f3, con la intervenci\u00f3n activa de los concurrentes a la reuni\u00f3n, los <strong>pasos a seguir de para defender los derechos de los usuarios<\/strong> desde la Lista Verde y la estrategia electoral para las pr\u00f3ximas elecciones en Coopelectric.<\/p>\n<p>Complementaron los conceptos haciendo uso de la palabra <em>Juan Carlos Parini, N\u00e9stor Musa, Edgardo Durso, Jorge Castrovinci, Walter Di Leo, Jorge Videla, Paulo Ferreira Marques, Eleno Lopez, Eva Cura<\/em>. Todos, desde distintas perspectivas, coincidieron en que <strong>\u201ces necesario un inmediato cambio en las personas y en el rumbo de la cooperativa, que hay un clima favorable para un cambio profundo y que el mecanismo son las elecciones libres y democr\u00e1ticas\u201d<\/strong>.<\/p>\n<blockquote class=\"wp-embedded-content\" data-secret=\"RS80FzdXhS\"><p><a href=\"https:\/\/cdnoticias.com\/index.php\/2024\/01\/16\/oceba-obliga-a-coopelectric-a-reintegrar-a-usuarios-los-pagos-de-conceptos-ajenos-a-la-luz\/\">Oceba obliga a Coopelectric a reintegrar a usuarios los pagos de \u201cconceptos ajenos\u201d a la luz<\/a><\/p><\/blockquote>\n<p><iframe loading=\"lazy\" class=\"wp-embedded-content\" sandbox=\"allow-scripts\" security=\"restricted\" style=\"position: absolute; clip: rect(1px, 1px, 1px, 1px);\" title=\"&#8220;Oceba obliga a Coopelectric a reintegrar a usuarios los pagos de \u201cconceptos ajenos\u201d a la luz&#8221; &#8212; Central de Noticias | Olavarr\u00eda\" src=\"https:\/\/cdnoticias.com\/index.php\/2024\/01\/16\/oceba-obliga-a-coopelectric-a-reintegrar-a-usuarios-los-pagos-de-conceptos-ajenos-a-la-luz\/embed\/#?secret=XnNzvfr9Zp#?secret=RS80FzdXhS\" data-secret=\"RS80FzdXhS\" width=\"600\" height=\"338\" frameborder=\"0\" marginwidth=\"0\" marginheight=\"0\" scrolling=\"no\"><\/iframe><\/p>\n","protected":false},"excerpt":{"rendered":"<p>Se realiz\u00f3 un nuevo encuentro de la agrupaci\u00f3n que plante\u00f3 que el \u00edtem \u201cdebe ya ser eliminado\u201d de las facturas.<\/p>\n","protected":false},"author":4,"featured_media":115369,"comment_status":"closed","ping_status":"closed","sticky":false,"template":"","format":"standard","meta":{"_jetpack_memberships_contains_paid_content":false,"footnotes":""},"categories":[4,1],"tags":[],"class_list":["post-115367","post","type-post","status-publish","format-standard","has-post-thumbnail","hentry","category-politica","category-portada"],"jetpack_featured_media_url":"https:\/\/i0.wp.com\/cdnoticias.com\/wp-content\/uploads\/2024\/05\/lista-verde-reunion-00.jpg?fit=800%2C450&ssl=1","jetpack_sharing_enabled":true,"_links":{"self":[{"href":"https:\/\/cdnoticias.com\/index.php\/wp-json\/wp\/v2\/posts\/115367","targetHints":{"allow":["GET"]}}],"collection":[{"href":"https:\/\/cdnoticias.com\/index.php\/wp-json\/wp\/v2\/posts"}],"about":[{"href":"https:\/\/cdnoticias.com\/index.php\/wp-json\/wp\/v2\/types\/post"}],"author":[{"embeddable":true,"href":"https:\/\/cdnoticias.com\/index.php\/wp-json\/wp\/v2\/users\/4"}],"replies":[{"embeddable":true,"href":"https:\/\/cdnoticias.com\/index.php\/wp-json\/wp\/v2\/comments?post=115367"}],"version-history":[{"count":0,"href":"https:\/\/cdnoticias.com\/index.php\/wp-json\/wp\/v2\/posts\/115367\/revisions"}],"wp:featuredmedia":[{"embeddable":true,"href":"https:\/\/cdnoticias.com\/index.php\/wp-json\/wp\/v2\/media\/115369"}],"wp:attachment":[{"href":"https:\/\/cdnoticias.com\/index.php\/wp-json\/wp\/v2\/media?parent=115367"}],"wp:term":[{"taxonomy":"category","embeddable":true,"href":"https:\/\/cdnoticias.com\/index.php\/wp-json\/wp\/v2\/categories?post=115367"},{"taxonomy":"post_tag","embeddable":true,"href":"https:\/\/cdnoticias.com\/index.php\/wp-json\/wp\/v2\/tags?post=115367"}],"curies":[{"name":"wp","href":"https:\/\/api.w.org\/{rel}","templated":true}]}}