{"id":115339,"date":"2024-05-04T11:31:57","date_gmt":"2024-05-04T14:31:57","guid":{"rendered":"https:\/\/cdnoticias.com\/?p=115339"},"modified":"2024-05-04T20:10:06","modified_gmt":"2024-05-04T23:10:06","slug":"el-gobierno-reducira-el-40-de-los-registros-del-automotor","status":"publish","type":"post","link":"https:\/\/cdnoticias.com\/index.php\/2024\/05\/04\/el-gobierno-reducira-el-40-de-los-registros-del-automotor\/","title":{"rendered":"El Gobierno reducir\u00e1 el 40% de los Registros del Automotor"},"content":{"rendered":"\n<p>Adem\u00e1s, eliminar\u00e1 la c\u00e9dula azul partir de mayo. De esta manera, cualquier persona podr\u00e1 circular con la sola exhibici\u00f3n -f\u00edsica o digital- de la c\u00e9dula verde del titular del autom\u00f3vil.<\/p>\n\n\n\n<hr class=\"wp-block-separator aligncenter has-alpha-channel-opacity\"\/>\n\n\n\n<p>El <strong>Gobierno de Javier Milei<\/strong> decidi\u00f3 avanzar sobre los <strong>Registros del Automotor<\/strong> y anunci\u00f3 que <strong>se cerrar\u00e1 el 40% de ellos,<\/strong> adem\u00e1s de otros cambios importantes para conductores, como la <strong>eliminaci\u00f3n de la \u201cc\u00e9dula azul\u201d.<\/strong><\/p>\n\n\n\n<p><\/p>\n\n\n\n<p><strong><em>\u201cSe cerrar\u00e1 el 40% de los Registros Automotores, comenzando por aquellos que llevan intervenidos m\u00e1s de 2 a\u00f1os, y luego se proceder\u00e1 con el cierre de los restantes intervenidos<\/em><\/strong>\u201d, anunci\u00f3 el Ministerio de Justicia en un comunicado.<\/p>\n\n\n\n<p><\/p>\n\n\n\n<blockquote class=\"wp-block-quote is-layout-flow wp-block-quote-is-layout-flow\">\n<p>En ese marco, confirm\u00f3 que \u201cse reducir\u00e1 el 30% del personal de la Direcci\u00f3n de Registros Automotor, en el marco de un plan de retiros voluntarios y jubilaciones anticipadas\u201d.<\/p>\n<\/blockquote>\n\n\n\n<p><\/p>\n\n\n\n<p>Seg\u00fan explic\u00f3 el Gobierno, \u00a0la decisi\u00f3n, que hab\u00eda sido una promesa de campa\u00f1a, tiene \u201cel objetivo de reducir costos y eliminar tr\u00e1mites burocr\u00e1ticos\u201d, y se suma a otras medidas para el sector automotor que tom\u00f3 en los \u00faltimos d\u00edas.<\/p>\n\n\n\n<p><\/p>\n\n\n\n<p><strong>Los puntos principales<\/strong><\/p>\n\n\n\n<p>\u2022 Se cerrar\u00e1 el 40% de los Registros Automotores, comenzando por aquellos que llevan intervenidos m\u00e1s de 2 a\u00f1os, y luego se proceder\u00e1 con el cierre de los restantes intervenidos.<\/p>\n\n\n\n<p>\u2022 Se reducir\u00e1 el 30% del personal de la Direcci\u00f3n de Registros Automotor, en el marco de un plan de retiros voluntarios y jubilaciones anticipadas.<\/p>\n\n\n\n<p>\u2022 Se elimin\u00f3 el Certificado de Transferencia Automotor (CETA) que obligaba al ciudadano a reportar la venta de su veh\u00edculo a la AFIP.<\/p>\n\n\n\n<p>\u2022 Se eliminar\u00e1 la \u201cc\u00e9dula azul\u201d: a partir de mayo, cualquier persona podr\u00e1 circular dentro del territorio de la Rep\u00fablica Argentina con la sola exhibici\u00f3n -f\u00edsica o digital- de la c\u00e9dula verde del titular del autom\u00f3vil.<\/p>\n\n\n\n<p>\u2022 Se eliminar\u00e1 el vencimiento de todas las \u201cc\u00e9dulas verdes\u201d.<\/p>\n\n\n\n<p>\u2022 Los titulares de los registros seccionales se har\u00e1n cargo del 100% de sus costos operativos, adecuando su ingreso a la tarea efectivamente desempe\u00f1ada y su productividad. El Ministerio de Justicia podr\u00e1 controlar, en todo momento, la estructura de costos de los Encargados de Registros.<\/p>\n\n\n\n<p>\u2022 Se digitalizar\u00e1n la totalidad de los legajos de los veh\u00edculos, en todos sus tipos, para constituir un registro digital \u00fanico y completo, permitiendo la eliminaci\u00f3n de los legajos f\u00edsicos.<\/p>\n\n\n\n<p>\u2022 Se propondr\u00e1 a las Provincias la adhesi\u00f3n al convenio de baja de impuestos de sellos y patentes provinciales, para reducir el costo de las operaciones registrales, que asciende hasta el 70% del costo total de una transferencia.<\/p>\n\n\n\n<p>\u2022 Se implementar\u00e1 un R\u00e9gimen de Concursos transparentes para impedir la contrataci\u00f3n de personas que hayan tenido cargos pol\u00edticos durante los \u00faltimos 10 a\u00f1os, sus familiares y aquellas personas que no acrediten los requisitos de idoneidad y experiencia en la actividad privada para cumplir tal funci\u00f3n.<\/p>\n\n\n\n<p>\u2022 Se auditar\u00e1 el sistema de fiscalizaci\u00f3n de los registros seccionales por la Subsecretar\u00eda de Asuntos Registrales.<\/p>\n\n\n\n<p>\u2022 Se deroga el r\u00e9gimen que impone el monopolio de la Casa de la Moneda en la compra de insumos. Ello permitir\u00e1 la libre competencia de oferentes, lo que se traducir\u00e1 en una mejora de precios.<\/p>\n\n\n\n<p>\u2022 Se digitalizar\u00e1 la verificaci\u00f3n policial de veh\u00edculos, en una agenda conjunta con las autoridades provinciales y las fuerzas federales.<\/p>\n\n\n\n<p>\u2022 Se aumentar\u00e1 significativamente el importe que obliga al ciudadano a informar al Estado el origen de los fondos para adquirir un veh\u00edculo.<\/p>\n\n\n\n<p><em>Fuente: DIB<\/em><\/p>\n","protected":false},"excerpt":{"rendered":"<p>Adem\u00e1s, eliminar\u00e1 la c\u00e9dula azul partir de mayo. De esta manera, cualquier persona podr\u00e1 circular con la sola exhibici\u00f3n -f\u00edsica<\/p>\n","protected":false},"author":6,"featured_media":115340,"comment_status":"closed","ping_status":"closed","sticky":false,"template":"","format":"standard","meta":{"_jetpack_memberships_contains_paid_content":false,"footnotes":""},"categories":[6,1],"tags":[],"class_list":["post-115339","post","type-post","status-publish","format-standard","has-post-thumbnail","hentry","category-nacionales","category-portada"],"jetpack_featured_media_url":"https:\/\/i0.wp.com\/cdnoticias.com\/wp-content\/uploads\/2024\/05\/registro-automotor-696x392-1.jpg?fit=696%2C392&ssl=1","jetpack_sharing_enabled":true,"_links":{"self":[{"href":"https:\/\/cdnoticias.com\/index.php\/wp-json\/wp\/v2\/posts\/115339","targetHints":{"allow":["GET"]}}],"collection":[{"href":"https:\/\/cdnoticias.com\/index.php\/wp-json\/wp\/v2\/posts"}],"about":[{"href":"https:\/\/cdnoticias.com\/index.php\/wp-json\/wp\/v2\/types\/post"}],"author":[{"embeddable":true,"href":"https:\/\/cdnoticias.com\/index.php\/wp-json\/wp\/v2\/users\/6"}],"replies":[{"embeddable":true,"href":"https:\/\/cdnoticias.com\/index.php\/wp-json\/wp\/v2\/comments?post=115339"}],"version-history":[{"count":0,"href":"https:\/\/cdnoticias.com\/index.php\/wp-json\/wp\/v2\/posts\/115339\/revisions"}],"wp:featuredmedia":[{"embeddable":true,"href":"https:\/\/cdnoticias.com\/index.php\/wp-json\/wp\/v2\/media\/115340"}],"wp:attachment":[{"href":"https:\/\/cdnoticias.com\/index.php\/wp-json\/wp\/v2\/media?parent=115339"}],"wp:term":[{"taxonomy":"category","embeddable":true,"href":"https:\/\/cdnoticias.com\/index.php\/wp-json\/wp\/v2\/categories?post=115339"},{"taxonomy":"post_tag","embeddable":true,"href":"https:\/\/cdnoticias.com\/index.php\/wp-json\/wp\/v2\/tags?post=115339"}],"curies":[{"name":"wp","href":"https:\/\/api.w.org\/{rel}","templated":true}]}}