{"id":115324,"date":"2024-05-04T10:30:09","date_gmt":"2024-05-04T13:30:09","guid":{"rendered":"https:\/\/cdnoticias.com\/?p=115324"},"modified":"2024-05-04T19:13:22","modified_gmt":"2024-05-04T22:13:22","slug":"cambio-de-sede-para-el-proximo-mercados-bonaerenses","status":"publish","type":"post","link":"https:\/\/cdnoticias.com\/index.php\/2024\/05\/04\/cambio-de-sede-para-el-proximo-mercados-bonaerenses\/","title":{"rendered":"Cambio de sede para el pr\u00f3ximo Mercados Bonaerenses"},"content":{"rendered":"\n<p>La medida se tom\u00f3 debido al pron\u00f3stico de lluvias para este lunes. Se solicita a la comunidad concurrir con bolsas.<\/p>\n\n\n\n<hr class=\"wp-block-separator aligncenter has-alpha-channel-opacity\"\/>\n\n\n\n<p>Debido al <strong>pron\u00f3stico de lluvias <\/strong>para el <strong>pr\u00f3ximo lunes<\/strong>, <strong>Mercados Bonaerenses cambi\u00f3 de sede<\/strong> para poder llevar a cabo la jornada. <\/p>\n\n\n\n<p><\/p>\n\n\n\n<p>En esta ocasi\u00f3n el lugar elegido es en <strong>las instalaciones del Club La Amistad, ubicado sobre Dorrego 4539<\/strong>. Se solicita a la comunidad concurrir con bolsas.<\/p>\n\n\n\n<p><\/p>\n\n\n\n<p>La feria ser\u00e1 en el <strong>horario de 10 a 17 horas<\/strong> y contar\u00e1 con la <strong>participaci\u00f3n de productores locales<\/strong>, entre los cuales se podr\u00e1n encontrar elaboraciones tales como panificados dulces y salados, bebidas, quesos, plantas y plantines, miel y productos sin tacc, verduras.<\/p>\n\n\n\n<p><\/p>\n\n\n\n<blockquote class=\"wp-block-quote is-layout-flow wp-block-quote-is-layout-flow\">\n<p>Adem\u00e1s, participar\u00e1n de la feria dos camiones del Ministerio de Desarrollo Agrario bonaerense, que dispondr\u00e1n productos l\u00e1cteos, pastas y pescados. Vale destacar que estos \u00faltimos dos rubros cuentan con 40% de descuento con Cuenta DNI (tope de reintegro $3000).<\/p>\n<\/blockquote>\n\n\n\n<p><\/p>\n\n\n\n<p>El Programa \u201c<strong>Mercados Bonaerenses<\/strong>\u201d es impulsado desde el Ministerio de Desarrollo Agrario de la Provincia de Buenos Aires, promociona la producci\u00f3n y el consumo de Alimentos Bonaerenses acercando a productores, productoras, consumidores y consumidoras a trav\u00e9s de una red de ferias y mercados en toda la provincia de Buenos Aires.<\/p>\n\n\n\n<p><\/p>\n\n\n\n<p>Asimismo tiene por objetivo fortalecer y asistir experiencias de producci\u00f3n, comercializaci\u00f3n y abastecimiento local de agroalimentos, que se desarrollen en el \u00e1mbito de la provincia de Buenos Aires; fomentar la producci\u00f3n y el consumo de alimentos a trav\u00e9s de la asistencia, formalizaci\u00f3n y capacitaci\u00f3n a productores, comercializadores y municipios, para crear, ampliar y fortalecer mercados y ferias de alimentos fijas o itinerantes.<\/p>\n","protected":false},"excerpt":{"rendered":"<p>La medida se tom\u00f3 debido al pron\u00f3stico de lluvias para este lunes. Se solicita a la comunidad concurrir con bolsas.<\/p>\n","protected":false},"author":6,"featured_media":111506,"comment_status":"closed","ping_status":"closed","sticky":false,"template":"","format":"standard","meta":{"_jetpack_memberships_contains_paid_content":false,"footnotes":""},"categories":[5,1],"tags":[],"class_list":["post-115324","post","type-post","status-publish","format-standard","has-post-thumbnail","hentry","category-informacion-general","category-portada"],"jetpack_featured_media_url":"https:\/\/i0.wp.com\/cdnoticias.com\/wp-content\/uploads\/2024\/03\/mercados-bonaerenses.jpg?fit=1000%2C665&ssl=1","jetpack_sharing_enabled":true,"_links":{"self":[{"href":"https:\/\/cdnoticias.com\/index.php\/wp-json\/wp\/v2\/posts\/115324","targetHints":{"allow":["GET"]}}],"collection":[{"href":"https:\/\/cdnoticias.com\/index.php\/wp-json\/wp\/v2\/posts"}],"about":[{"href":"https:\/\/cdnoticias.com\/index.php\/wp-json\/wp\/v2\/types\/post"}],"author":[{"embeddable":true,"href":"https:\/\/cdnoticias.com\/index.php\/wp-json\/wp\/v2\/users\/6"}],"replies":[{"embeddable":true,"href":"https:\/\/cdnoticias.com\/index.php\/wp-json\/wp\/v2\/comments?post=115324"}],"version-history":[{"count":0,"href":"https:\/\/cdnoticias.com\/index.php\/wp-json\/wp\/v2\/posts\/115324\/revisions"}],"wp:featuredmedia":[{"embeddable":true,"href":"https:\/\/cdnoticias.com\/index.php\/wp-json\/wp\/v2\/media\/111506"}],"wp:attachment":[{"href":"https:\/\/cdnoticias.com\/index.php\/wp-json\/wp\/v2\/media?parent=115324"}],"wp:term":[{"taxonomy":"category","embeddable":true,"href":"https:\/\/cdnoticias.com\/index.php\/wp-json\/wp\/v2\/categories?post=115324"},{"taxonomy":"post_tag","embeddable":true,"href":"https:\/\/cdnoticias.com\/index.php\/wp-json\/wp\/v2\/tags?post=115324"}],"curies":[{"name":"wp","href":"https:\/\/api.w.org\/{rel}","templated":true}]}}