{"id":115272,"date":"2024-05-03T12:51:12","date_gmt":"2024-05-03T15:51:12","guid":{"rendered":"https:\/\/cdnoticias.com\/?p=115272"},"modified":"2024-05-03T18:00:39","modified_gmt":"2024-05-03T21:00:39","slug":"se-investiga-como-homicidio-culposo-el-fallecimiento-de-la-ciclista","status":"publish","type":"post","link":"https:\/\/cdnoticias.com\/index.php\/2024\/05\/03\/se-investiga-como-homicidio-culposo-el-fallecimiento-de-la-ciclista\/","title":{"rendered":"Se investiga como \u201chomicidio culposo\u201d el fallecimiento de la ciclista"},"content":{"rendered":"<p>Las averiguaciones est\u00e1n a cargo de la UFI N\u00ba 10. El carro tambi\u00e9n choc\u00f3 a una camioneta estacionada antes de arrollar a la mujer de 65 a\u00f1os.<!--more--><\/p>\n<hr \/>\n<p><a href=\"https:\/\/cdnoticias.com\/index.php\/2024\/05\/03\/se-conocio-la-identidad-de-la-mujer-fallecida-en-un-siniestro-vial\/\" target=\"_blank\" rel=\"noopener\">Tal como se inform\u00f3<\/a>, una vecina de Olavarr\u00eda <strong>falleci\u00f3 este jueves cuando transitaba en bicicleta<\/strong> y fue<strong> arrollada por un carro<\/strong> sobre avenida Pellegrini al 3400.<\/p>\n<p><strong>Central de Noticias<\/strong> accedi\u00f3 a informaci\u00f3n sobre lo sucedido en funci\u00f3n del <strong>avance de las averiguaciones<\/strong>.<\/p>\n<blockquote><p>Seg\u00fan se estableci\u00f3, la Ford Ranger que llevaba el carro tipo jaula para hacienda transitaba por Pellegrini desde Sa\u00e9nz Pe\u00f1a hacia avenida Col\u00f3n. En ese tramo se desprendi\u00f3 el carro que impact\u00f3 primero contra una camioneta Isuzu Mazda B2500 que estaba estacionada sobre la avenida Pellegrini y luego arroll\u00f3 a la bicicleta playera rodado 26 en la que circulaba Rosa Lilian Lizard\u00eda de 65 a\u00f1os.<\/p><\/blockquote>\n<p>La mujer fue <strong>derivada al Hospital Municipal<\/strong> en grave estado y all\u00ed se confirm\u00f3 su <strong>fallecimiento<\/strong>.<\/p>\n<p>Las actuaciones penales se llevaron a cabo en la<strong> Comisar\u00eda Segunda<\/strong>. Fueron caratuladas<strong> \u201chomicidio culposo\u201d<\/strong> y se dio intervenci\u00f3n a la <strong>UFI N\u00ba 10 que subroga la fiscal Paula Serrano.<\/strong><\/p>\n<p>Al lugar del hecho fue convocado el <strong>personal del Comando de Patrullas<\/strong> a trav\u00e9s del <strong>911<\/strong>, tambi\u00e9n una <strong>ambulancia de SAME<\/strong> y efectivos de <strong>Polic\u00eda Cient\u00edfica<\/strong>.<\/p>\n","protected":false},"excerpt":{"rendered":"<p>Las averiguaciones est\u00e1n a cargo de la UFI N\u00ba 10. El carro tambi\u00e9n choc\u00f3 a una camioneta estacionada antes de<\/p>\n","protected":false},"author":4,"featured_media":115275,"comment_status":"closed","ping_status":"closed","sticky":false,"template":"","format":"standard","meta":{"_jetpack_memberships_contains_paid_content":false,"footnotes":""},"categories":[14,1],"tags":[],"class_list":["post-115272","post","type-post","status-publish","format-standard","has-post-thumbnail","hentry","category-policiales","category-portada"],"jetpack_featured_media_url":"https:\/\/i0.wp.com\/cdnoticias.com\/wp-content\/uploads\/2024\/05\/choque-carro-pellegrini-00.jpg?fit=828%2C461&ssl=1","jetpack_sharing_enabled":true,"_links":{"self":[{"href":"https:\/\/cdnoticias.com\/index.php\/wp-json\/wp\/v2\/posts\/115272","targetHints":{"allow":["GET"]}}],"collection":[{"href":"https:\/\/cdnoticias.com\/index.php\/wp-json\/wp\/v2\/posts"}],"about":[{"href":"https:\/\/cdnoticias.com\/index.php\/wp-json\/wp\/v2\/types\/post"}],"author":[{"embeddable":true,"href":"https:\/\/cdnoticias.com\/index.php\/wp-json\/wp\/v2\/users\/4"}],"replies":[{"embeddable":true,"href":"https:\/\/cdnoticias.com\/index.php\/wp-json\/wp\/v2\/comments?post=115272"}],"version-history":[{"count":0,"href":"https:\/\/cdnoticias.com\/index.php\/wp-json\/wp\/v2\/posts\/115272\/revisions"}],"wp:featuredmedia":[{"embeddable":true,"href":"https:\/\/cdnoticias.com\/index.php\/wp-json\/wp\/v2\/media\/115275"}],"wp:attachment":[{"href":"https:\/\/cdnoticias.com\/index.php\/wp-json\/wp\/v2\/media?parent=115272"}],"wp:term":[{"taxonomy":"category","embeddable":true,"href":"https:\/\/cdnoticias.com\/index.php\/wp-json\/wp\/v2\/categories?post=115272"},{"taxonomy":"post_tag","embeddable":true,"href":"https:\/\/cdnoticias.com\/index.php\/wp-json\/wp\/v2\/tags?post=115272"}],"curies":[{"name":"wp","href":"https:\/\/api.w.org\/{rel}","templated":true}]}}