{"id":11526,"date":"2021-01-16T09:18:29","date_gmt":"2021-01-16T12:18:29","guid":{"rendered":"http:\/\/www.centraldenoticias.com.ar\/?p=11526"},"modified":"2021-01-16T09:18:29","modified_gmt":"2021-01-16T12:18:29","slug":"maria-esther-manetto-isella-viuda-de-lucio-q-e-p-d","status":"publish","type":"post","link":"https:\/\/cdnoticias.com\/index.php\/2021\/01\/16\/maria-esther-manetto-isella-viuda-de-lucio-q-e-p-d\/","title":{"rendered":"Mar\u00eda Esther Manetto Isella viuda de Lucio (Q.E.P.D.)"},"content":{"rendered":"<p>Falleci\u00f3 en Olavarr\u00eda el d\u00eda 15 de enero de 2021 a los 90 a\u00f1os de edad. Sus hijos Mirta, Ana y N\u00e9stor; Su yerno y su nuera, sus nietos, bisnietos, su nieto del coraz\u00f3n Rub\u00e9n, sus hermanas y dem\u00e1s deudos participan su fallecimiento.<\/p>\n<p>Sin velatorio. Inhumaci\u00f3n: Cementerio Loma De Paz, s\u00e1bado 16\/1\/2021 a las 09:30 hs. Servicio adherido a Coopelectric.<\/p>\n<p>Barrio en el que viv\u00eda: Villa Floresta<\/p>\n","protected":false},"excerpt":{"rendered":"<p>Falleci\u00f3 en Olavarr\u00eda el d\u00eda 15 de enero de 2021 a los 90 a\u00f1os de edad. Sus hijos Mirta, Ana<\/p>\n","protected":false},"author":4,"featured_media":0,"comment_status":"closed","ping_status":"closed","sticky":false,"template":"","format":"standard","meta":{"_jetpack_memberships_contains_paid_content":false,"footnotes":""},"categories":[10],"tags":[],"class_list":["post-11526","post","type-post","status-publish","format-standard","hentry","category-necrologicas"],"jetpack_featured_media_url":"","jetpack_sharing_enabled":true,"_links":{"self":[{"href":"https:\/\/cdnoticias.com\/index.php\/wp-json\/wp\/v2\/posts\/11526","targetHints":{"allow":["GET"]}}],"collection":[{"href":"https:\/\/cdnoticias.com\/index.php\/wp-json\/wp\/v2\/posts"}],"about":[{"href":"https:\/\/cdnoticias.com\/index.php\/wp-json\/wp\/v2\/types\/post"}],"author":[{"embeddable":true,"href":"https:\/\/cdnoticias.com\/index.php\/wp-json\/wp\/v2\/users\/4"}],"replies":[{"embeddable":true,"href":"https:\/\/cdnoticias.com\/index.php\/wp-json\/wp\/v2\/comments?post=11526"}],"version-history":[{"count":0,"href":"https:\/\/cdnoticias.com\/index.php\/wp-json\/wp\/v2\/posts\/11526\/revisions"}],"wp:attachment":[{"href":"https:\/\/cdnoticias.com\/index.php\/wp-json\/wp\/v2\/media?parent=11526"}],"wp:term":[{"taxonomy":"category","embeddable":true,"href":"https:\/\/cdnoticias.com\/index.php\/wp-json\/wp\/v2\/categories?post=11526"},{"taxonomy":"post_tag","embeddable":true,"href":"https:\/\/cdnoticias.com\/index.php\/wp-json\/wp\/v2\/tags?post=11526"}],"curies":[{"name":"wp","href":"https:\/\/api.w.org\/{rel}","templated":true}]}}