{"id":115160,"date":"2024-05-02T18:30:29","date_gmt":"2024-05-02T21:30:29","guid":{"rendered":"https:\/\/cdnoticias.com\/?p=115160"},"modified":"2024-05-02T20:14:41","modified_gmt":"2024-05-02T23:14:41","slug":"cronograma-de-recoleccion-de-poda-2024","status":"publish","type":"post","link":"https:\/\/cdnoticias.com\/index.php\/2024\/05\/02\/cronograma-de-recoleccion-de-poda-2024\/","title":{"rendered":"Cronograma de recolecci\u00f3n de poda 2024"},"content":{"rendered":"\n<p>Se realizar\u00e1 por pedido a partir del 13 de mayo y en funci\u00f3n de un cronograma determinado. Los detalles.<\/p>\n\n\n\n<hr class=\"wp-block-separator has-alpha-channel-opacity\"\/>\n\n\n\n<p>El Municipio, a trav\u00e9s de la Direcci\u00f3n de Contralor de Servicios, dependiente de la Secretar\u00eda de Obras, Infraestructura y Servicios P\u00fablicos, inform\u00f3 que<strong> a partir del 13 de mayo se dar\u00e1 inicio al cronograma de la recolecci\u00f3n de la poda vecinal <\/strong>en distintos sectores de la ciudad, cargo de la empresa Transportes Malvinas.<\/p>\n\n\n\n<p><\/p>\n\n\n\n<p>Las tareas se desarrollan en el horario de 13:00 a 19:00 horas de lunes a viernes y de 07:00 a 12:00 horas los s\u00e1bados, en funci\u00f3n del siguiente cronograma:<\/p>\n\n\n\n<p><\/p>\n\n\n\n<p><strong>SECTOR 1: D\u00edas lunes y jueves<\/strong><\/p>\n\n\n\n<p>Av. Urquiza \/ Brown \/ Del Maestro \/ Ruta 226<\/p>\n\n\n\n<p><\/p>\n\n\n\n<p><strong>SECTOR 2: D\u00edas martes y viernes<\/strong><\/p>\n\n\n\n<p>Las Orqu\u00eddeas \/ Av. Urquiza \/ Del Maestro \/ Ruta 226<\/p>\n\n\n\n<p><\/p>\n\n\n\n<p><strong>SECTOR 3: D\u00edas mi\u00e9rcoles y s\u00e1bados<\/strong><\/p>\n\n\n\n<p>Riobamba \/ M\u00e1rquez \/ Del Maestro \/ Juan XXIII<\/p>\n\n\n\n<p><\/p>\n\n\n\n<figure class=\"wp-block-image size-full\"><img data-recalc-dims=\"1\" loading=\"lazy\" decoding=\"async\" width=\"800\" height=\"800\" src=\"https:\/\/i0.wp.com\/cdnoticias.com\/wp-content\/uploads\/2024\/05\/Recoleccion-de-poda-1024x1024-1.jpeg?resize=800%2C800&#038;ssl=1\" alt=\"\" class=\"wp-image-115161\" srcset=\"https:\/\/i0.wp.com\/cdnoticias.com\/wp-content\/uploads\/2024\/05\/Recoleccion-de-poda-1024x1024-1.jpeg?w=800&amp;ssl=1 800w, https:\/\/i0.wp.com\/cdnoticias.com\/wp-content\/uploads\/2024\/05\/Recoleccion-de-poda-1024x1024-1.jpeg?resize=300%2C300&amp;ssl=1 300w, https:\/\/i0.wp.com\/cdnoticias.com\/wp-content\/uploads\/2024\/05\/Recoleccion-de-poda-1024x1024-1.jpeg?resize=150%2C150&amp;ssl=1 150w, https:\/\/i0.wp.com\/cdnoticias.com\/wp-content\/uploads\/2024\/05\/Recoleccion-de-poda-1024x1024-1.jpeg?resize=768%2C768&amp;ssl=1 768w\" sizes=\"auto, (max-width: 800px) 100vw, 800px\" \/><\/figure>\n\n\n\n<p><\/p>\n\n\n\n<p><strong>La recolecci\u00f3n se realiza por pedido, debiendo dar aviso a la empresa previamente a disponer la poda en la v\u00eda p\u00fablica. <\/strong>Se record\u00f3 a los vecinos respetar los d\u00edas de recolecci\u00f3n correspondiente a su sector.<\/p>\n\n\n\n<p><\/p>\n\n\n\n<blockquote class=\"wp-block-quote is-layout-flow wp-block-quote-is-layout-flow\">\n<p>Para comunicarse, se puede realizar en forma telef\u00f3nica al WhatsApp 2284 \u2013 512000 o a la l\u00ednea gratuita 0800-222-1294.<\/p>\n<\/blockquote>\n\n\n\n<p><\/p>\n\n\n\n<p>Por otra parte, se solicit\u00f3 a quienes posean mascotas, tomar las medidas necesarias al momento de que los animales salgan de sus hogares sin correa, para <strong>evitar que rompan los residuos depositados en las veredas y de esta manera contribuir al cuidado e higiene del espacio p\u00fablico.<\/strong><\/p>\n","protected":false},"excerpt":{"rendered":"<p>Se realizar\u00e1 por pedido a partir del 13 de mayo y en funci\u00f3n de un cronograma determinado. Los detalles. El<\/p>\n","protected":false},"author":2,"featured_media":10326,"comment_status":"closed","ping_status":"closed","sticky":false,"template":"","format":"standard","meta":{"_jetpack_memberships_contains_paid_content":false,"footnotes":""},"categories":[5,1],"tags":[],"class_list":["post-115160","post","type-post","status-publish","format-standard","has-post-thumbnail","hentry","category-informacion-general","category-portada"],"jetpack_featured_media_url":"https:\/\/i0.wp.com\/cdnoticias.com\/wp-content\/uploads\/2020\/12\/Malvinas-basura.jpg?fit=591%2C394&ssl=1","jetpack_sharing_enabled":true,"_links":{"self":[{"href":"https:\/\/cdnoticias.com\/index.php\/wp-json\/wp\/v2\/posts\/115160","targetHints":{"allow":["GET"]}}],"collection":[{"href":"https:\/\/cdnoticias.com\/index.php\/wp-json\/wp\/v2\/posts"}],"about":[{"href":"https:\/\/cdnoticias.com\/index.php\/wp-json\/wp\/v2\/types\/post"}],"author":[{"embeddable":true,"href":"https:\/\/cdnoticias.com\/index.php\/wp-json\/wp\/v2\/users\/2"}],"replies":[{"embeddable":true,"href":"https:\/\/cdnoticias.com\/index.php\/wp-json\/wp\/v2\/comments?post=115160"}],"version-history":[{"count":0,"href":"https:\/\/cdnoticias.com\/index.php\/wp-json\/wp\/v2\/posts\/115160\/revisions"}],"wp:featuredmedia":[{"embeddable":true,"href":"https:\/\/cdnoticias.com\/index.php\/wp-json\/wp\/v2\/media\/10326"}],"wp:attachment":[{"href":"https:\/\/cdnoticias.com\/index.php\/wp-json\/wp\/v2\/media?parent=115160"}],"wp:term":[{"taxonomy":"category","embeddable":true,"href":"https:\/\/cdnoticias.com\/index.php\/wp-json\/wp\/v2\/categories?post=115160"},{"taxonomy":"post_tag","embeddable":true,"href":"https:\/\/cdnoticias.com\/index.php\/wp-json\/wp\/v2\/tags?post=115160"}],"curies":[{"name":"wp","href":"https:\/\/api.w.org\/{rel}","templated":true}]}}