{"id":11516,"date":"2021-01-15T18:41:57","date_gmt":"2021-01-15T21:41:57","guid":{"rendered":"http:\/\/www.centraldenoticias.com.ar\/?p=11516"},"modified":"2021-01-15T19:49:59","modified_gmt":"2021-01-15T22:49:59","slug":"coronavirus-en-olavarria-este-viernes-fallecio-un-hombre-de-61-anos","status":"publish","type":"post","link":"https:\/\/cdnoticias.com\/index.php\/2021\/01\/15\/coronavirus-en-olavarria-este-viernes-fallecio-un-hombre-de-61-anos\/","title":{"rendered":"Coronavirus en Olavarr\u00eda: este viernes falleci\u00f3 un hombre de 61 a\u00f1os"},"content":{"rendered":"<p>Se encontraba internado desde hac\u00eda 17 d\u00edas en el Hospital Municipal. Adem\u00e1s, se registraron 37 nuevos casos.\u00a0<!--more--><\/p>\n<hr \/>\n<p><strong>Un hombre de 61 a\u00f1os falleci\u00f3 este viernes en Olavarr\u00eda con Covid-19.<\/strong> Estaba internado en el Hospital Municipal \u201cDr. H\u00e9ctor Cura\u201d desde hac\u00eda 17 d\u00edas.<\/p>\n<p>&nbsp;<\/p>\n<p>El fallecimiento fue confirmado en el reporte diario epidemiol\u00f3gico emitido por la Secretar\u00eda de Salud del Municipio en el que tambi\u00e9n se se\u00f1ala que <strong>37 muestras de hisopados resultaron positivas para la enfermedad y 101 negativas.<\/strong><\/p>\n<p>&nbsp;<\/p>\n<p><img data-recalc-dims=\"1\" loading=\"lazy\" decoding=\"async\" class=\"alignnone size-large wp-image-11517\" src=\"https:\/\/i0.wp.com\/cdnoticias.com\/wp-content\/uploads\/2021\/01\/WhatsApp-Image-2021-01-15-at-18.36.17.jpeg?resize=800%2C800&#038;ssl=1\" alt=\"\" width=\"800\" height=\"800\" srcset=\"https:\/\/i0.wp.com\/cdnoticias.com\/wp-content\/uploads\/2021\/01\/WhatsApp-Image-2021-01-15-at-18.36.17.jpeg?resize=1024%2C1024&amp;ssl=1 1024w, https:\/\/i0.wp.com\/cdnoticias.com\/wp-content\/uploads\/2021\/01\/WhatsApp-Image-2021-01-15-at-18.36.17.jpeg?resize=150%2C150&amp;ssl=1 150w, https:\/\/i0.wp.com\/cdnoticias.com\/wp-content\/uploads\/2021\/01\/WhatsApp-Image-2021-01-15-at-18.36.17.jpeg?resize=300%2C300&amp;ssl=1 300w, https:\/\/i0.wp.com\/cdnoticias.com\/wp-content\/uploads\/2021\/01\/WhatsApp-Image-2021-01-15-at-18.36.17.jpeg?resize=768%2C768&amp;ssl=1 768w, https:\/\/i0.wp.com\/cdnoticias.com\/wp-content\/uploads\/2021\/01\/WhatsApp-Image-2021-01-15-at-18.36.17.jpeg?w=1200&amp;ssl=1 1200w\" sizes=\"auto, (max-width: 800px) 100vw, 800px\" \/><\/p>\n<p>&nbsp;<\/p>\n<blockquote><p>Entre las 37 muestras positivas, 8 responden a los testeos realizados por el Programa RTA (6 en la jornada de jueves en Sierras Bayas y 2 este viernes en el m\u00f3dulo del Hospital). Adem\u00e1s, de las 101 negativas, 39 son de dicho Programa (15 en Sierras Bayas y 24 en el Hospital).<\/p><\/blockquote>\n<p>&nbsp;<\/p>\n<p>Las personas que recibieron el alta m\u00e9dica este viernes son 55, por lo que <strong>el n\u00famero de casos activos es 306<\/strong> (el 87% menores de 60 a\u00f1os) que transcurren la enfermedad aislados en sus domicilios,<strong> uno internado en la Unidad de Terapia Intensiva, 13 en Cl\u00ednica Covid y uno en pediatr\u00eda.<\/strong><\/p>\n<p>&nbsp;<\/p>\n<p><img data-recalc-dims=\"1\" loading=\"lazy\" decoding=\"async\" class=\"alignnone size-large wp-image-11518\" src=\"https:\/\/i0.wp.com\/cdnoticias.com\/wp-content\/uploads\/2021\/01\/WhatsApp-Image-2021-01-15-at-18.38.02.jpeg?resize=800%2C800&#038;ssl=1\" alt=\"\" width=\"800\" height=\"800\" srcset=\"https:\/\/i0.wp.com\/cdnoticias.com\/wp-content\/uploads\/2021\/01\/WhatsApp-Image-2021-01-15-at-18.38.02.jpeg?resize=1024%2C1024&amp;ssl=1 1024w, https:\/\/i0.wp.com\/cdnoticias.com\/wp-content\/uploads\/2021\/01\/WhatsApp-Image-2021-01-15-at-18.38.02.jpeg?resize=150%2C150&amp;ssl=1 150w, https:\/\/i0.wp.com\/cdnoticias.com\/wp-content\/uploads\/2021\/01\/WhatsApp-Image-2021-01-15-at-18.38.02.jpeg?resize=300%2C300&amp;ssl=1 300w, https:\/\/i0.wp.com\/cdnoticias.com\/wp-content\/uploads\/2021\/01\/WhatsApp-Image-2021-01-15-at-18.38.02.jpeg?resize=768%2C768&amp;ssl=1 768w, https:\/\/i0.wp.com\/cdnoticias.com\/wp-content\/uploads\/2021\/01\/WhatsApp-Image-2021-01-15-at-18.38.02.jpeg?w=1200&amp;ssl=1 1200w\" sizes=\"auto, (max-width: 800px) 100vw, 800px\" \/><\/p>\n<p>&nbsp;<\/p>\n<p>La Municipalidad de Olavarr\u00eda y el intendente Ezequiel Galli env\u00edan sus condolencias a familiares del paciente fallecido este viernes.<\/p>\n","protected":false},"excerpt":{"rendered":"<p>Se encontraba internado desde hac\u00eda 17 d\u00edas en el Hospital Municipal. Adem\u00e1s, se registraron 37 nuevos casos.\u00a0<\/p>\n","protected":false},"author":5,"featured_media":703,"comment_status":"closed","ping_status":"closed","sticky":false,"template":"","format":"standard","meta":{"_jetpack_memberships_contains_paid_content":false,"footnotes":""},"categories":[5,1],"tags":[],"class_list":["post-11516","post","type-post","status-publish","format-standard","has-post-thumbnail","hentry","category-informacion-general","category-portada"],"jetpack_featured_media_url":"https:\/\/i0.wp.com\/cdnoticias.com\/wp-content\/uploads\/2020\/09\/hospital2.jpg?fit=820%2C543&ssl=1","jetpack_sharing_enabled":true,"_links":{"self":[{"href":"https:\/\/cdnoticias.com\/index.php\/wp-json\/wp\/v2\/posts\/11516","targetHints":{"allow":["GET"]}}],"collection":[{"href":"https:\/\/cdnoticias.com\/index.php\/wp-json\/wp\/v2\/posts"}],"about":[{"href":"https:\/\/cdnoticias.com\/index.php\/wp-json\/wp\/v2\/types\/post"}],"author":[{"embeddable":true,"href":"https:\/\/cdnoticias.com\/index.php\/wp-json\/wp\/v2\/users\/5"}],"replies":[{"embeddable":true,"href":"https:\/\/cdnoticias.com\/index.php\/wp-json\/wp\/v2\/comments?post=11516"}],"version-history":[{"count":0,"href":"https:\/\/cdnoticias.com\/index.php\/wp-json\/wp\/v2\/posts\/11516\/revisions"}],"wp:featuredmedia":[{"embeddable":true,"href":"https:\/\/cdnoticias.com\/index.php\/wp-json\/wp\/v2\/media\/703"}],"wp:attachment":[{"href":"https:\/\/cdnoticias.com\/index.php\/wp-json\/wp\/v2\/media?parent=11516"}],"wp:term":[{"taxonomy":"category","embeddable":true,"href":"https:\/\/cdnoticias.com\/index.php\/wp-json\/wp\/v2\/categories?post=11516"},{"taxonomy":"post_tag","embeddable":true,"href":"https:\/\/cdnoticias.com\/index.php\/wp-json\/wp\/v2\/tags?post=11516"}],"curies":[{"name":"wp","href":"https:\/\/api.w.org\/{rel}","templated":true}]}}