{"id":115143,"date":"2024-05-02T07:46:07","date_gmt":"2024-05-02T10:46:07","guid":{"rendered":"https:\/\/cdnoticias.com\/?p=115143"},"modified":"2024-05-02T07:46:09","modified_gmt":"2024-05-02T10:46:09","slug":"martha-raquel-mozotegui-viuda-de-sallies-q-e-p-d","status":"publish","type":"post","link":"https:\/\/cdnoticias.com\/index.php\/2024\/05\/02\/martha-raquel-mozotegui-viuda-de-sallies-q-e-p-d\/","title":{"rendered":"Martha Raquel Mozotegui viuda de Sallies (Q.E.P.D.)"},"content":{"rendered":"\n<p>Falleci\u00f3 en Olavarr\u00eda el 1 de mayo de 2024 a los 89 a\u00f1os de edad. Sus hijos Gabriela y Gonzalo; sus hijos pol\u00edticos: Santiago Garc\u00eda y Sandra Rosende; sus nietos: Mait\u00e9n, Julia, Pedro, Mart\u00edn, Braulio, Sol y Genaro Sallies; Jerem\u00edas y Valent\u00edn Drobot; Francisca Garc\u00eda Sallies; sus bisnietos: Matilda, Jano, Tahiel y dem\u00e1s deudos participan su fallecimiento.<\/p>\n\n\n\n<p><\/p>\n\n\n\n<p>Sus restos ser\u00e1n velados en Espa\u00f1a 2942, Departamento &#8220;C&#8221; este jueves de 09:00 a 14:30 y ser\u00e1n inhumados en el cementerio Loma de Paz a las 14:30, previo responso en la capilla ardiente. Servicio adherido a Coopelectric. Vecina de Microcentro. Nacida en Olavarr\u00eda. Docente jubilada.<\/p>\n","protected":false},"excerpt":{"rendered":"<p>Falleci\u00f3 en Olavarr\u00eda el 1 de mayo de 2024 a los 89 a\u00f1os de edad. Sus hijos Gabriela y Gonzalo;<\/p>\n","protected":false},"author":2,"featured_media":100390,"comment_status":"closed","ping_status":"closed","sticky":false,"template":"","format":"standard","meta":{"_jetpack_memberships_contains_paid_content":false,"footnotes":""},"categories":[10],"tags":[],"class_list":["post-115143","post","type-post","status-publish","format-standard","has-post-thumbnail","hentry","category-necrologicas"],"jetpack_featured_media_url":"https:\/\/i0.wp.com\/cdnoticias.com\/wp-content\/uploads\/2023\/10\/necrologicas-390-x-240.jpg?fit=390%2C240&ssl=1","jetpack_sharing_enabled":true,"_links":{"self":[{"href":"https:\/\/cdnoticias.com\/index.php\/wp-json\/wp\/v2\/posts\/115143","targetHints":{"allow":["GET"]}}],"collection":[{"href":"https:\/\/cdnoticias.com\/index.php\/wp-json\/wp\/v2\/posts"}],"about":[{"href":"https:\/\/cdnoticias.com\/index.php\/wp-json\/wp\/v2\/types\/post"}],"author":[{"embeddable":true,"href":"https:\/\/cdnoticias.com\/index.php\/wp-json\/wp\/v2\/users\/2"}],"replies":[{"embeddable":true,"href":"https:\/\/cdnoticias.com\/index.php\/wp-json\/wp\/v2\/comments?post=115143"}],"version-history":[{"count":0,"href":"https:\/\/cdnoticias.com\/index.php\/wp-json\/wp\/v2\/posts\/115143\/revisions"}],"wp:featuredmedia":[{"embeddable":true,"href":"https:\/\/cdnoticias.com\/index.php\/wp-json\/wp\/v2\/media\/100390"}],"wp:attachment":[{"href":"https:\/\/cdnoticias.com\/index.php\/wp-json\/wp\/v2\/media?parent=115143"}],"wp:term":[{"taxonomy":"category","embeddable":true,"href":"https:\/\/cdnoticias.com\/index.php\/wp-json\/wp\/v2\/categories?post=115143"},{"taxonomy":"post_tag","embeddable":true,"href":"https:\/\/cdnoticias.com\/index.php\/wp-json\/wp\/v2\/tags?post=115143"}],"curies":[{"name":"wp","href":"https:\/\/api.w.org\/{rel}","templated":true}]}}