{"id":115124,"date":"2024-05-01T18:30:34","date_gmt":"2024-05-01T21:30:34","guid":{"rendered":"https:\/\/cdnoticias.com\/?p=115124"},"modified":"2024-05-01T18:30:36","modified_gmt":"2024-05-01T21:30:36","slug":"bali-bucca-corrio-en-la-vuelta-al-municipio","status":"publish","type":"post","link":"https:\/\/cdnoticias.com\/index.php\/2024\/05\/01\/bali-bucca-corrio-en-la-vuelta-al-municipio\/","title":{"rendered":"Bali Bucca corri\u00f3 en la \u201cVuelta al Municipio\u201d"},"content":{"rendered":"\n<p>El senador provincial particip\u00f3 de la marat\u00f3n y expres\u00f3 que la carrera \u201crepresenta los valores fundamentales de nuestra sociedad: esfuerzo, superaci\u00f3n y solidaridad\u201d.<\/p>\n\n\n\n<hr class=\"wp-block-separator aligncenter has-alpha-channel-opacity\"\/>\n\n\n\n<p>En el d\u00eda del trabajador, el <strong>senador provincial Eduardo &#8220;Bali&#8221; Bucca, particip\u00f3 de la emblem\u00e1tica Marat\u00f3n &#8220;Vuelta al Municipio<\/strong>&#8221; en nuestra ciudad.<\/p>\n\n\n\n<p><\/p>\n\n\n\n<p>Bajo el lema de promover el deporte y la integraci\u00f3n social, Bucca se sum\u00f3 a miles de corredores locales y nacionales en esta celebraci\u00f3n deportiva.<\/p>\n\n\n\n<p><\/p>\n\n\n\n<p>En un gesto de compromiso con su comunidad, el legislador Bucca, gestion\u00f3 d\u00edas antes un convenio con la Municipalidad de Olavarr\u00eda, permitiendo que una <strong>delegaci\u00f3n proveniente de Bol\u00edvar participara en la marat\u00f3n <\/strong>sin costo alguno. Gracias a esta iniciativa, <strong>20 personas pudieron sumarse a la competencia<\/strong>, fortaleciendo los lazos entre ambas localidades.<\/p>\n\n\n\n<p><\/p>\n\n\n\n<blockquote class=\"wp-block-quote is-layout-flow wp-block-quote-is-layout-flow\">\n<p>&#8220;Correr en la Marat\u00f3n de Olavarr\u00eda es un honor y un privilegio. Esta carrera representa los valores fundamentales de nuestra sociedad: esfuerzo, superaci\u00f3n y solidaridad. Me enorgullece formar parte de esta celebraci\u00f3n que une a nuestra regi\u00f3n\u201d, expres\u00f3 Bucca luego de atravesar la l\u00ednea de llegada con un tiempo de 42 minutos.<\/p>\n<\/blockquote>\n\n\n\n<p><\/p>\n\n\n\n<figure class=\"wp-block-image aligncenter size-full\"><img data-recalc-dims=\"1\" loading=\"lazy\" decoding=\"async\" width=\"800\" height=\"456\" src=\"https:\/\/i0.wp.com\/cdnoticias.com\/wp-content\/uploads\/2024\/05\/bucca-maraton-olav2.png?resize=800%2C456&#038;ssl=1\" alt=\"\" class=\"wp-image-115127\" srcset=\"https:\/\/i0.wp.com\/cdnoticias.com\/wp-content\/uploads\/2024\/05\/bucca-maraton-olav2.png?w=838&amp;ssl=1 838w, https:\/\/i0.wp.com\/cdnoticias.com\/wp-content\/uploads\/2024\/05\/bucca-maraton-olav2.png?resize=300%2C171&amp;ssl=1 300w, https:\/\/i0.wp.com\/cdnoticias.com\/wp-content\/uploads\/2024\/05\/bucca-maraton-olav2.png?resize=768%2C438&amp;ssl=1 768w\" sizes=\"auto, (max-width: 800px) 100vw, 800px\" \/><\/figure>\n\n\n\n<p><\/p>\n\n\n\n<p>El compromiso del senador con el deporte y la integraci\u00f3n social se refleja en cada una de sus acciones, y su participaci\u00f3n en la Marat\u00f3n de Olavarr\u00eda es un claro ejemplo de ello.<\/p>\n\n\n\n<p><\/p>\n\n\n\n<p>Cabe destacar que <strong>Bucca ha corrido ultramaratones<\/strong> \u201cnon-stop\u201d (sin parar) de 100 km y 160 km <strong>en distintos puntos del pa\u00eds<\/strong> para visibilizar temas\u00a0 importantes con los que trabaja, como concientizar sobre el c\u00e1ncer de mama, autismo y bomberos voluntarios.<\/p>\n","protected":false},"excerpt":{"rendered":"<p>El senador provincial particip\u00f3 de la marat\u00f3n y expres\u00f3 que la carrera \u201crepresenta los valores fundamentales de nuestra sociedad: esfuerzo,<\/p>\n","protected":false},"author":6,"featured_media":115126,"comment_status":"closed","ping_status":"closed","sticky":false,"template":"","format":"standard","meta":{"_jetpack_memberships_contains_paid_content":false,"footnotes":""},"categories":[5,1],"tags":[],"class_list":["post-115124","post","type-post","status-publish","format-standard","has-post-thumbnail","hentry","category-informacion-general","category-portada"],"jetpack_featured_media_url":"https:\/\/i0.wp.com\/cdnoticias.com\/wp-content\/uploads\/2024\/05\/bucca-maraton-olav.png?fit=940%2C470&ssl=1","jetpack_sharing_enabled":true,"_links":{"self":[{"href":"https:\/\/cdnoticias.com\/index.php\/wp-json\/wp\/v2\/posts\/115124","targetHints":{"allow":["GET"]}}],"collection":[{"href":"https:\/\/cdnoticias.com\/index.php\/wp-json\/wp\/v2\/posts"}],"about":[{"href":"https:\/\/cdnoticias.com\/index.php\/wp-json\/wp\/v2\/types\/post"}],"author":[{"embeddable":true,"href":"https:\/\/cdnoticias.com\/index.php\/wp-json\/wp\/v2\/users\/6"}],"replies":[{"embeddable":true,"href":"https:\/\/cdnoticias.com\/index.php\/wp-json\/wp\/v2\/comments?post=115124"}],"version-history":[{"count":0,"href":"https:\/\/cdnoticias.com\/index.php\/wp-json\/wp\/v2\/posts\/115124\/revisions"}],"wp:featuredmedia":[{"embeddable":true,"href":"https:\/\/cdnoticias.com\/index.php\/wp-json\/wp\/v2\/media\/115126"}],"wp:attachment":[{"href":"https:\/\/cdnoticias.com\/index.php\/wp-json\/wp\/v2\/media?parent=115124"}],"wp:term":[{"taxonomy":"category","embeddable":true,"href":"https:\/\/cdnoticias.com\/index.php\/wp-json\/wp\/v2\/categories?post=115124"},{"taxonomy":"post_tag","embeddable":true,"href":"https:\/\/cdnoticias.com\/index.php\/wp-json\/wp\/v2\/tags?post=115124"}],"curies":[{"name":"wp","href":"https:\/\/api.w.org\/{rel}","templated":true}]}}