{"id":115111,"date":"2024-05-01T16:30:07","date_gmt":"2024-05-01T19:30:07","guid":{"rendered":"https:\/\/cdnoticias.com\/?p=115111"},"modified":"2024-05-01T16:30:59","modified_gmt":"2024-05-01T19:30:59","slug":"comenzo-la-jornada-cultural-en-defensa-de-la-educacion-publica-en-el-ccu","status":"publish","type":"post","link":"https:\/\/cdnoticias.com\/index.php\/2024\/05\/01\/comenzo-la-jornada-cultural-en-defensa-de-la-educacion-publica-en-el-ccu\/","title":{"rendered":"Jornada cultural en defensa de la educaci\u00f3n p\u00fablica en el CCU"},"content":{"rendered":"\n<p>Con gran marco de p\u00fablico, las actividades empezaron con bandas en vivo y feriantes.<\/p>\n\n\n\n<hr class=\"wp-block-separator aligncenter has-alpha-channel-opacity\"\/>\n\n\n\n<p>Este mi\u00e9rcoles, en el <strong>Centro Cultural Universitario<\/strong> (San Mart\u00edn 1955) comenz\u00f3 la<strong> jornada cultural universitaria en defensa de la educaci\u00f3n p\u00fablica.<\/strong><\/p>\n\n\n\n<p><\/p>\n\n\n\n<figure class=\"wp-block-image aligncenter size-full\"><img data-recalc-dims=\"1\" loading=\"lazy\" decoding=\"async\" width=\"800\" height=\"390\" src=\"https:\/\/i0.wp.com\/cdnoticias.com\/wp-content\/uploads\/2024\/05\/jornada-cultural5.png?resize=800%2C390&#038;ssl=1\" alt=\"\" class=\"wp-image-115115\" srcset=\"https:\/\/i0.wp.com\/cdnoticias.com\/wp-content\/uploads\/2024\/05\/jornada-cultural5.png?w=991&amp;ssl=1 991w, https:\/\/i0.wp.com\/cdnoticias.com\/wp-content\/uploads\/2024\/05\/jornada-cultural5.png?resize=300%2C146&amp;ssl=1 300w, https:\/\/i0.wp.com\/cdnoticias.com\/wp-content\/uploads\/2024\/05\/jornada-cultural5.png?resize=768%2C374&amp;ssl=1 768w\" sizes=\"auto, (max-width: 800px) 100vw, 800px\" \/><\/figure>\n\n\n\n<p><\/p>\n\n\n\n<p>Las actividades comenzaron a partir de las 14 horas con <strong>entrada libre y gratuita<\/strong> y se desarrollar\u00e1n diversas propuestas.<\/p>\n\n\n\n<p><\/p>\n\n\n\n<figure class=\"wp-block-image aligncenter size-full\"><img data-recalc-dims=\"1\" loading=\"lazy\" decoding=\"async\" width=\"800\" height=\"428\" src=\"https:\/\/i0.wp.com\/cdnoticias.com\/wp-content\/uploads\/2024\/05\/jornada-cultural3.png?resize=800%2C428&#038;ssl=1\" alt=\"\" class=\"wp-image-115113\" srcset=\"https:\/\/i0.wp.com\/cdnoticias.com\/wp-content\/uploads\/2024\/05\/jornada-cultural3.png?w=995&amp;ssl=1 995w, https:\/\/i0.wp.com\/cdnoticias.com\/wp-content\/uploads\/2024\/05\/jornada-cultural3.png?resize=300%2C160&amp;ssl=1 300w, https:\/\/i0.wp.com\/cdnoticias.com\/wp-content\/uploads\/2024\/05\/jornada-cultural3.png?resize=768%2C411&amp;ssl=1 768w\" sizes=\"auto, (max-width: 800px) 100vw, 800px\" \/><\/figure>\n\n\n\n<p><\/p>\n\n\n\n<blockquote class=\"wp-block-quote is-layout-flow wp-block-quote-is-layout-flow\">\n<p>Habr\u00e1 bandas en vivo, feriantes, muralistas, micr\u00f3fono abierto y arte en vivo.<\/p>\n<\/blockquote>\n\n\n\n<p><\/p>\n\n\n\n<figure class=\"wp-block-image aligncenter size-full\"><img data-recalc-dims=\"1\" loading=\"lazy\" decoding=\"async\" width=\"800\" height=\"405\" src=\"https:\/\/i0.wp.com\/cdnoticias.com\/wp-content\/uploads\/2024\/05\/jornada-cultural6.png?resize=800%2C405&#038;ssl=1\" alt=\"\" class=\"wp-image-115116\" srcset=\"https:\/\/i0.wp.com\/cdnoticias.com\/wp-content\/uploads\/2024\/05\/jornada-cultural6.png?w=999&amp;ssl=1 999w, https:\/\/i0.wp.com\/cdnoticias.com\/wp-content\/uploads\/2024\/05\/jornada-cultural6.png?resize=300%2C152&amp;ssl=1 300w, https:\/\/i0.wp.com\/cdnoticias.com\/wp-content\/uploads\/2024\/05\/jornada-cultural6.png?resize=768%2C389&amp;ssl=1 768w\" sizes=\"auto, (max-width: 800px) 100vw, 800px\" \/><\/figure>\n\n\n\n<p><\/p>\n\n\n\n<p>Entre las bandas que se presentar\u00e1n se encuentran Ana en el Pa\u00eds de las Maravillas, Gato Negro, Senseis Band, Segunda Especie entre otras.<\/p>\n\n\n\n<p><\/p>\n\n\n\n<figure class=\"wp-block-image aligncenter size-large\"><img data-recalc-dims=\"1\" loading=\"lazy\" decoding=\"async\" width=\"800\" height=\"1000\" src=\"https:\/\/i0.wp.com\/cdnoticias.com\/wp-content\/uploads\/2024\/05\/jornada-cultural.jpg?resize=800%2C1000&#038;ssl=1\" alt=\"\" class=\"wp-image-115112\" srcset=\"https:\/\/i0.wp.com\/cdnoticias.com\/wp-content\/uploads\/2024\/05\/jornada-cultural.jpg?resize=819%2C1024&amp;ssl=1 819w, https:\/\/i0.wp.com\/cdnoticias.com\/wp-content\/uploads\/2024\/05\/jornada-cultural.jpg?resize=240%2C300&amp;ssl=1 240w, https:\/\/i0.wp.com\/cdnoticias.com\/wp-content\/uploads\/2024\/05\/jornada-cultural.jpg?resize=768%2C960&amp;ssl=1 768w, https:\/\/i0.wp.com\/cdnoticias.com\/wp-content\/uploads\/2024\/05\/jornada-cultural.jpg?w=900&amp;ssl=1 900w\" sizes=\"auto, (max-width: 800px) 100vw, 800px\" \/><\/figure>\n","protected":false},"excerpt":{"rendered":"<p>Con gran marco de p\u00fablico, las actividades empezaron con bandas en vivo y feriantes. Este mi\u00e9rcoles, en el Centro Cultural<\/p>\n","protected":false},"author":6,"featured_media":115114,"comment_status":"closed","ping_status":"closed","sticky":false,"template":"","format":"standard","meta":{"_jetpack_memberships_contains_paid_content":false,"footnotes":""},"categories":[9,1],"tags":[],"class_list":["post-115111","post","type-post","status-publish","format-standard","has-post-thumbnail","hentry","category-cultura","category-portada"],"jetpack_featured_media_url":"https:\/\/i0.wp.com\/cdnoticias.com\/wp-content\/uploads\/2024\/05\/jornada-cultural4.png?fit=978%2C469&ssl=1","jetpack_sharing_enabled":true,"_links":{"self":[{"href":"https:\/\/cdnoticias.com\/index.php\/wp-json\/wp\/v2\/posts\/115111","targetHints":{"allow":["GET"]}}],"collection":[{"href":"https:\/\/cdnoticias.com\/index.php\/wp-json\/wp\/v2\/posts"}],"about":[{"href":"https:\/\/cdnoticias.com\/index.php\/wp-json\/wp\/v2\/types\/post"}],"author":[{"embeddable":true,"href":"https:\/\/cdnoticias.com\/index.php\/wp-json\/wp\/v2\/users\/6"}],"replies":[{"embeddable":true,"href":"https:\/\/cdnoticias.com\/index.php\/wp-json\/wp\/v2\/comments?post=115111"}],"version-history":[{"count":0,"href":"https:\/\/cdnoticias.com\/index.php\/wp-json\/wp\/v2\/posts\/115111\/revisions"}],"wp:featuredmedia":[{"embeddable":true,"href":"https:\/\/cdnoticias.com\/index.php\/wp-json\/wp\/v2\/media\/115114"}],"wp:attachment":[{"href":"https:\/\/cdnoticias.com\/index.php\/wp-json\/wp\/v2\/media?parent=115111"}],"wp:term":[{"taxonomy":"category","embeddable":true,"href":"https:\/\/cdnoticias.com\/index.php\/wp-json\/wp\/v2\/categories?post=115111"},{"taxonomy":"post_tag","embeddable":true,"href":"https:\/\/cdnoticias.com\/index.php\/wp-json\/wp\/v2\/tags?post=115111"}],"curies":[{"name":"wp","href":"https:\/\/api.w.org\/{rel}","templated":true}]}}