{"id":115092,"date":"2024-05-01T14:08:07","date_gmt":"2024-05-01T17:08:07","guid":{"rendered":"https:\/\/cdnoticias.com\/?p=115092"},"modified":"2024-05-01T17:30:57","modified_gmt":"2024-05-01T20:30:57","slug":"abigeatos-realizaron-dos-allanamientos-en-loma-negra-y-olavarria-e-imputaron-a-dos-personas","status":"publish","type":"post","link":"https:\/\/cdnoticias.com\/index.php\/2024\/05\/01\/abigeatos-realizaron-dos-allanamientos-en-loma-negra-y-olavarria-e-imputaron-a-dos-personas\/","title":{"rendered":"Abigeatos: realizaron dos allanamientos en Loma Negra y Olavarr\u00eda e imputaron a dos personas"},"content":{"rendered":"\n<p>Fue por un hecho registrado d\u00edas atr\u00e1s. Secuestraron cortes de carne vacuna, cinco armas de fuego y tel\u00e9fonos celulares.<\/p>\n\n\n\n<hr class=\"wp-block-separator aligncenter has-alpha-channel-opacity\"\/>\n\n\n\n<p>Tras un hecho de abigeato registrado en los \u00faltimos d\u00edas, <strong>personal de la Subcomisaria de Loma Negra llev\u00f3 adelante dos allanamientos en la localidad y en Olavarr\u00eda donde secuestraron carne vacuna, armas de fuego y tel\u00e9fonos celulares e imputaron a dos personas de 34 y 29 a\u00f1os.<\/strong><\/p>\n\n\n\n<p>Seg\u00fan se inform\u00f3 oficialmente, <strong>fue un operativo conjunto en el que colaboraron, adem\u00e1s, personal de Comisar\u00eda Primera, Segunda, Subcomisar\u00eda de Sierras Bayas, Comando de Patrullas Rural, Polic\u00eda Cient\u00edfica y de Bromatolog\u00eda del Municipio.<\/strong><\/p>\n\n\n\n<figure class=\"wp-block-image size-full\"><img data-recalc-dims=\"1\" loading=\"lazy\" decoding=\"async\" width=\"611\" height=\"557\" src=\"https:\/\/i0.wp.com\/cdnoticias.com\/wp-content\/uploads\/2024\/05\/WhatsApp-Image-2024-05-01-at-11.42.14-2-rotated.jpeg?resize=611%2C557&#038;ssl=1\" alt=\"\" class=\"wp-image-115095\" srcset=\"https:\/\/i0.wp.com\/cdnoticias.com\/wp-content\/uploads\/2024\/05\/WhatsApp-Image-2024-05-01-at-11.42.14-2-rotated.jpeg?w=611&amp;ssl=1 611w, https:\/\/i0.wp.com\/cdnoticias.com\/wp-content\/uploads\/2024\/05\/WhatsApp-Image-2024-05-01-at-11.42.14-2-rotated.jpeg?resize=300%2C273&amp;ssl=1 300w\" sizes=\"auto, (max-width: 611px) 100vw, 611px\" \/><\/figure>\n\n\n\n<p>En los procedimientos, secuestraron <strong>cortes de carne vacuna, restos \u00f3seos de animal vacuno, cinco armas de fuego con sus municiones y telefon\u00eda celular.<\/strong><\/p>\n\n\n\n<p>Es por ello que<strong> fueron imputados por abigeato dos personas, de 34 y 29 a\u00f1os,<\/strong> en una causa que interviene la Ayudant\u00eda Fiscal Especializada en Delitos de Abigeato y Conexos.<\/p>\n","protected":false},"excerpt":{"rendered":"<p>Fue por un hecho registrado d\u00edas atr\u00e1s. Secuestraron cortes de carne vacuna, cinco armas de fuego y tel\u00e9fonos celulares. Tras<\/p>\n","protected":false},"author":2,"featured_media":115094,"comment_status":"closed","ping_status":"closed","sticky":false,"template":"","format":"standard","meta":{"_jetpack_memberships_contains_paid_content":false,"footnotes":""},"categories":[14,1],"tags":[],"class_list":["post-115092","post","type-post","status-publish","format-standard","has-post-thumbnail","hentry","category-policiales","category-portada"],"jetpack_featured_media_url":"https:\/\/i0.wp.com\/cdnoticias.com\/wp-content\/uploads\/2024\/05\/WhatsApp-Image-2024-05-01-at-11.42.14-1.jpeg?fit=1139%2C491&ssl=1","jetpack_sharing_enabled":true,"_links":{"self":[{"href":"https:\/\/cdnoticias.com\/index.php\/wp-json\/wp\/v2\/posts\/115092","targetHints":{"allow":["GET"]}}],"collection":[{"href":"https:\/\/cdnoticias.com\/index.php\/wp-json\/wp\/v2\/posts"}],"about":[{"href":"https:\/\/cdnoticias.com\/index.php\/wp-json\/wp\/v2\/types\/post"}],"author":[{"embeddable":true,"href":"https:\/\/cdnoticias.com\/index.php\/wp-json\/wp\/v2\/users\/2"}],"replies":[{"embeddable":true,"href":"https:\/\/cdnoticias.com\/index.php\/wp-json\/wp\/v2\/comments?post=115092"}],"version-history":[{"count":0,"href":"https:\/\/cdnoticias.com\/index.php\/wp-json\/wp\/v2\/posts\/115092\/revisions"}],"wp:featuredmedia":[{"embeddable":true,"href":"https:\/\/cdnoticias.com\/index.php\/wp-json\/wp\/v2\/media\/115094"}],"wp:attachment":[{"href":"https:\/\/cdnoticias.com\/index.php\/wp-json\/wp\/v2\/media?parent=115092"}],"wp:term":[{"taxonomy":"category","embeddable":true,"href":"https:\/\/cdnoticias.com\/index.php\/wp-json\/wp\/v2\/categories?post=115092"},{"taxonomy":"post_tag","embeddable":true,"href":"https:\/\/cdnoticias.com\/index.php\/wp-json\/wp\/v2\/tags?post=115092"}],"curies":[{"name":"wp","href":"https:\/\/api.w.org\/{rel}","templated":true}]}}