{"id":115028,"date":"2024-04-30T19:12:03","date_gmt":"2024-04-30T22:12:03","guid":{"rendered":"https:\/\/cdnoticias.com\/?p=115028"},"modified":"2024-05-01T11:50:53","modified_gmt":"2024-05-01T14:50:53","slug":"por-falta-de-pago-del-salario-tu-bus-anuncio-un-paro-para-el-jueves","status":"publish","type":"post","link":"https:\/\/cdnoticias.com\/index.php\/2024\/04\/30\/por-falta-de-pago-del-salario-tu-bus-anuncio-un-paro-para-el-jueves\/","title":{"rendered":"Por falta de pago del salario, Tu Bus anunci\u00f3 un paro para el jueves"},"content":{"rendered":"\n<p>El mi\u00e9rcoles el transporte p\u00fablico no funcionar\u00e1 por el D\u00eda de los Trabajadores. \u201cDebimos tomar esta medida de acci\u00f3n directa ya que no se complet\u00f3 el pago del sueldo de marzo\u201d.<\/p>\n\n\n\n<hr class=\"wp-block-separator aligncenter has-alpha-channel-opacity\"\/>\n\n\n\n<p><strong>Choferes del transporte p\u00fablico urbano de la ciudad, Tu Bus, anunciaron un paro de actividades para el pr\u00f3ximo jueves por falta de pago de la totalidad del salario de marzo.<\/strong> Se suma al cese del servicio para este mi\u00e9rcoles por el D\u00eda de los Trabajadores.<\/p>\n\n\n\n<p>En un comunicado emitido en la tarde de este martes, <em><strong>\u201cel 2 de mayo habr\u00e1 paro de actividades\u201d.<\/strong><\/em><\/p>\n\n\n\n<blockquote class=\"wp-block-quote is-layout-flow wp-block-quote-is-layout-flow\">\n<p>\u201cDebimos tomar esta medida de acci\u00f3n directa, ya que a\u00fan no se complet\u00f3 el sueldo de marzo\u201d agregaron.<\/p>\n<\/blockquote>\n\n\n\n<p>Explicaron a los usuarios del transporte que \u201c<em><strong>sabemos que en las circunstancias econ\u00f3micas actuales es fundamental poder contar con la totalidad de nuestros ingresos para poder llevar tranquilidad a nuestras familias\u201d.<\/strong><\/em><\/p>\n\n\n\n<p>De hecho, <strong>la semana pasada realizaron una sorpresiva e importante asamblea de trabajadores para pedir explicaciones por la demora del pago. En ese momento, la empresa se hab\u00eda comprometido para pagar \u201cen la semana\u201d y los trabajadores agremiados en la UTA se\u00f1alaron que esperar\u00edan hasta el martes<\/strong> y si no se efectuaba el paro, tomar\u00edan medidas directas, algo que confirmaron esta tarde.<\/p>\n\n\n\n<p><strong>Este mi\u00e9rcoles, por otra parte, las dos empresas de transporte p\u00fablico \u2013urbano e interurbano- no funcionar\u00e1 en Olavarr\u00eda y las localidades por la conmemoraci\u00f3n del D\u00eda de los Trabajadores.<\/strong><\/p>\n","protected":false},"excerpt":{"rendered":"<p>El mi\u00e9rcoles el transporte p\u00fablico no funcionar\u00e1 por el D\u00eda de los Trabajadores. \u201cDebimos tomar esta medida de acci\u00f3n directa<\/p>\n","protected":false},"author":2,"featured_media":1042,"comment_status":"closed","ping_status":"closed","sticky":false,"template":"","format":"standard","meta":{"_jetpack_memberships_contains_paid_content":false,"footnotes":""},"categories":[5],"tags":[],"class_list":["post-115028","post","type-post","status-publish","format-standard","has-post-thumbnail","hentry","category-informacion-general"],"jetpack_featured_media_url":"https:\/\/i0.wp.com\/cdnoticias.com\/wp-content\/uploads\/2020\/09\/TuBus-1024x683.jpg?fit=1024%2C683&ssl=1","jetpack_sharing_enabled":true,"_links":{"self":[{"href":"https:\/\/cdnoticias.com\/index.php\/wp-json\/wp\/v2\/posts\/115028","targetHints":{"allow":["GET"]}}],"collection":[{"href":"https:\/\/cdnoticias.com\/index.php\/wp-json\/wp\/v2\/posts"}],"about":[{"href":"https:\/\/cdnoticias.com\/index.php\/wp-json\/wp\/v2\/types\/post"}],"author":[{"embeddable":true,"href":"https:\/\/cdnoticias.com\/index.php\/wp-json\/wp\/v2\/users\/2"}],"replies":[{"embeddable":true,"href":"https:\/\/cdnoticias.com\/index.php\/wp-json\/wp\/v2\/comments?post=115028"}],"version-history":[{"count":0,"href":"https:\/\/cdnoticias.com\/index.php\/wp-json\/wp\/v2\/posts\/115028\/revisions"}],"wp:featuredmedia":[{"embeddable":true,"href":"https:\/\/cdnoticias.com\/index.php\/wp-json\/wp\/v2\/media\/1042"}],"wp:attachment":[{"href":"https:\/\/cdnoticias.com\/index.php\/wp-json\/wp\/v2\/media?parent=115028"}],"wp:term":[{"taxonomy":"category","embeddable":true,"href":"https:\/\/cdnoticias.com\/index.php\/wp-json\/wp\/v2\/categories?post=115028"},{"taxonomy":"post_tag","embeddable":true,"href":"https:\/\/cdnoticias.com\/index.php\/wp-json\/wp\/v2\/tags?post=115028"}],"curies":[{"name":"wp","href":"https:\/\/api.w.org\/{rel}","templated":true}]}}