{"id":115024,"date":"2024-04-30T20:37:24","date_gmt":"2024-04-30T23:37:24","guid":{"rendered":"https:\/\/cdnoticias.com\/?p=115024"},"modified":"2024-05-01T09:40:03","modified_gmt":"2024-05-01T12:40:03","slug":"detectaron-dos-alcoholemias-positivas-y-diversas-infracciones-viales","status":"publish","type":"post","link":"https:\/\/cdnoticias.com\/index.php\/2024\/04\/30\/detectaron-dos-alcoholemias-positivas-y-diversas-infracciones-viales\/","title":{"rendered":"Detectaron dos alcoholemias positivas y diversas infracciones viales"},"content":{"rendered":"\n<p>Los operativos se llevaron a cabo el \u00faltimo fin de semana. Entre las infracciones se detectaron faltantes de licencias de conducir y de patentes.<\/p>\n\n\n\n<hr class=\"wp-block-separator aligncenter has-alpha-channel-opacity\"\/>\n\n\n\n<p>Desde la Subsecretar\u00eda de Seguridad del Municipio se inform\u00f3 que permanecen los esfuerzos preventivos en materia de seguridad vial a trav\u00e9s de distintas labores desplegadas desde la Direcci\u00f3n de Control Urbano.<\/p>\n\n\n\n<p><\/p>\n\n\n\n<p>En ese marco, se detall\u00f3 que durante <strong>el \u00faltimo fin de semana se detectaron dos alcoholemias positivas <\/strong>en <strong>conductores de motocicletas.<\/strong><\/p>\n\n\n\n<p><\/p>\n\n\n\n<blockquote class=\"wp-block-quote is-layout-flow wp-block-quote-is-layout-flow\">\n<p>Los test arrojaron dosajes de 1.55 y 0.17 g\/l de alcohol en sangre. Se recuerda a la poblaci\u00f3n que en la Provincia de Buenos Aires se encuentra en vigencia la Ley de \u201cAlcohol Cero\u201d.<\/p>\n<\/blockquote>\n\n\n\n<p><\/p>\n\n\n\n<p>A la par, <strong>ambos conductores carec\u00edan de toda documentaci\u00f3n habilitante, <\/strong>por lo que adem\u00e1s del inicio de las actas de infracci\u00f3n correspondientes se procedi\u00f3 a la<strong> retenci\u00f3n de los rodados.<\/strong><\/p>\n\n\n\n<p><\/p>\n\n\n\n<p>De manera paralela, tambi\u00e9n <strong>se infraccion\u00f3 a otros motociclistas por la circulaci\u00f3n sin chapa patente, luces, casco y documentos tales como seguro, VTV e inclusive licencia de conducir.<\/strong><\/p>\n\n\n\n<p><\/p>\n\n\n\n<p>Por \u00faltimo, tambi\u00e9n se le inici\u00f3 un <strong>acta de infracci\u00f3n al conductor de un autom\u00f3vil por circular sin la documentaci\u00f3n habilitante<\/strong>. Todo lo actuado fue puesto a disposici\u00f3n del Juez de Faltas Local.<\/p>\n","protected":false},"excerpt":{"rendered":"<p>Los operativos se llevaron a cabo el \u00faltimo fin de semana. Entre las infracciones se detectaron faltantes de licencias de<\/p>\n","protected":false},"author":6,"featured_media":115027,"comment_status":"closed","ping_status":"closed","sticky":false,"template":"","format":"standard","meta":{"_jetpack_memberships_contains_paid_content":false,"footnotes":""},"categories":[14,1],"tags":[],"class_list":["post-115024","post","type-post","status-publish","format-standard","has-post-thumbnail","hentry","category-policiales","category-portada"],"jetpack_featured_media_url":"https:\/\/i0.wp.com\/cdnoticias.com\/wp-content\/uploads\/2024\/04\/alcoholemia-positiva2.png?fit=1000%2C523&ssl=1","jetpack_sharing_enabled":true,"_links":{"self":[{"href":"https:\/\/cdnoticias.com\/index.php\/wp-json\/wp\/v2\/posts\/115024","targetHints":{"allow":["GET"]}}],"collection":[{"href":"https:\/\/cdnoticias.com\/index.php\/wp-json\/wp\/v2\/posts"}],"about":[{"href":"https:\/\/cdnoticias.com\/index.php\/wp-json\/wp\/v2\/types\/post"}],"author":[{"embeddable":true,"href":"https:\/\/cdnoticias.com\/index.php\/wp-json\/wp\/v2\/users\/6"}],"replies":[{"embeddable":true,"href":"https:\/\/cdnoticias.com\/index.php\/wp-json\/wp\/v2\/comments?post=115024"}],"version-history":[{"count":0,"href":"https:\/\/cdnoticias.com\/index.php\/wp-json\/wp\/v2\/posts\/115024\/revisions"}],"wp:featuredmedia":[{"embeddable":true,"href":"https:\/\/cdnoticias.com\/index.php\/wp-json\/wp\/v2\/media\/115027"}],"wp:attachment":[{"href":"https:\/\/cdnoticias.com\/index.php\/wp-json\/wp\/v2\/media?parent=115024"}],"wp:term":[{"taxonomy":"category","embeddable":true,"href":"https:\/\/cdnoticias.com\/index.php\/wp-json\/wp\/v2\/categories?post=115024"},{"taxonomy":"post_tag","embeddable":true,"href":"https:\/\/cdnoticias.com\/index.php\/wp-json\/wp\/v2\/tags?post=115024"}],"curies":[{"name":"wp","href":"https:\/\/api.w.org\/{rel}","templated":true}]}}