{"id":114996,"date":"2024-04-30T11:10:35","date_gmt":"2024-04-30T14:10:35","guid":{"rendered":"https:\/\/cdnoticias.com\/?p=114996"},"modified":"2024-04-30T16:38:49","modified_gmt":"2024-04-30T19:38:49","slug":"ezequiel-collado-estamos-en-tiempos-dificiles-y-se-vienen-tiempos-mucho-mas-dificiles","status":"publish","type":"post","link":"https:\/\/cdnoticias.com\/index.php\/2024\/04\/30\/ezequiel-collado-estamos-en-tiempos-dificiles-y-se-vienen-tiempos-mucho-mas-dificiles\/","title":{"rendered":"Ezequiel Collado: \u201cEstamos en tiempos dif\u00edciles y se vienen tiempos mucho m\u00e1s dif\u00edciles\u201d"},"content":{"rendered":"<p>Tras la formalizaci\u00f3n de la CGT Regional Olavarr\u00eda los nuevos delegados hablaron del \u201cconsenso\u201d para la conformaci\u00f3n, de la coyuntura laboral y del paro del 9 de mayo. \u201cVamos a ser una de las regionales m\u00e1s fuertes de la provincia\u201d dijo. El agradecimiento de Manzur a Jos\u00e9 Stuppia.<!--more--><\/p>\n<hr \/>\n<p><a href=\"https:\/\/cdnoticias.com\/index.php\/2024\/04\/29\/en-un-historico-acto-se-normalizo-la-cgt-olavarria\/\" target=\"_blank\" rel=\"noopener\">Este lunes se desarroll\u00f3 el plenario que dej\u00f3<strong> normalizada la CGT Regional Olavarr\u00eda<\/strong><\/a> y se oficializ\u00f3 la <strong>conducci\u00f3n con Ezequiel Collado y Carlos Manzur<\/strong> en los cargos de delegados regionales. Al cierre del encuentro en la Sociedad de Fomento Mariano Moreno ambos hablaron con los medios locales.<\/p>\n<p>&nbsp;<\/p>\n<p>El <strong>consenso<\/strong> para la conformaci\u00f3n y la unidad de<strong> 51 gremios<\/strong>. Las <strong>luchas<\/strong> que vienen desde el <strong>paro general del 9 de mayo<\/strong>. La coyuntura con <strong>ca\u00edda de puestos laborales<\/strong>,<em> \u201cestamos pasando por momentos catastr\u00f3ficos de despidos, suspensiones\u201d,<\/em> y el mensaje para los empresarios, <strong>\u201cac\u00e1 no solamente est\u00e1 perdiendo el trabajador, est\u00e1 perdiendo toda la clase empresarial que apuesta a estos modelos\u201d<\/strong>.<\/p>\n<p>&nbsp;<\/p>\n<p><em>&#8211; \u00bfC\u00f3mo defin\u00eds ese momento que han vivido?<\/em><\/p>\n<p>EC- Un <strong>momento hist\u00f3rico<\/strong>, por ah\u00ed con sensaciones encontradas. No pudimos hablar, se extendi\u00f3 demasiado el acto. Pero bueno, con sensaciones encontradas porque recuerdo <em>hace m\u00e1s de dos a\u00f1os cuando arrancamos esto estaba el <a href=\"https:\/\/cdnoticias.com\/index.php\/2024\/04\/29\/fallecio-jorge-de-crecchio-titular-de-camioneros-en-olavarria\/\" target=\"_blank\" rel=\"noopener\">compa\u00f1ero el camionero Jorge De Crecchio<\/a><\/em><a href=\"_wp_link_placeholder\"> y hasta el viernes estaba sabiendo que esto se iba a normalizar<\/a>. As\u00ed que <strong>fue un d\u00eda emotivo<\/strong> pero a la vez tambi\u00e9n un d\u00eda para reconocerlo a \u00e9l, que se cumpli\u00f3 lo que \u00e9l tanto anhelaba y tanto quer\u00eda: que <strong>la CGT despu\u00e9s de m\u00e1s de 30 a\u00f1os se normalizara, que estemos todos juntos<\/strong>. Lo demostramos.<\/p>\n<blockquote><p>Lo demostramos hoy estando m\u00e1s de 50 gremios ante un debate de mucho tiempo, lucha, resistencia, con mucho obst\u00e1culo en el medio. Me parece que el tiempo lo amerita, que estemos todos juntos y luchando por lo que m\u00e1s necesitan.<\/p><\/blockquote>\n<p>&nbsp;<\/p>\n<p>&#8211;<em>\u00bfQu\u00e9 pas\u00f3 que en las negociaciones eran 40 gremios y ac\u00e1 aparecieron 51? \u00bfQu\u00e9 se puede saber de eso?<\/em><\/p>\n<p>EC- Yo creo que <strong>cuando hay debate y di\u00e1logo, el consenso, todo se puede solucionar<\/strong>. Es lo que pregonamos nosotros durante estos dos a\u00f1os. Que el di\u00e1logo est\u00e9, que dejemos las mezquindades, que por ah\u00ed por no escuchar segu\u00edamos estando separados. Olavarr\u00eda no est\u00e1 en lo que pasa a nivel nacional y en todos lados. <strong>Olavarr\u00eda es una ciudad muy importante. Que tambi\u00e9n quiero decir que tambi\u00e9n han habido muchos factores que siempre nos han querido romper<\/strong>. Bueno, hoy creo que la dirigencia sindical con gente joven, con gente de mucha experiencia tambi\u00e9n, hemos entendido que ten\u00edamos que estar todos juntos.<\/p>\n<blockquote><p>Estamos en tiempos dif\u00edciles y se vienen tiempos mucho m\u00e1s dif\u00edciles. El movimiento obrero de una vez por todas en Olavarr\u00eda, estamos todos juntos. Como creo que nunca pas\u00f3. Y bueno, ahora se logr\u00f3 un paso. Hay que dar el otro, tomar el compromiso que tenemos nosotros como movimiento obrero.<\/p><\/blockquote>\n<p>&nbsp;<\/p>\n<p><img data-recalc-dims=\"1\" loading=\"lazy\" decoding=\"async\" class=\"size-full wp-image-114970 aligncenter\" src=\"https:\/\/i0.wp.com\/cdnoticias.com\/wp-content\/uploads\/2024\/04\/NormalizacionCGTOlavarria-92.jpg?resize=800%2C531&#038;ssl=1\" alt=\"\" width=\"800\" height=\"531\" srcset=\"https:\/\/i0.wp.com\/cdnoticias.com\/wp-content\/uploads\/2024\/04\/NormalizacionCGTOlavarria-92.jpg?w=1024&amp;ssl=1 1024w, https:\/\/i0.wp.com\/cdnoticias.com\/wp-content\/uploads\/2024\/04\/NormalizacionCGTOlavarria-92.jpg?resize=300%2C199&amp;ssl=1 300w, https:\/\/i0.wp.com\/cdnoticias.com\/wp-content\/uploads\/2024\/04\/NormalizacionCGTOlavarria-92.jpg?resize=768%2C510&amp;ssl=1 768w, https:\/\/i0.wp.com\/cdnoticias.com\/wp-content\/uploads\/2024\/04\/NormalizacionCGTOlavarria-92.jpg?resize=272%2C182&amp;ssl=1 272w\" sizes=\"auto, (max-width: 800px) 100vw, 800px\" \/><\/p>\n<p>&nbsp;<\/p>\n<p>&#8211;<em>\u00bfY cu\u00e1les son los caminos a seguir?<\/em><\/p>\n<p>&nbsp;<\/p>\n<p>EC- Tenemos muchas actividades. <strong>Estamos pasando por momentos catastr\u00f3ficos de despidos, suspensiones<\/strong> y m\u00e1s all\u00e1 de que nosotros hemos estado y estamos en diferentes lugares era necesario tener la normalizaci\u00f3n, por algo legal, como corresponde.<\/p>\n<blockquote><p>Y a cada compa\u00f1ero, a cada trabajador que nos llame vamos a estar. Porque sabemos que los empresarios hoy est\u00e1n m\u00e1s vivos que nunca y quieren ir por nuestros derechos ya sin decirnos nada.<\/p><\/blockquote>\n<p>Pero cuando estemos todos juntos y vayamos a los lugares que nos necesiten, creo que la CGT va a estar. <strong>Creo que est\u00e1 encolumnada para ser, no solamente de Olavarr\u00eda, creo que vamos a ser una de las regionales m\u00e1s fuertes de la provincia.<\/strong><\/p>\n<p>&nbsp;<\/p>\n<p>&#8211;<em>Se viene el paro general del 9 de mayo, \u00bfya tienen alguna postura al respecto?<\/em><\/p>\n<p>EC- <strong>S\u00ed, el 9 el paro va a ser obviamente bien acatado a nivel nacional de CGT y vamos a estar<\/strong>. Vamos a tratar de trabajar para el mi\u00e9rcoles con la manifestaci\u00f3n. Nos queda poco tiempo, estuvimos abocados a esta normalizaci\u00f3n que nos llev\u00f3 much\u00edsimo tiempo. <strong>Hasta \u00faltimo momento no sab\u00edamos que \u00e9ramos 51 gremios<\/strong> y hoy lo pudimos lograr.<\/p>\n<blockquote><p>Quiere decir que el esfuerzo que ha hecho el movimiento obrero de Olavarr\u00eda vali\u00f3 la pena. El esfuerzo, el tiempo que se tard\u00f3 vali\u00f3 la pena.<\/p><\/blockquote>\n<p>Por eso es que tambi\u00e9n todo esto <strong>est\u00e1 dedicado a Jorge De Crecchio, que \u00e9l siempre quiso la unidad de todos<\/strong>.<\/p>\n<p>&nbsp;<\/p>\n<p>&#8211;<em>\u00bfSe puede hablar de unidad con la ausencia de Miguel Santill\u00e1n del CECO y de Alejandro Santill\u00e1n de AOMA? Si bien mandaron representantes, son dos figuras que ac\u00e1 no estaban.<\/em><\/p>\n<p>EC- <strong>Pero est\u00e1n. Porque est\u00e1 Bruno D\u00b4Amico<\/strong>, que hoy particip\u00f3 y va a ayudar y va a estar en la mesa de di\u00e1logo. <strong>Lo mismo que Guillermo (Santell\u00e1n)<\/strong>. Nosotros desde el primer momento que se dio el debate hicimos el consenso para estemos todos. <strong>Creo que hoy dimos un paso fundamental, lo quiero dejar bien claro, para el movimiento obrero, para el trabajador<\/strong>. Hoy me toc\u00f3 a m\u00ed estar a la cabeza, pero siempre lo dije que la cabeza somos todos. Si no estamos todos en un consenso, di\u00e1logo, que vayamos todos para el mismo lugar, no sirve. <strong>Hoy logramos un paso, que Empleados de Comercio est\u00e9 en la mesa de discusi\u00f3n, que AOMA est\u00e9, que Luz y Fuerza tambi\u00e9n est\u00e9, que los dem\u00e1s gremios que no estaban tambi\u00e9n est\u00e9n<\/strong>.<\/p>\n<blockquote><p>El paso es importante, creo que se van a venir desaf\u00edos muy grandes para el movimiento obrero de Olavarr\u00eda. Esperemos estar a la altura de las circunstancias para defender todos los derechos que, la verdad, que hoy la clase empresarial quiere ir en contra de todos los trabajadores.<\/p><\/blockquote>\n<p>&nbsp;<\/p>\n<p><img data-recalc-dims=\"1\" loading=\"lazy\" decoding=\"async\" class=\"size-full wp-image-114888 aligncenter\" src=\"https:\/\/i0.wp.com\/cdnoticias.com\/wp-content\/uploads\/2024\/04\/NormalizacionCGTOlavarria-02.jpg?resize=800%2C531&#038;ssl=1\" alt=\"\" width=\"800\" height=\"531\" srcset=\"https:\/\/i0.wp.com\/cdnoticias.com\/wp-content\/uploads\/2024\/04\/NormalizacionCGTOlavarria-02.jpg?w=1024&amp;ssl=1 1024w, https:\/\/i0.wp.com\/cdnoticias.com\/wp-content\/uploads\/2024\/04\/NormalizacionCGTOlavarria-02.jpg?resize=300%2C199&amp;ssl=1 300w, https:\/\/i0.wp.com\/cdnoticias.com\/wp-content\/uploads\/2024\/04\/NormalizacionCGTOlavarria-02.jpg?resize=768%2C510&amp;ssl=1 768w, https:\/\/i0.wp.com\/cdnoticias.com\/wp-content\/uploads\/2024\/04\/NormalizacionCGTOlavarria-02.jpg?resize=272%2C182&amp;ssl=1 272w\" sizes=\"auto, (max-width: 800px) 100vw, 800px\" \/><\/p>\n<p>&nbsp;<\/p>\n<p><em>-\u00bfLa coyuntura econ\u00f3mica ha facilitado la unidad de los gremios?<\/em><\/p>\n<p>EC- S\u00ed, la verdad que<strong> la parte econ\u00f3mica es desastrosa<\/strong>. Lo estamos viviendo nosotros. <strong>En lo personal hace cuatro meses que no podemos debatir paritaria con esta inflaci\u00f3n galopante<\/strong>, que un trabajador hace cuatro meses que no cobra un aumento es terror\u00edfico. Y as\u00ed como lo vivimos nosotros lo viven todas las actividades, estamos iguales.<\/p>\n<blockquote><p>Y cuando queremos defender nuestro derecho de cobrar un salario digno nos est\u00e1n diciendo que nos quedamos sin fuentes de trabajo. O sea que la situaci\u00f3n es desesperante. Los olavarrienses lo est\u00e1n viviendo en todos lados. Est\u00e1n teniendo miedo. No pueden salir a decirlo porque si no los echan. Entonces hoy se va a tener que poner el traje la CGT y salir por todos esos reclamos que no tienen la fuerza para hacerlo, por eso es que esta CCGT tiene que tener la fuerza para realmente abatir todos esos problemas que quedan en la nada.<\/p><\/blockquote>\n<p>&nbsp;<\/p>\n<p><em>-\u00bfCre\u00e9s que en medio de la crisis algunos gremios van a aceptar suspensiones, que van a aceptar medidas antes de los despidos?<\/em><\/p>\n<p>EC- Yo creo que no. Pero tambi\u00e9n <strong>hay una situaci\u00f3n muy compleja, que no hay trabajo.<\/strong> Las f\u00e1bricas, en las diferentes actividades no hay trabajo. Entonces hoy tambi\u00e9n estamos diciendo, <strong>d\u00e1ndole un mensaje a la clase empresarial que defiende estas pol\u00edticas, que tambi\u00e9n est\u00e1n perdiendo ellos<\/strong>.<\/p>\n<blockquote><p>O sea, ac\u00e1 no solamente est\u00e1 perdiendo el trabajador, est\u00e1 perdiendo toda la clase empresarial que apuesta a estos modelos. Al fin y al cabo, hasta ellos tambi\u00e9n est\u00e1n perdiendo, porque los vemos en los que recorremos diferentes f\u00e1bricas y la actividad se cay\u00f3 totalmente.<\/p><\/blockquote>\n<p>Entonces, muchos creyendo que se va a subir, pero <strong>sabemos que ya la actividad no aguanta m\u00e1s<\/strong>. Entonces hay que dar un debate, hay que estar en las situaciones donde realmente los empresarios por ah\u00ed se abusan porque nosotros este debate lo estamos dando en todos lados.<\/p>\n<blockquote><p>Hace un tiempo atr\u00e1s estaban con r\u00e9cord de producci\u00f3n en muchos lugares y no nos repartieron las ganancias como correspond\u00eda. Y ahora que se est\u00e1 perdiendo, el plato roto lo tenemos que pagar los trabajadores. Entonces tenemos que estar en defensa, en lucha, la bandera bien arriba y en la calle como corresponde.<\/p><\/blockquote>\n<p>&nbsp;<\/p>\n<p><img data-recalc-dims=\"1\" loading=\"lazy\" decoding=\"async\" class=\"size-full wp-image-114902 aligncenter\" src=\"https:\/\/i0.wp.com\/cdnoticias.com\/wp-content\/uploads\/2024\/04\/NormalizacionCGTOlavarria-16.jpg?resize=800%2C531&#038;ssl=1\" alt=\"\" width=\"800\" height=\"531\" srcset=\"https:\/\/i0.wp.com\/cdnoticias.com\/wp-content\/uploads\/2024\/04\/NormalizacionCGTOlavarria-16.jpg?w=1024&amp;ssl=1 1024w, https:\/\/i0.wp.com\/cdnoticias.com\/wp-content\/uploads\/2024\/04\/NormalizacionCGTOlavarria-16.jpg?resize=300%2C199&amp;ssl=1 300w, https:\/\/i0.wp.com\/cdnoticias.com\/wp-content\/uploads\/2024\/04\/NormalizacionCGTOlavarria-16.jpg?resize=768%2C510&amp;ssl=1 768w, https:\/\/i0.wp.com\/cdnoticias.com\/wp-content\/uploads\/2024\/04\/NormalizacionCGTOlavarria-16.jpg?resize=272%2C182&amp;ssl=1 272w\" sizes=\"auto, (max-width: 800px) 100vw, 800px\" \/><\/p>\n<p>&nbsp;<\/p>\n<p>&#8211;<em>Ezequiel, hay una conducci\u00f3n colegiada de la CGT porque son cinco, los dos regionales y tres adjuntos. \u00bfEso ayud\u00f3 a la unidad?<\/em><\/p>\n<p>EC- Totalmente. Sobre todo ayud\u00f3 porque<strong> el consenso sali\u00f3 de todos. Hoy me toca estar a la cabeza, lo mismo que Carlitos Manzur, pero ac\u00e1 somos todos.<\/strong> Somos todos porque el consenso lo tenemos que dar puerta adentro sobre todo. As\u00ed como los gremios que no estaban y hoy est\u00e1n, es porque se dio un consenso. <strong>El movimiento obrero que tiene que estar en la calle es la unidad de todos nosotros.<\/strong> Entonces ese debate lo tenemos que dar nosotros para adentro. Lo hemos dado. Creemos que lo hemos hecho con creces, que despu\u00e9s de m\u00e1s de 30 a\u00f1os Olavarr\u00eda tenga una CGT normalizada. M\u00e1s all\u00e1 de que estemos los delegados y tres adjuntos,<strong> en realidad lo importante es que estamos los m\u00e1s de 50 gremios.<\/strong><\/p>\n<p>&nbsp;<\/p>\n<p><em>-Carlos, con los a\u00f1os que ten\u00e9s de gremialismo, \u00bfhas visto un debate de formaci\u00f3n de CGT como este que se ha dado estos a\u00f1os?<\/em><\/p>\n<p>CM &#8211; He visto varios. <strong>He visto varios, pero nunca logramos la normalizaci\u00f3n.<\/strong> Siempre hubo intereses personales al medio. Y siempre hemos estado divididos.<\/p>\n<blockquote><p>En esta oportunidad yo personalmente tengo que agradecer a varias personas. Y uno de ellos al Tano Suppia. Porque supo dar un paso al costado en su momento. Y gracias a eso logramos hoy la normalizaci\u00f3n.<\/p><\/blockquote>\n<p>Pero tambi\u00e9n <strong>demostrar que los gremialistas consensuamos<\/strong>. Discutimos, peleamos, pero<strong> a la hora de estar al lado del trabajador todos tenemos el mismo fin y el mismo camino.<\/strong><\/p>\n<p>&nbsp;<\/p>\n<blockquote class=\"wp-embedded-content\" data-secret=\"GVtWNXrU4W\"><p><a href=\"https:\/\/cdnoticias.com\/index.php\/2024\/04\/29\/la-normalizacion-de-la-cgt-olavarria-en-imagenes\/\">La normalizaci\u00f3n de la CGT Olavarr\u00eda en im\u00e1genes<\/a><\/p><\/blockquote>\n<p><iframe loading=\"lazy\" class=\"wp-embedded-content\" sandbox=\"allow-scripts\" security=\"restricted\" style=\"position: absolute; clip: rect(1px, 1px, 1px, 1px);\" title=\"&#8220;La normalizaci\u00f3n de la CGT Olavarr\u00eda en im\u00e1genes&#8221; &#8212; Central de Noticias | Olavarr\u00eda\" src=\"https:\/\/cdnoticias.com\/index.php\/2024\/04\/29\/la-normalizacion-de-la-cgt-olavarria-en-imagenes\/embed\/#?secret=iDruup9DSN#?secret=GVtWNXrU4W\" data-secret=\"GVtWNXrU4W\" width=\"600\" height=\"338\" frameborder=\"0\" marginwidth=\"0\" marginheight=\"0\" scrolling=\"no\"><\/iframe><\/p>\n<p>&nbsp;<\/p>\n","protected":false},"excerpt":{"rendered":"<p>Tras la formalizaci\u00f3n de la CGT Regional Olavarr\u00eda los nuevos delegados hablaron del \u201cconsenso\u201d para la conformaci\u00f3n, de la coyuntura<\/p>\n","protected":false},"author":4,"featured_media":114981,"comment_status":"closed","ping_status":"closed","sticky":false,"template":"","format":"standard","meta":{"_jetpack_memberships_contains_paid_content":false,"footnotes":""},"categories":[4,1],"tags":[],"class_list":["post-114996","post","type-post","status-publish","format-standard","has-post-thumbnail","hentry","category-politica","category-portada"],"jetpack_featured_media_url":"https:\/\/i0.wp.com\/cdnoticias.com\/wp-content\/uploads\/2024\/04\/collado-cgt.jpg?fit=1072%2C597&ssl=1","jetpack_sharing_enabled":true,"_links":{"self":[{"href":"https:\/\/cdnoticias.com\/index.php\/wp-json\/wp\/v2\/posts\/114996","targetHints":{"allow":["GET"]}}],"collection":[{"href":"https:\/\/cdnoticias.com\/index.php\/wp-json\/wp\/v2\/posts"}],"about":[{"href":"https:\/\/cdnoticias.com\/index.php\/wp-json\/wp\/v2\/types\/post"}],"author":[{"embeddable":true,"href":"https:\/\/cdnoticias.com\/index.php\/wp-json\/wp\/v2\/users\/4"}],"replies":[{"embeddable":true,"href":"https:\/\/cdnoticias.com\/index.php\/wp-json\/wp\/v2\/comments?post=114996"}],"version-history":[{"count":0,"href":"https:\/\/cdnoticias.com\/index.php\/wp-json\/wp\/v2\/posts\/114996\/revisions"}],"wp:featuredmedia":[{"embeddable":true,"href":"https:\/\/cdnoticias.com\/index.php\/wp-json\/wp\/v2\/media\/114981"}],"wp:attachment":[{"href":"https:\/\/cdnoticias.com\/index.php\/wp-json\/wp\/v2\/media?parent=114996"}],"wp:term":[{"taxonomy":"category","embeddable":true,"href":"https:\/\/cdnoticias.com\/index.php\/wp-json\/wp\/v2\/categories?post=114996"},{"taxonomy":"post_tag","embeddable":true,"href":"https:\/\/cdnoticias.com\/index.php\/wp-json\/wp\/v2\/tags?post=114996"}],"curies":[{"name":"wp","href":"https:\/\/api.w.org\/{rel}","templated":true}]}}