{"id":11499,"date":"2021-01-15T20:57:24","date_gmt":"2021-01-15T23:57:24","guid":{"rendered":"http:\/\/www.centraldenoticias.com.ar\/?p=11499"},"modified":"2021-01-15T20:57:24","modified_gmt":"2021-01-15T23:57:24","slug":"madame-lu-la-belleza-viene-en-todos-los-talles","status":"publish","type":"post","link":"https:\/\/cdnoticias.com\/index.php\/2021\/01\/15\/madame-lu-la-belleza-viene-en-todos-los-talles\/","title":{"rendered":"Madame L\u00fa: &#8220;La belleza viene en todos los talles\u201d"},"content":{"rendered":"<p>La artista y activista olavarriense realiz\u00f3 una producci\u00f3n fotogr\u00e1fica con el fin de concientizar sobre la variedad de talles y celebrar la diversidad de cuerpos.<!--more--><\/p>\n<hr \/>\n<p>Victoria Altavista, m\u00e1s conocida como Madame Lu, junto a los militantes locales Brian Cendra, Jes\u00fas Sosa y Alan Aguirre, idearon con el local de indumentaria \u201cDulce Camila\u201d, una<strong> campa\u00f1a para reclamar por la inclusi\u00f3n y la defensa del cuerpo real.<\/strong><\/p>\n<p>&nbsp;<\/p>\n<p><em>&#8220;No trabajamos ese talle&#8221;<\/em>, <em>&#8220;Se estira con el uso&#8221;<\/em>, <em>&#8220;Es as\u00ed apretado&#8221;<\/em>, <em>&#8220;Talles m\u00e1s grande no entran en esta marca&#8221;<\/em>, <strong>son frases comunes a diario en muchos locales.<\/strong>\u00a0<em>&#8220;A pesar de contar con una ley de talles y comercios que adhieren, seguimos viendo en los medios y la industria de la moda la discriminaci\u00f3n y los estereotipos de cuerpo ideal&#8221;<\/em>, resaltaron.<\/p>\n<p>&nbsp;<\/p>\n<p><img data-recalc-dims=\"1\" loading=\"lazy\" decoding=\"async\" class=\"alignnone size-full wp-image-11509\" src=\"https:\/\/i0.wp.com\/cdnoticias.com\/wp-content\/uploads\/2021\/01\/madamelu2.jpg?resize=800%2C509&#038;ssl=1\" alt=\"\" width=\"800\" height=\"509\" srcset=\"https:\/\/i0.wp.com\/cdnoticias.com\/wp-content\/uploads\/2021\/01\/madamelu2.jpg?w=1000&amp;ssl=1 1000w, https:\/\/i0.wp.com\/cdnoticias.com\/wp-content\/uploads\/2021\/01\/madamelu2.jpg?resize=300%2C191&amp;ssl=1 300w, https:\/\/i0.wp.com\/cdnoticias.com\/wp-content\/uploads\/2021\/01\/madamelu2.jpg?resize=768%2C488&amp;ssl=1 768w\" sizes=\"auto, (max-width: 800px) 100vw, 800px\" \/><\/p>\n<p>&nbsp;<\/p>\n<p><em>&#8220;Encontrar una tienda, pedir tu talle sea el que sea y que te ofrezcan variedades es algo que no es f\u00e1cil de encontrar, y en este local sent\u00ed hasta esa emoci\u00f3n, la satisfacci\u00f3n de poder elegir, sentirte bella, de sentirte parte de la sociedad y no &#8220;especial&#8221;, porque <strong>siguen diciendo talles especiales cuando deber\u00edan ser considerados talles reales<\/strong><\/em>\u201d, se\u00f1al\u00f3 Victoria.<\/p>\n<p>&nbsp;<\/p>\n<p>Y agreg\u00f3: <em>\u201cpor ejemplo, cuando dicen &#8220;es talle \u00fanico&#8221;, \u00bfcon qu\u00e9 l\u00f3gica se explica que haya un talle que encaja en todos los cuerpos de los miles que entran a comprar?. Un talle \u00fanico no es una alternativa ni real ni justa. Quien no entra en el \u201ctalle \u00fanico\u201d pasa a ser una persona \u201canormal\u201d, a esto queremos apuntar con la campa\u00f1a <strong>\u00a1Cada cuerpo es \u00fanico!<\/strong>&#8220;.<\/em><\/p>\n<p>&nbsp;<\/p>\n<p><img data-recalc-dims=\"1\" loading=\"lazy\" decoding=\"async\" class=\"alignnone size-large wp-image-11501\" src=\"https:\/\/i0.wp.com\/cdnoticias.com\/wp-content\/uploads\/2021\/01\/123.jpg?resize=800%2C705&#038;ssl=1\" alt=\"\" width=\"800\" height=\"705\" srcset=\"https:\/\/i0.wp.com\/cdnoticias.com\/wp-content\/uploads\/2021\/01\/123.jpg?resize=1024%2C903&amp;ssl=1 1024w, https:\/\/i0.wp.com\/cdnoticias.com\/wp-content\/uploads\/2021\/01\/123.jpg?resize=300%2C265&amp;ssl=1 300w, https:\/\/i0.wp.com\/cdnoticias.com\/wp-content\/uploads\/2021\/01\/123.jpg?resize=768%2C677&amp;ssl=1 768w, https:\/\/i0.wp.com\/cdnoticias.com\/wp-content\/uploads\/2021\/01\/123.jpg?w=1600&amp;ssl=1 1600w, https:\/\/i0.wp.com\/cdnoticias.com\/wp-content\/uploads\/2021\/01\/123.jpg?w=2400&amp;ssl=1 2400w\" sizes=\"auto, (max-width: 800px) 100vw, 800px\" \/><\/p>\n<p>&nbsp;<\/p>\n<p><strong>Las publicidades y el \u201cdeber ser\u201d<\/strong><\/p>\n<p>&nbsp;<\/p>\n<p>En el comunicado emitido, destacaron que <em>\u201ctodas (las publicidades) tienen bajada de l\u00ednea de representaciones de lo que se espera de la sociedad\u201d y <strong>quien no cumple con los requisitos \u201cqueda excluido\u201d<\/strong>&#8220;.<\/em><\/p>\n<p>&nbsp;<\/p>\n<p>A todo esto, se suma<em> \u201cla estimulaci\u00f3n visual, que transmite una serie de normas, valores e ideales que incorporamos de manera inconsciente, bombarde\u00e1ndonos con el <strong>&#8220;ideal de belleza&#8221; en el cual la mayor\u00eda de la poblaci\u00f3n no encaja<\/strong>\u201d.<\/em><\/p>\n<p>&nbsp;<\/p>\n<p><img data-recalc-dims=\"1\" loading=\"lazy\" decoding=\"async\" class=\"alignnone size-large wp-image-11500\" src=\"https:\/\/i0.wp.com\/cdnoticias.com\/wp-content\/uploads\/2021\/01\/54321.jpg?resize=800%2C1014&#038;ssl=1\" alt=\"\" width=\"800\" height=\"1014\" srcset=\"https:\/\/i0.wp.com\/cdnoticias.com\/wp-content\/uploads\/2021\/01\/54321.jpg?resize=808%2C1024&amp;ssl=1 808w, https:\/\/i0.wp.com\/cdnoticias.com\/wp-content\/uploads\/2021\/01\/54321.jpg?resize=237%2C300&amp;ssl=1 237w, https:\/\/i0.wp.com\/cdnoticias.com\/wp-content\/uploads\/2021\/01\/54321.jpg?resize=768%2C973&amp;ssl=1 768w, https:\/\/i0.wp.com\/cdnoticias.com\/wp-content\/uploads\/2021\/01\/54321.jpg?w=1600&amp;ssl=1 1600w, https:\/\/i0.wp.com\/cdnoticias.com\/wp-content\/uploads\/2021\/01\/54321.jpg?w=2400&amp;ssl=1 2400w\" sizes=\"auto, (max-width: 800px) 100vw, 800px\" \/><\/p>\n<p>&nbsp;<\/p>\n<p><em>&#8220;Queremos ver cada vez m\u00e1s diversidad de cuerpos, sencillamente porque todos tenemos un cuerpo distinto y merecemos <strong>m\u00e1s representaci\u00f3n en los medios y la moda<\/strong>, el problema no est\u00e1 en nosotros por ser diversos, sino en el mercado, tambi\u00e9n hay una gordofobia implicita&#8221;<\/em>, se\u00f1al\u00f3 Victoria.<\/p>\n<p>&nbsp;<\/p>\n<p>Aseguraron que, junto al reclamo y la celebraci\u00f3n de las disidencias, la producci\u00f3n busca que los comerciantes, dise\u00f1adores y quienes est\u00e1n en el mundo de los medios tengan en mente la <strong>responsabilidad social<\/strong>, ya que las decisiones que ellos toman afectan a los consumidores y esto no deber\u00eda ser tomado a la ligera.<\/p>\n<p>&nbsp;<\/p>\n<p><em>&#8220;Esta es una lucha a la que vale la pena sumarse, debemos romper estereotipos y barreras, empezar a cambiar la mentalidad de la gente ya que todos los cuerpos son visibles. La discriminaci\u00f3n tira para atr\u00e1s a las personas que est\u00e1n en proceso de aceptarse, hace que lo sufran en silencio, que se culpen. <strong>Uno es perfecto como es<\/strong>\u201d<\/em>, concluy\u00f3 la activista.<\/p>\n","protected":false},"excerpt":{"rendered":"<p>La artista y activista olavarriense realiz\u00f3 una producci\u00f3n fotogr\u00e1fica con el fin de concientizar sobre la variedad de talles y<\/p>\n","protected":false},"author":5,"featured_media":11508,"comment_status":"closed","ping_status":"closed","sticky":false,"template":"","format":"standard","meta":{"_jetpack_memberships_contains_paid_content":false,"footnotes":""},"categories":[5,1],"tags":[],"class_list":["post-11499","post","type-post","status-publish","format-standard","has-post-thumbnail","hentry","category-informacion-general","category-portada"],"jetpack_featured_media_url":"https:\/\/i0.wp.com\/cdnoticias.com\/wp-content\/uploads\/2021\/01\/madamelu1.jpg?fit=1000%2C696&ssl=1","jetpack_sharing_enabled":true,"_links":{"self":[{"href":"https:\/\/cdnoticias.com\/index.php\/wp-json\/wp\/v2\/posts\/11499","targetHints":{"allow":["GET"]}}],"collection":[{"href":"https:\/\/cdnoticias.com\/index.php\/wp-json\/wp\/v2\/posts"}],"about":[{"href":"https:\/\/cdnoticias.com\/index.php\/wp-json\/wp\/v2\/types\/post"}],"author":[{"embeddable":true,"href":"https:\/\/cdnoticias.com\/index.php\/wp-json\/wp\/v2\/users\/5"}],"replies":[{"embeddable":true,"href":"https:\/\/cdnoticias.com\/index.php\/wp-json\/wp\/v2\/comments?post=11499"}],"version-history":[{"count":0,"href":"https:\/\/cdnoticias.com\/index.php\/wp-json\/wp\/v2\/posts\/11499\/revisions"}],"wp:featuredmedia":[{"embeddable":true,"href":"https:\/\/cdnoticias.com\/index.php\/wp-json\/wp\/v2\/media\/11508"}],"wp:attachment":[{"href":"https:\/\/cdnoticias.com\/index.php\/wp-json\/wp\/v2\/media?parent=11499"}],"wp:term":[{"taxonomy":"category","embeddable":true,"href":"https:\/\/cdnoticias.com\/index.php\/wp-json\/wp\/v2\/categories?post=11499"},{"taxonomy":"post_tag","embeddable":true,"href":"https:\/\/cdnoticias.com\/index.php\/wp-json\/wp\/v2\/tags?post=11499"}],"curies":[{"name":"wp","href":"https:\/\/api.w.org\/{rel}","templated":true}]}}