{"id":114985,"date":"2024-04-30T11:31:20","date_gmt":"2024-04-30T14:31:20","guid":{"rendered":"https:\/\/cdnoticias.com\/?p=114985"},"modified":"2024-04-30T11:31:21","modified_gmt":"2024-04-30T14:31:21","slug":"secuestraron-una-moto-que-habia-sido-robada-en-9-de-julio","status":"publish","type":"post","link":"https:\/\/cdnoticias.com\/index.php\/2024\/04\/30\/secuestraron-una-moto-que-habia-sido-robada-en-9-de-julio\/","title":{"rendered":"Secuestraron una moto que hab\u00eda sido robada en 9 de Julio"},"content":{"rendered":"<p>El conductor de la moto hab\u00eda protagonizado un siniestro vial en \u00c1lvaro Barros y Lamadrid donde result\u00f3 herido.<!--more--><\/p>\n<hr \/>\n<p>Una <strong>moto que hab\u00eda sido denunciada como robada<\/strong> en el <strong>municipio de 9 de Julio<\/strong> en <strong>2018<\/strong> fue hallada este lunes en Olavarr\u00eda donde <strong>su conductor protagoniz\u00f3 un siniestro vial<\/strong> y result\u00f3 herido.<\/p>\n<p>Alrededor de las 17, <strong>en \u00c1lvaro Barros y Lamadrid<\/strong> colisionaron una<strong> moto Corven Triax 150 cc y un VW Passat<\/strong>. El motociclista, de 29 a\u00f1os, result\u00f3 con<strong> lesiones<\/strong> por lo que fue derivado al <strong>Hospital Municipal<\/strong>.<\/p>\n<p>El personal del <strong>Comando de Patrullas<\/strong>, que intervino en el caso tras un llamado al 911, estableci\u00f3 que <strong>la moto ten\u00eda pedido de secuestro<\/strong> por lo que fue retenida.<\/p>\n<blockquote><p>El 11 de marzo de 2018, la UFI N\u00b02 de 9 de Julio a cargo del fiscal Sebasti\u00e1n Villa, hab\u00eda ordenado el secuestro de la moto en una causa penal por \u201churto\u201d.<\/p><\/blockquote>\n<p>Tras recibir las curaciones requeridas, el conductor de la moto fue derivado a la <strong>Comisar\u00eda Primera<\/strong> donde se le inform\u00f3 el inicio de actuaciones en su contra por<strong> \u201cencubrimiento\u201d<\/strong>.<\/p>\n","protected":false},"excerpt":{"rendered":"<p>El conductor de la moto hab\u00eda protagonizado un siniestro vial en \u00c1lvaro Barros y Lamadrid donde result\u00f3 herido.<\/p>\n","protected":false},"author":4,"featured_media":114986,"comment_status":"closed","ping_status":"closed","sticky":false,"template":"","format":"standard","meta":{"_jetpack_memberships_contains_paid_content":false,"footnotes":""},"categories":[14,1],"tags":[],"class_list":["post-114985","post","type-post","status-publish","format-standard","has-post-thumbnail","hentry","category-policiales","category-portada"],"jetpack_featured_media_url":"https:\/\/i0.wp.com\/cdnoticias.com\/wp-content\/uploads\/2024\/04\/alvaro-barros-y-Lamadrid-01.jpg?fit=800%2C445&ssl=1","jetpack_sharing_enabled":true,"_links":{"self":[{"href":"https:\/\/cdnoticias.com\/index.php\/wp-json\/wp\/v2\/posts\/114985","targetHints":{"allow":["GET"]}}],"collection":[{"href":"https:\/\/cdnoticias.com\/index.php\/wp-json\/wp\/v2\/posts"}],"about":[{"href":"https:\/\/cdnoticias.com\/index.php\/wp-json\/wp\/v2\/types\/post"}],"author":[{"embeddable":true,"href":"https:\/\/cdnoticias.com\/index.php\/wp-json\/wp\/v2\/users\/4"}],"replies":[{"embeddable":true,"href":"https:\/\/cdnoticias.com\/index.php\/wp-json\/wp\/v2\/comments?post=114985"}],"version-history":[{"count":0,"href":"https:\/\/cdnoticias.com\/index.php\/wp-json\/wp\/v2\/posts\/114985\/revisions"}],"wp:featuredmedia":[{"embeddable":true,"href":"https:\/\/cdnoticias.com\/index.php\/wp-json\/wp\/v2\/media\/114986"}],"wp:attachment":[{"href":"https:\/\/cdnoticias.com\/index.php\/wp-json\/wp\/v2\/media?parent=114985"}],"wp:term":[{"taxonomy":"category","embeddable":true,"href":"https:\/\/cdnoticias.com\/index.php\/wp-json\/wp\/v2\/categories?post=114985"},{"taxonomy":"post_tag","embeddable":true,"href":"https:\/\/cdnoticias.com\/index.php\/wp-json\/wp\/v2\/tags?post=114985"}],"curies":[{"name":"wp","href":"https:\/\/api.w.org\/{rel}","templated":true}]}}