{"id":114872,"date":"2024-04-29T20:01:22","date_gmt":"2024-04-29T23:01:22","guid":{"rendered":"https:\/\/cdnoticias.com\/?p=114872"},"modified":"2024-04-29T20:01:26","modified_gmt":"2024-04-29T23:01:26","slug":"demarcacion-de-sendas-peatonales-en-la-ciudad","status":"publish","type":"post","link":"https:\/\/cdnoticias.com\/index.php\/2024\/04\/29\/demarcacion-de-sendas-peatonales-en-la-ciudad\/","title":{"rendered":"Demarcaci\u00f3n de sendas peatonales en la ciudad"},"content":{"rendered":"\n<p>Se indic\u00f3 que se lleva a cabo con especial \u00e9nfasis en las inmediaciones de edificios p\u00fablicos y establecimientos educativos.<\/p>\n\n\n\n<hr class=\"wp-block-separator aligncenter has-alpha-channel-opacity\"\/>\n\n\n\n<p>Desde la Direcci\u00f3n de Control Urbano, dependiente de la Subsecretar\u00eda de Protecci\u00f3n Ciudadana del Municipio, se inform\u00f3 que se encuentra en marcha un<strong> dispositivo de pintura y demarcaci\u00f3n de sendas peatonales <\/strong>en puntos estrat\u00e9gicos de la ciudad.<\/p>\n\n\n\n<p><\/p>\n\n\n\n<blockquote class=\"wp-block-quote is-layout-flow wp-block-quote-is-layout-flow\">\n<p>Adem\u00e1s, explicaron que la medida se lleva a cabo con especial \u00e9nfasis en las inmediaciones de edificios p\u00fablicos y establecimientos educativos.<\/p>\n<\/blockquote>\n\n\n\n<p><\/p>\n\n\n\n<figure class=\"wp-block-image aligncenter size-full\"><img data-recalc-dims=\"1\" loading=\"lazy\" decoding=\"async\" width=\"800\" height=\"533\" src=\"https:\/\/i0.wp.com\/cdnoticias.com\/wp-content\/uploads\/2024\/04\/pintura-centro-calle1.jpg?resize=800%2C533&#038;ssl=1\" alt=\"\" class=\"wp-image-114875\" srcset=\"https:\/\/i0.wp.com\/cdnoticias.com\/wp-content\/uploads\/2024\/04\/pintura-centro-calle1.jpg?w=1000&amp;ssl=1 1000w, https:\/\/i0.wp.com\/cdnoticias.com\/wp-content\/uploads\/2024\/04\/pintura-centro-calle1.jpg?resize=300%2C200&amp;ssl=1 300w, https:\/\/i0.wp.com\/cdnoticias.com\/wp-content\/uploads\/2024\/04\/pintura-centro-calle1.jpg?resize=768%2C511&amp;ssl=1 768w, https:\/\/i0.wp.com\/cdnoticias.com\/wp-content\/uploads\/2024\/04\/pintura-centro-calle1.jpg?resize=272%2C182&amp;ssl=1 272w\" sizes=\"auto, (max-width: 800px) 100vw, 800px\" \/><\/figure>\n\n\n\n<p><\/p>\n\n\n\n<p>Se a\u00f1adi\u00f3 que los trabajos en torno a aquellas instituciones ubicadas en el centro o microcentro local<strong> se efect\u00faan en horario nocturnos, los d\u00edas lunes y mi\u00e9rcoles, con el objetivo de no afectar la circulaci\u00f3n y movilidad de las personas<\/strong>. Tareas de esta \u00edndole se desplegar\u00e1n, precisamente, este lunes a partir de las 21 horas.<\/p>\n\n\n\n<p><\/p>\n\n\n\n<p>Por \u00faltimo, se agreg\u00f3 que en edificios ubicados por fuera del citado radio se lo har\u00e1 en <strong>horario diurno.<\/strong><\/p>\n","protected":false},"excerpt":{"rendered":"<p>Se indic\u00f3 que se lleva a cabo con especial \u00e9nfasis en las inmediaciones de edificios p\u00fablicos y establecimientos educativos. Desde<\/p>\n","protected":false},"author":6,"featured_media":114874,"comment_status":"closed","ping_status":"closed","sticky":false,"template":"","format":"standard","meta":{"_jetpack_memberships_contains_paid_content":false,"footnotes":""},"categories":[5,1],"tags":[],"class_list":["post-114872","post","type-post","status-publish","format-standard","has-post-thumbnail","hentry","category-informacion-general","category-portada"],"jetpack_featured_media_url":"https:\/\/i0.wp.com\/cdnoticias.com\/wp-content\/uploads\/2024\/04\/pintura-centro-calle.png?fit=945%2C527&ssl=1","jetpack_sharing_enabled":true,"_links":{"self":[{"href":"https:\/\/cdnoticias.com\/index.php\/wp-json\/wp\/v2\/posts\/114872","targetHints":{"allow":["GET"]}}],"collection":[{"href":"https:\/\/cdnoticias.com\/index.php\/wp-json\/wp\/v2\/posts"}],"about":[{"href":"https:\/\/cdnoticias.com\/index.php\/wp-json\/wp\/v2\/types\/post"}],"author":[{"embeddable":true,"href":"https:\/\/cdnoticias.com\/index.php\/wp-json\/wp\/v2\/users\/6"}],"replies":[{"embeddable":true,"href":"https:\/\/cdnoticias.com\/index.php\/wp-json\/wp\/v2\/comments?post=114872"}],"version-history":[{"count":0,"href":"https:\/\/cdnoticias.com\/index.php\/wp-json\/wp\/v2\/posts\/114872\/revisions"}],"wp:featuredmedia":[{"embeddable":true,"href":"https:\/\/cdnoticias.com\/index.php\/wp-json\/wp\/v2\/media\/114874"}],"wp:attachment":[{"href":"https:\/\/cdnoticias.com\/index.php\/wp-json\/wp\/v2\/media?parent=114872"}],"wp:term":[{"taxonomy":"category","embeddable":true,"href":"https:\/\/cdnoticias.com\/index.php\/wp-json\/wp\/v2\/categories?post=114872"},{"taxonomy":"post_tag","embeddable":true,"href":"https:\/\/cdnoticias.com\/index.php\/wp-json\/wp\/v2\/tags?post=114872"}],"curies":[{"name":"wp","href":"https:\/\/api.w.org\/{rel}","templated":true}]}}