{"id":114860,"date":"2024-04-29T18:39:48","date_gmt":"2024-04-29T21:39:48","guid":{"rendered":"https:\/\/cdnoticias.com\/?p=114860"},"modified":"2024-04-29T18:39:50","modified_gmt":"2024-04-29T21:39:50","slug":"aoma-realizo-su-congreso-anual-y-confirmo-que-hubo-superavit","status":"publish","type":"post","link":"https:\/\/cdnoticias.com\/index.php\/2024\/04\/29\/aoma-realizo-su-congreso-anual-y-confirmo-que-hubo-superavit\/","title":{"rendered":"AOMA realiz\u00f3 su congreso anual y confirm\u00f3 que hubo super\u00e1vit"},"content":{"rendered":"\n<p>Fue en San Fernando de Catamarca, y con la presencia de las 18 seccionales. La organizaci\u00f3n sindical present\u00f3 el balance del a\u00f1o 2023, el cual fue aprobado por unanimidad.<\/p>\n\n\n\n<hr class=\"wp-block-separator aligncenter has-alpha-channel-opacity\"\/>\n\n\n\n<p>Este viernes,<strong> la Asociaci\u00f3n Obrera Minera Argentina (AOMA) realiz\u00f3 su Congreso Anual Ordinario en el Complejo Las Heras de la ciudad de San Fernando del Valle de Catamarca.<\/strong><\/p>\n\n\n\n<p>Al comienzo del Congreso se defini\u00f3 la nueva comisi\u00f3n de poderes integrada por Enrique Berdineli de R\u00edo Negro, Claudio Suarez de San Luis y Hern\u00e1n Rodr\u00edgo Inga de Catamarca, mientras que Iv\u00e1n Malla y Gustavo Molina la integraron por el secretariado nacional.<\/p>\n\n\n\n<p><strong>Del Congreso participaron todas las seccionales que se ubican a lo largo y ancho del pa\u00eds, aportando congresales, como as\u00ed tambi\u00e9n casi una centena de oyentes.<\/strong><\/p>\n\n\n\n<figure class=\"wp-block-image size-large\"><img data-recalc-dims=\"1\" loading=\"lazy\" decoding=\"async\" width=\"800\" height=\"533\" src=\"https:\/\/i0.wp.com\/cdnoticias.com\/wp-content\/uploads\/2024\/04\/WhatsApp-Image-2024-04-29-at-18.17.31.jpeg?resize=800%2C533&#038;ssl=1\" alt=\"\" class=\"wp-image-114864\" srcset=\"https:\/\/i0.wp.com\/cdnoticias.com\/wp-content\/uploads\/2024\/04\/WhatsApp-Image-2024-04-29-at-18.17.31.jpeg?resize=1024%2C682&amp;ssl=1 1024w, https:\/\/i0.wp.com\/cdnoticias.com\/wp-content\/uploads\/2024\/04\/WhatsApp-Image-2024-04-29-at-18.17.31.jpeg?resize=300%2C200&amp;ssl=1 300w, https:\/\/i0.wp.com\/cdnoticias.com\/wp-content\/uploads\/2024\/04\/WhatsApp-Image-2024-04-29-at-18.17.31.jpeg?resize=768%2C512&amp;ssl=1 768w, https:\/\/i0.wp.com\/cdnoticias.com\/wp-content\/uploads\/2024\/04\/WhatsApp-Image-2024-04-29-at-18.17.31.jpeg?resize=272%2C182&amp;ssl=1 272w, https:\/\/i0.wp.com\/cdnoticias.com\/wp-content\/uploads\/2024\/04\/WhatsApp-Image-2024-04-29-at-18.17.31.jpeg?w=1280&amp;ssl=1 1280w\" sizes=\"auto, (max-width: 800px) 100vw, 800px\" \/><\/figure>\n\n\n\n<p>Tras un cuarto intermedio y la lectura del acta de conformaci\u00f3n de la comisi\u00f3n de poderes<strong>, se defini\u00f3 que el Secretario General de AOMA, H\u00e9ctor Laplace, presidiera el Congreso, mientras que Gustavo Molina de seccional Catamarca y Mariela Garc\u00eda de Mendoza fueran los secretarios.<\/strong><\/p>\n\n\n\n<p>Acto seguido, el tesorero Horacio Savid, junto con Adri\u00e1n Caglieri &#8211; responsable del \u00e1rea contable -, Juan Novara y Mauro Moreno como contadores de la instituci\u00f3n <strong>presentaron el balance del a\u00f1o 2023 para que congresales y oyentes pudieran conocer el estado econ\u00f3mico del sindicato.<\/strong><\/p>\n\n\n\n<figure class=\"wp-block-image size-large\"><img data-recalc-dims=\"1\" loading=\"lazy\" decoding=\"async\" width=\"800\" height=\"533\" src=\"https:\/\/i0.wp.com\/cdnoticias.com\/wp-content\/uploads\/2024\/04\/WhatsApp-Image-2024-04-29-at-18.17.33.jpeg?resize=800%2C533&#038;ssl=1\" alt=\"\" class=\"wp-image-114863\" srcset=\"https:\/\/i0.wp.com\/cdnoticias.com\/wp-content\/uploads\/2024\/04\/WhatsApp-Image-2024-04-29-at-18.17.33.jpeg?resize=1024%2C682&amp;ssl=1 1024w, https:\/\/i0.wp.com\/cdnoticias.com\/wp-content\/uploads\/2024\/04\/WhatsApp-Image-2024-04-29-at-18.17.33.jpeg?resize=300%2C200&amp;ssl=1 300w, https:\/\/i0.wp.com\/cdnoticias.com\/wp-content\/uploads\/2024\/04\/WhatsApp-Image-2024-04-29-at-18.17.33.jpeg?resize=768%2C512&amp;ssl=1 768w, https:\/\/i0.wp.com\/cdnoticias.com\/wp-content\/uploads\/2024\/04\/WhatsApp-Image-2024-04-29-at-18.17.33.jpeg?resize=272%2C182&amp;ssl=1 272w, https:\/\/i0.wp.com\/cdnoticias.com\/wp-content\/uploads\/2024\/04\/WhatsApp-Image-2024-04-29-at-18.17.33.jpeg?w=1280&amp;ssl=1 1280w\" sizes=\"auto, (max-width: 800px) 100vw, 800px\" \/><\/figure>\n\n\n\n<p>Fue all\u00ed d\u00f3nde, luego de explicar la coyuntura econ\u00f3mica negativa por la que transitamos,<strong> Savid ponder\u00f3 que la organizaci\u00f3n \u201ccerr\u00f3 con un balance positivo\u201d.<\/strong><\/p>\n\n\n\n<p>Luego de la presentaci\u00f3n,<strong> H\u00e9ctor Laplace tom\u00f3 la palabra y pidi\u00f3 que se lleven \u201cla absoluta tranquilidad de que AOMA goza de buena salud, a pesar de tener un pa\u00eds con estos niveles inflacionarios\u201d, y agreg\u00f3: \u201cLa Asociaci\u00f3n cuenta con fondos m\u00e1s que suficientes para vivir un par de a\u00f1os sin aportes\u201d.<\/strong><\/p>\n\n\n\n<p>Tras ser presentado, <strong>el balance del a\u00f1o 2023 fue aprobado por unanimidad de los congresales presentes.<\/strong><\/p>\n\n\n\n<figure class=\"wp-block-image size-large\"><img data-recalc-dims=\"1\" loading=\"lazy\" decoding=\"async\" width=\"800\" height=\"533\" src=\"https:\/\/i0.wp.com\/cdnoticias.com\/wp-content\/uploads\/2024\/04\/WhatsApp-Image-2024-04-29-at-18.17.34.jpeg?resize=800%2C533&#038;ssl=1\" alt=\"\" class=\"wp-image-114862\" srcset=\"https:\/\/i0.wp.com\/cdnoticias.com\/wp-content\/uploads\/2024\/04\/WhatsApp-Image-2024-04-29-at-18.17.34.jpeg?resize=1024%2C682&amp;ssl=1 1024w, https:\/\/i0.wp.com\/cdnoticias.com\/wp-content\/uploads\/2024\/04\/WhatsApp-Image-2024-04-29-at-18.17.34.jpeg?resize=300%2C200&amp;ssl=1 300w, https:\/\/i0.wp.com\/cdnoticias.com\/wp-content\/uploads\/2024\/04\/WhatsApp-Image-2024-04-29-at-18.17.34.jpeg?resize=768%2C512&amp;ssl=1 768w, https:\/\/i0.wp.com\/cdnoticias.com\/wp-content\/uploads\/2024\/04\/WhatsApp-Image-2024-04-29-at-18.17.34.jpeg?resize=272%2C182&amp;ssl=1 272w, https:\/\/i0.wp.com\/cdnoticias.com\/wp-content\/uploads\/2024\/04\/WhatsApp-Image-2024-04-29-at-18.17.34.jpeg?w=1280&amp;ssl=1 1280w\" sizes=\"auto, (max-width: 800px) 100vw, 800px\" \/><\/figure>\n\n\n\n<p>Llegando al final, <strong>la seccional San Luis fue quien tom\u00f3 la palabra y se ofreci\u00f3 para ser la sede del Congreso del pr\u00f3ximo a\u00f1o. La votaci\u00f3n fue aprobada por unanimidad, definiendo as\u00ed que ser\u00e1 esa seccional la organizadora.<\/strong><\/p>\n\n\n\n<p>Para finalizar, <strong>el Secretario General tom\u00f3 la palabra y dej\u00f3 un <em>\u201ccaluroso abrazo a todos los compa\u00f1eros trabajadores, y fundamentalmente a nuestros compa\u00f1eros trabajadores mineros por los festejos del 1 de mayo\u201d.<\/em><\/strong><\/p>\n","protected":false},"excerpt":{"rendered":"<p>Fue en San Fernando de Catamarca, y con la presencia de las 18 seccionales. La organizaci\u00f3n sindical present\u00f3 el balance<\/p>\n","protected":false},"author":2,"featured_media":114861,"comment_status":"closed","ping_status":"closed","sticky":false,"template":"","format":"standard","meta":{"_jetpack_memberships_contains_paid_content":false,"footnotes":""},"categories":[6,1],"tags":[],"class_list":["post-114860","post","type-post","status-publish","format-standard","has-post-thumbnail","hentry","category-nacionales","category-portada"],"jetpack_featured_media_url":"https:\/\/i0.wp.com\/cdnoticias.com\/wp-content\/uploads\/2024\/04\/WhatsApp-Image-2024-04-29-at-18.17.34-1.jpeg?fit=1280%2C853&ssl=1","jetpack_sharing_enabled":true,"_links":{"self":[{"href":"https:\/\/cdnoticias.com\/index.php\/wp-json\/wp\/v2\/posts\/114860","targetHints":{"allow":["GET"]}}],"collection":[{"href":"https:\/\/cdnoticias.com\/index.php\/wp-json\/wp\/v2\/posts"}],"about":[{"href":"https:\/\/cdnoticias.com\/index.php\/wp-json\/wp\/v2\/types\/post"}],"author":[{"embeddable":true,"href":"https:\/\/cdnoticias.com\/index.php\/wp-json\/wp\/v2\/users\/2"}],"replies":[{"embeddable":true,"href":"https:\/\/cdnoticias.com\/index.php\/wp-json\/wp\/v2\/comments?post=114860"}],"version-history":[{"count":0,"href":"https:\/\/cdnoticias.com\/index.php\/wp-json\/wp\/v2\/posts\/114860\/revisions"}],"wp:featuredmedia":[{"embeddable":true,"href":"https:\/\/cdnoticias.com\/index.php\/wp-json\/wp\/v2\/media\/114861"}],"wp:attachment":[{"href":"https:\/\/cdnoticias.com\/index.php\/wp-json\/wp\/v2\/media?parent=114860"}],"wp:term":[{"taxonomy":"category","embeddable":true,"href":"https:\/\/cdnoticias.com\/index.php\/wp-json\/wp\/v2\/categories?post=114860"},{"taxonomy":"post_tag","embeddable":true,"href":"https:\/\/cdnoticias.com\/index.php\/wp-json\/wp\/v2\/tags?post=114860"}],"curies":[{"name":"wp","href":"https:\/\/api.w.org\/{rel}","templated":true}]}}