{"id":114857,"date":"2024-04-29T18:22:58","date_gmt":"2024-04-29T21:22:58","guid":{"rendered":"https:\/\/cdnoticias.com\/?p=114857"},"modified":"2024-04-29T21:37:46","modified_gmt":"2024-04-30T00:37:46","slug":"vuelta-al-municipio-estos-seran-los-cortes-de-calles-por-el-evento","status":"publish","type":"post","link":"https:\/\/cdnoticias.com\/index.php\/2024\/04\/29\/vuelta-al-municipio-estos-seran-los-cortes-de-calles-por-el-evento\/","title":{"rendered":"Vuelta al Municipio: estos ser\u00e1n los cortes de calles por el evento"},"content":{"rendered":"\n<p>Ser\u00e1 desde las 07:00 horas de este mi\u00e9rcoles. El martes se cortar\u00e1 R\u00edobamba y Belgrano, adem\u00e1s, para la entrega de kits. Se buscar\u00e1 \u201cgarantizar un normal y seguro desarrollo de la prueba\u201d.<\/p>\n\n\n\n<hr class=\"wp-block-separator aligncenter has-alpha-channel-opacity\"\/>\n\n\n\n<p>En la previa de la realizaci\u00f3n de<strong> la 35\u00b0 edici\u00f3n de la \u201cVuelta al Municipio, D\u00eda de las y los trabajadores\u201d,<\/strong> que se llevar\u00e1 a cabo este 1\u00b0 de mayo por las calles de la ciudad, <strong>la Direcci\u00f3n de Control Urbano inform\u00f3 los cortes en la circulaci\u00f3n que se realizar\u00e1n en distintos puntos del casco urbano local con el objetivo de <em>\u201cgarantizar un normal y seguro desarrollo de la prueba\u201d<\/em>. <\/strong>A la par, se solicita la colaboraci\u00f3n y comprensi\u00f3n de la comunidad.<\/p>\n\n\n\n<p><strong>Las interrupciones al tr\u00e1nsito comenzar\u00e1n ya desde este martes 30 de abril, con motivo de la entrega de kits para atletas olavarrienses.<\/strong><\/p>\n\n\n\n<p><strong>Estar\u00e1 cerrado el cruce de Riobamba y Belgrano a partir de las 06:00 horas<\/strong>, para permitir el armado de escenario e inicio de labores en torno al Centro Cultural Municipal San Jos\u00e9, que ser\u00e1 no solo el sitio para retiro de kits a partir de las 16:00 horas, sino que adem\u00e1s ser\u00e1 el punto de largada y llegada de las distintas pruebas que se realizar\u00e1n durante la jornada del mi\u00e9rcoles<strong>. Es por ello que el corte seguir\u00e1 hasta que concluya todo el evento, algo que est\u00e1 pautado para la tarde del 1\u00b0 de mayo.<\/strong><\/p>\n\n\n\n<p class=\"has-large-font-size\">C\u00f3mo ser\u00e1n los cortes de calles<\/p>\n\n\n\n<figure class=\"wp-block-image size-full\"><img data-recalc-dims=\"1\" loading=\"lazy\" decoding=\"async\" width=\"800\" height=\"800\" src=\"https:\/\/i0.wp.com\/cdnoticias.com\/wp-content\/uploads\/2024\/04\/FLYER-GACE-PLANOS-1024x1024-1.jpg?resize=800%2C800&#038;ssl=1\" alt=\"\" class=\"wp-image-114858\" srcset=\"https:\/\/i0.wp.com\/cdnoticias.com\/wp-content\/uploads\/2024\/04\/FLYER-GACE-PLANOS-1024x1024-1.jpg?w=1024&amp;ssl=1 1024w, https:\/\/i0.wp.com\/cdnoticias.com\/wp-content\/uploads\/2024\/04\/FLYER-GACE-PLANOS-1024x1024-1.jpg?resize=300%2C300&amp;ssl=1 300w, https:\/\/i0.wp.com\/cdnoticias.com\/wp-content\/uploads\/2024\/04\/FLYER-GACE-PLANOS-1024x1024-1.jpg?resize=150%2C150&amp;ssl=1 150w, https:\/\/i0.wp.com\/cdnoticias.com\/wp-content\/uploads\/2024\/04\/FLYER-GACE-PLANOS-1024x1024-1.jpg?resize=768%2C768&amp;ssl=1 768w\" sizes=\"auto, (max-width: 800px) 100vw, 800px\" \/><\/figure>\n\n\n\n<p>En el cruce de<strong> Dorrego y Cerrito se interrumpir\u00e1 la circulaci\u00f3n a partir de las 07:00 horas<\/strong>, dado que en ese punto de la ciudad se dispondr\u00e1n los servicios de emergencia, asistencia e hidrataci\u00f3n.<\/p>\n\n\n\n<p>Se recuerda que <strong>el recorrido de las pruebas de 5 y 10K tendr\u00e1n trazados id\u00e9nticos, que unir\u00e1n el sector del parque Mitre delimitado por Hornos y avenida de los Trabajadores, por lo que se vedar\u00e1 el acceso a todas las calles con direcci\u00f3n al arroyo Tapalqu\u00e9 en el mencionado tramo.<\/strong> Se realizar\u00e1n a partir de las 9:30 en las siguientes intersecciones:<\/p>\n\n\n\n<p>_ Lavalle y General Paz<\/p>\n\n\n\n<p>_ Lavalle y Belgrano<\/p>\n\n\n\n<p>_ Lavalle y Necochea<\/p>\n\n\n\n<p>_ Lavalle y \u00c1lvaro Barros<\/p>\n\n\n\n<p>_ Lavalle e Yrigoyen<\/p>\n\n\n\n<p>_ Lavalle y Rep\u00fablica del L\u00edbano,<\/p>\n\n\n\n<p>_ Lavalle y avenida Sarmiento<\/p>\n\n\n\n<p>_ Lavalle y Estrada<\/p>\n\n\n\n<p>_ Lavalle y Merlo<\/p>\n\n\n\n<p>_ Lavalle y Fassina<\/p>\n\n\n\n<p>_ Bol\u00edvar y Cerrito<\/p>\n\n\n\n<p>_ Coronel Su\u00e1rez y Maip\u00fa<\/p>\n\n\n\n<p>_ Cerrito y San Mart\u00edn<\/p>\n\n\n\n<p>_ Cerrito y Dorrego<\/p>\n\n\n\n<p>_ Cerrito y Sargento Cabral<\/p>\n\n\n\n<p>_ Maip\u00fa y S\u00e1enz Pe\u00f1a<\/p>\n\n\n\n<p>_ Maip\u00fa y Jos\u00e9 Luis Torres<\/p>\n\n\n\n<p>_ Maip\u00fa y Mitre<\/p>\n\n\n\n<p>_ Cerrito y Rufino Fal<\/p>\n\n\n\n<p>_ Cerrito y Grimaldi<\/p>\n\n\n\n<p>Se aclara que<strong> las avenidas Col\u00f3n y Sarmiento estar\u00e1n cerradas mientras se desarrollen las pruebas, mientras que la avenida De los Trabajadores s\u00f3lo tendr\u00e1 reducido el carril con direcci\u00f3n a Pringles. La avenida Del Valle, por su parte, estar\u00e1 habilitada completamente.<\/strong><\/p>\n","protected":false},"excerpt":{"rendered":"<p>Ser\u00e1 desde las 07:00 horas de este mi\u00e9rcoles. El martes se cortar\u00e1 R\u00edobamba y Belgrano, adem\u00e1s, para la entrega de<\/p>\n","protected":false},"author":2,"featured_media":53332,"comment_status":"closed","ping_status":"closed","sticky":false,"template":"","format":"standard","meta":{"_jetpack_memberships_contains_paid_content":false,"footnotes":""},"categories":[5,1],"tags":[],"class_list":["post-114857","post","type-post","status-publish","format-standard","has-post-thumbnail","hentry","category-informacion-general","category-portada"],"jetpack_featured_media_url":"https:\/\/i0.wp.com\/cdnoticias.com\/wp-content\/uploads\/2022\/05\/vuelta-al-muni_8-960x640_c.jpg?fit=960%2C640&ssl=1","jetpack_sharing_enabled":true,"_links":{"self":[{"href":"https:\/\/cdnoticias.com\/index.php\/wp-json\/wp\/v2\/posts\/114857","targetHints":{"allow":["GET"]}}],"collection":[{"href":"https:\/\/cdnoticias.com\/index.php\/wp-json\/wp\/v2\/posts"}],"about":[{"href":"https:\/\/cdnoticias.com\/index.php\/wp-json\/wp\/v2\/types\/post"}],"author":[{"embeddable":true,"href":"https:\/\/cdnoticias.com\/index.php\/wp-json\/wp\/v2\/users\/2"}],"replies":[{"embeddable":true,"href":"https:\/\/cdnoticias.com\/index.php\/wp-json\/wp\/v2\/comments?post=114857"}],"version-history":[{"count":0,"href":"https:\/\/cdnoticias.com\/index.php\/wp-json\/wp\/v2\/posts\/114857\/revisions"}],"wp:featuredmedia":[{"embeddable":true,"href":"https:\/\/cdnoticias.com\/index.php\/wp-json\/wp\/v2\/media\/53332"}],"wp:attachment":[{"href":"https:\/\/cdnoticias.com\/index.php\/wp-json\/wp\/v2\/media?parent=114857"}],"wp:term":[{"taxonomy":"category","embeddable":true,"href":"https:\/\/cdnoticias.com\/index.php\/wp-json\/wp\/v2\/categories?post=114857"},{"taxonomy":"post_tag","embeddable":true,"href":"https:\/\/cdnoticias.com\/index.php\/wp-json\/wp\/v2\/tags?post=114857"}],"curies":[{"name":"wp","href":"https:\/\/api.w.org\/{rel}","templated":true}]}}