{"id":114845,"date":"2024-04-29T16:20:59","date_gmt":"2024-04-29T19:20:59","guid":{"rendered":"https:\/\/cdnoticias.com\/?p=114845"},"modified":"2024-04-29T16:21:01","modified_gmt":"2024-04-29T19:21:01","slug":"la-secundaria-19-de-recalde-cumplio-25-anos","status":"publish","type":"post","link":"https:\/\/cdnoticias.com\/index.php\/2024\/04\/29\/la-secundaria-19-de-recalde-cumplio-25-anos\/","title":{"rendered":"La Secundaria 19 de Recalde cumpli\u00f3 25 a\u00f1os"},"content":{"rendered":"<p>El festejo incluy\u00f3 la imposici\u00f3n del nombre: ahora se llama \u201cVeteranas de Malvinas\u201d.<!--more--><\/p>\n<hr \/>\n<p>La <strong>Escuela Secundaria 19 de Recalde<\/strong> cumpli\u00f3 <strong>25 a\u00f1os<\/strong>. El festejo se realiz\u00f3 el viernes y tuvo como hito destacado la<strong> imposici\u00f3n del nombre<\/strong>: ahora se llama <strong>\u201cVeteranas de Malvinas\u201d<\/strong>.<\/p>\n<p>El acto se realiz\u00f3 en el SUM y fue encabezado por la <strong>directora, Malvina Lazcano<\/strong>. Acompa\u00f1aron la jornada la <em>delegada municipal Claudia RIcci, el Inspector Jefe Distrital Julio Benitez, las Inspectoras del Nivel Alejandra Martin y Sandra Ju\u00e1rez, la Inspectora de Art\u00edstica Daniela Sciara y la Inspectora de Psicolog\u00eda Comunitaria y Pedagog\u00eda Social Rosana Ingliso.<\/em><\/p>\n<p><img data-recalc-dims=\"1\" loading=\"lazy\" decoding=\"async\" class=\"alignnone size-full wp-image-114846\" src=\"https:\/\/i0.wp.com\/cdnoticias.com\/wp-content\/uploads\/2024\/04\/Recalde-escuela-secundaria-19-01.jpg?resize=800%2C445&#038;ssl=1\" alt=\"\" width=\"800\" height=\"445\" srcset=\"https:\/\/i0.wp.com\/cdnoticias.com\/wp-content\/uploads\/2024\/04\/Recalde-escuela-secundaria-19-01.jpg?w=800&amp;ssl=1 800w, https:\/\/i0.wp.com\/cdnoticias.com\/wp-content\/uploads\/2024\/04\/Recalde-escuela-secundaria-19-01.jpg?resize=300%2C167&amp;ssl=1 300w, https:\/\/i0.wp.com\/cdnoticias.com\/wp-content\/uploads\/2024\/04\/Recalde-escuela-secundaria-19-01.jpg?resize=768%2C427&amp;ssl=1 768w\" sizes=\"auto, (max-width: 800px) 100vw, 800px\" \/><\/p>\n<p><img data-recalc-dims=\"1\" loading=\"lazy\" decoding=\"async\" class=\"alignnone size-full wp-image-114851\" src=\"https:\/\/i0.wp.com\/cdnoticias.com\/wp-content\/uploads\/2024\/04\/Recalde-escuela-secundaria-19-02.jpg?resize=800%2C600&#038;ssl=1\" alt=\"\" width=\"800\" height=\"600\" srcset=\"https:\/\/i0.wp.com\/cdnoticias.com\/wp-content\/uploads\/2024\/04\/Recalde-escuela-secundaria-19-02.jpg?w=800&amp;ssl=1 800w, https:\/\/i0.wp.com\/cdnoticias.com\/wp-content\/uploads\/2024\/04\/Recalde-escuela-secundaria-19-02.jpg?resize=300%2C225&amp;ssl=1 300w, https:\/\/i0.wp.com\/cdnoticias.com\/wp-content\/uploads\/2024\/04\/Recalde-escuela-secundaria-19-02.jpg?resize=768%2C576&amp;ssl=1 768w\" sizes=\"auto, (max-width: 800px) 100vw, 800px\" \/><\/p>\n<p>Con <strong>muy buena convocatoria<\/strong> el <strong>pueblo de Recalde acompa\u00f1\u00f3 en el festejo por los 25 a\u00f1os de la Secundaria<\/strong>, que fue creada el 23 de marzo de 1999, inicialmente como una extensi\u00f3n de la Escuela de Educaci\u00f3n Media N\u00b0 6 \u201cEx Colegio Nacional de Olavarr\u00eda\u201d. En noviembre del 2011 se independiz\u00f3 de la sede dando origen a la Secundaria N\u00b0 19.<\/p>\n<p>En el marco de los 40 a\u00f1os de democracia y del 25\u00b0 aniversario (durante el ciclo lectivo 2023), se llev\u00f3 adelante el <strong>\u201cProyecto de imposici\u00f3n de nombre\u201d<\/strong>. En marzo de este a\u00f1o el establecimiento recibi\u00f3 la <strong>resoluci\u00f3n bajo el N\u00b0 503\/2024<\/strong> y la<strong> Escuela Secundaria N\u00b0 19 recibe el nombre de \u201cVeteranas de Malvinas\u201d.<\/strong><\/p>\n<p><img data-recalc-dims=\"1\" loading=\"lazy\" decoding=\"async\" class=\"alignnone size-full wp-image-114848\" src=\"https:\/\/i0.wp.com\/cdnoticias.com\/wp-content\/uploads\/2024\/04\/Recalde-escuela-secundaria-19-05.jpg?resize=800%2C446&#038;ssl=1\" alt=\"\" width=\"800\" height=\"446\" srcset=\"https:\/\/i0.wp.com\/cdnoticias.com\/wp-content\/uploads\/2024\/04\/Recalde-escuela-secundaria-19-05.jpg?w=800&amp;ssl=1 800w, https:\/\/i0.wp.com\/cdnoticias.com\/wp-content\/uploads\/2024\/04\/Recalde-escuela-secundaria-19-05.jpg?resize=300%2C167&amp;ssl=1 300w, https:\/\/i0.wp.com\/cdnoticias.com\/wp-content\/uploads\/2024\/04\/Recalde-escuela-secundaria-19-05.jpg?resize=768%2C428&amp;ssl=1 768w\" sizes=\"auto, (max-width: 800px) 100vw, 800px\" \/><\/p>\n<p><img data-recalc-dims=\"1\" loading=\"lazy\" decoding=\"async\" class=\"alignnone size-full wp-image-114849\" src=\"https:\/\/i0.wp.com\/cdnoticias.com\/wp-content\/uploads\/2024\/04\/Recalde-escuela-secundaria-19-04.jpg?resize=800%2C445&#038;ssl=1\" alt=\"\" width=\"800\" height=\"445\" srcset=\"https:\/\/i0.wp.com\/cdnoticias.com\/wp-content\/uploads\/2024\/04\/Recalde-escuela-secundaria-19-04.jpg?w=800&amp;ssl=1 800w, https:\/\/i0.wp.com\/cdnoticias.com\/wp-content\/uploads\/2024\/04\/Recalde-escuela-secundaria-19-04.jpg?resize=300%2C167&amp;ssl=1 300w, https:\/\/i0.wp.com\/cdnoticias.com\/wp-content\/uploads\/2024\/04\/Recalde-escuela-secundaria-19-04.jpg?resize=768%2C427&amp;ssl=1 768w\" sizes=\"auto, (max-width: 800px) 100vw, 800px\" \/><\/p>\n<p>En este sentido se remarc\u00f3 que en el acto estuvo la <strong>Bandera de Ceremonias de la Agrupaci\u00f3n de Veteranos de Malvinas \u201c2 de Abril\u201d y Graciela Trinchin<\/strong>, quien fuera estudiante de enfermer\u00eda y atendi\u00f3 a los heridos de guerra durante la gesta de Malvinas.<\/p>\n<p>El acto se desarroll\u00f3 en un clima de <strong>mucha emotividad<\/strong> y como resultado de un<strong> gran trabajo colectivo<\/strong>.<\/p>\n<blockquote><p>La directora Malvina Lazcano expres\u00f3: \u201cagradezco profundamente el acompa\u00f1amiento recibido, por la Delegaci\u00f3n Municipal, de Inspecci\u00f3n de Secundaria, del Consejo Escolar, de la Asociaci\u00f3n Cooperadora de la Escuela, de todo el Equipo Docente y no Docente y de las Familias que forman parte de esta comunidad, como as\u00ed tambi\u00e9n a la EP N\u00b0 10 \u201cMart\u00edn Miguel de G\u00fcemes\u201d de Recalde y a la EP N\u00b0 40 \u201cPaula Albarrac\u00edn de Sarmiento\u201d de Iturregui y a sus directoras por acompa\u00f1arnos en este importante acontecimiento de la vida institucional de nuestra escuela\u201d.<\/p><\/blockquote>\n<p><img data-recalc-dims=\"1\" loading=\"lazy\" decoding=\"async\" class=\"alignnone size-full wp-image-114850\" src=\"https:\/\/i0.wp.com\/cdnoticias.com\/wp-content\/uploads\/2024\/04\/Recalde-escuela-secundaria-19-03.jpg?resize=800%2C445&#038;ssl=1\" alt=\"\" width=\"800\" height=\"445\" srcset=\"https:\/\/i0.wp.com\/cdnoticias.com\/wp-content\/uploads\/2024\/04\/Recalde-escuela-secundaria-19-03.jpg?w=800&amp;ssl=1 800w, https:\/\/i0.wp.com\/cdnoticias.com\/wp-content\/uploads\/2024\/04\/Recalde-escuela-secundaria-19-03.jpg?resize=300%2C167&amp;ssl=1 300w, https:\/\/i0.wp.com\/cdnoticias.com\/wp-content\/uploads\/2024\/04\/Recalde-escuela-secundaria-19-03.jpg?resize=768%2C427&amp;ssl=1 768w\" sizes=\"auto, (max-width: 800px) 100vw, 800px\" \/><\/p>\n","protected":false},"excerpt":{"rendered":"<p>El festejo incluy\u00f3 la imposici\u00f3n del nombre: ahora se llama \u201cVeteranas de Malvinas\u201d.<\/p>\n","protected":false},"author":4,"featured_media":114847,"comment_status":"closed","ping_status":"closed","sticky":false,"template":"","format":"standard","meta":{"_jetpack_memberships_contains_paid_content":false,"footnotes":""},"categories":[5,1],"tags":[],"class_list":["post-114845","post","type-post","status-publish","format-standard","has-post-thumbnail","hentry","category-informacion-general","category-portada"],"jetpack_featured_media_url":"https:\/\/i0.wp.com\/cdnoticias.com\/wp-content\/uploads\/2024\/04\/Recalde-escuela-secundaria-19-00.jpg?fit=800%2C445&ssl=1","jetpack_sharing_enabled":true,"_links":{"self":[{"href":"https:\/\/cdnoticias.com\/index.php\/wp-json\/wp\/v2\/posts\/114845","targetHints":{"allow":["GET"]}}],"collection":[{"href":"https:\/\/cdnoticias.com\/index.php\/wp-json\/wp\/v2\/posts"}],"about":[{"href":"https:\/\/cdnoticias.com\/index.php\/wp-json\/wp\/v2\/types\/post"}],"author":[{"embeddable":true,"href":"https:\/\/cdnoticias.com\/index.php\/wp-json\/wp\/v2\/users\/4"}],"replies":[{"embeddable":true,"href":"https:\/\/cdnoticias.com\/index.php\/wp-json\/wp\/v2\/comments?post=114845"}],"version-history":[{"count":0,"href":"https:\/\/cdnoticias.com\/index.php\/wp-json\/wp\/v2\/posts\/114845\/revisions"}],"wp:featuredmedia":[{"embeddable":true,"href":"https:\/\/cdnoticias.com\/index.php\/wp-json\/wp\/v2\/media\/114847"}],"wp:attachment":[{"href":"https:\/\/cdnoticias.com\/index.php\/wp-json\/wp\/v2\/media?parent=114845"}],"wp:term":[{"taxonomy":"category","embeddable":true,"href":"https:\/\/cdnoticias.com\/index.php\/wp-json\/wp\/v2\/categories?post=114845"},{"taxonomy":"post_tag","embeddable":true,"href":"https:\/\/cdnoticias.com\/index.php\/wp-json\/wp\/v2\/tags?post=114845"}],"curies":[{"name":"wp","href":"https:\/\/api.w.org\/{rel}","templated":true}]}}