{"id":114785,"date":"2024-04-29T08:06:54","date_gmt":"2024-04-29T11:06:54","guid":{"rendered":"https:\/\/cdnoticias.com\/?p=114785"},"modified":"2024-04-29T08:06:56","modified_gmt":"2024-04-29T11:06:56","slug":"lucia-eugenia-garay-cabral-viuda-de-alveza-susy-q-e-p-d","status":"publish","type":"post","link":"https:\/\/cdnoticias.com\/index.php\/2024\/04\/29\/lucia-eugenia-garay-cabral-viuda-de-alveza-susy-q-e-p-d\/","title":{"rendered":"Luc\u00eda Eugenia Garay Cabral viuda de Alveza \u201cSusy\u201d (Q.E.P.D.)"},"content":{"rendered":"\n<p><br><p class=\"MsoNormal\">Falleci\u00f3 en Olavarr\u00eda el 29 de abril de 2024 a los 81 a\u00f1os de edad. Sus hijos Blanca Mabel, Mario Oscar y Marina Alejandra Alveza. Su hijo pol\u00edtico N\u00e9stor Eduardo Musa. Sus nietos. Sus nietos pol\u00edticos. Sus bisnietos. Su hermana Mar\u00eda de las Mercedes Garay Cabral. Sus hermanos pol\u00edticos Juan Carlos La Spina, Zulema Mart\u00ednez. Sus sobrinos. Sus sobrinos pol\u00edticos y dem\u00e1s deudos participan su fallecimiento.<\/p><br><br><p class=\"MsoNormal\"><\/p><p class=\"MsoNormal\"><p class=\"MsoNormal\"><\/p>Sus restos son velados en Espa\u00f1a 2942 departamento &#8220;B&#8221; y ser\u00e1n inhumados este lunes a las 14:30 en el cementerio Loma de Paz, previo responso en la capilla ardiente. Servicio adherido a Coopelectric. Vecina de barrio CECO I. Nacida en Hinojo. Jubilada y Pensionada.<\/p><\/p>\n","protected":false},"excerpt":{"rendered":"<p>Falleci\u00f3 en Olavarr\u00eda el 29 de abril de 2024 a los 81 a\u00f1os de edad. Sus hijos Blanca Mabel, Mario<\/p>\n","protected":false},"author":2,"featured_media":100390,"comment_status":"closed","ping_status":"closed","sticky":false,"template":"","format":"standard","meta":{"_jetpack_memberships_contains_paid_content":false,"footnotes":""},"categories":[10],"tags":[],"class_list":["post-114785","post","type-post","status-publish","format-standard","has-post-thumbnail","hentry","category-necrologicas"],"jetpack_featured_media_url":"https:\/\/i0.wp.com\/cdnoticias.com\/wp-content\/uploads\/2023\/10\/necrologicas-390-x-240.jpg?fit=390%2C240&ssl=1","jetpack_sharing_enabled":true,"_links":{"self":[{"href":"https:\/\/cdnoticias.com\/index.php\/wp-json\/wp\/v2\/posts\/114785","targetHints":{"allow":["GET"]}}],"collection":[{"href":"https:\/\/cdnoticias.com\/index.php\/wp-json\/wp\/v2\/posts"}],"about":[{"href":"https:\/\/cdnoticias.com\/index.php\/wp-json\/wp\/v2\/types\/post"}],"author":[{"embeddable":true,"href":"https:\/\/cdnoticias.com\/index.php\/wp-json\/wp\/v2\/users\/2"}],"replies":[{"embeddable":true,"href":"https:\/\/cdnoticias.com\/index.php\/wp-json\/wp\/v2\/comments?post=114785"}],"version-history":[{"count":0,"href":"https:\/\/cdnoticias.com\/index.php\/wp-json\/wp\/v2\/posts\/114785\/revisions"}],"wp:featuredmedia":[{"embeddable":true,"href":"https:\/\/cdnoticias.com\/index.php\/wp-json\/wp\/v2\/media\/100390"}],"wp:attachment":[{"href":"https:\/\/cdnoticias.com\/index.php\/wp-json\/wp\/v2\/media?parent=114785"}],"wp:term":[{"taxonomy":"category","embeddable":true,"href":"https:\/\/cdnoticias.com\/index.php\/wp-json\/wp\/v2\/categories?post=114785"},{"taxonomy":"post_tag","embeddable":true,"href":"https:\/\/cdnoticias.com\/index.php\/wp-json\/wp\/v2\/tags?post=114785"}],"curies":[{"name":"wp","href":"https:\/\/api.w.org\/{rel}","templated":true}]}}