{"id":114716,"date":"2024-04-27T12:20:19","date_gmt":"2024-04-27T15:20:19","guid":{"rendered":"https:\/\/cdnoticias.com\/?p=114716"},"modified":"2024-04-27T18:12:30","modified_gmt":"2024-04-27T21:12:30","slug":"hallan-una-moto-que-habia-sido-robada-en-febrero","status":"publish","type":"post","link":"https:\/\/cdnoticias.com\/index.php\/2024\/04\/27\/hallan-una-moto-que-habia-sido-robada-en-febrero\/","title":{"rendered":"Hallan una moto que hab\u00eda sido robada en febrero"},"content":{"rendered":"<p>Personal de Polic\u00eda Local hab\u00eda secuestrado el rodado en un control de tr\u00e1nsito.<!--more--><\/p>\n<hr \/>\n<p>Personal de <strong>Polic\u00eda Local<\/strong> hall\u00f3 una moto que <strong>hab\u00eda sido denunciada como robada en el mes de febrero<\/strong>.<\/p>\n<p>Se indic\u00f3 que la dependencia policial junto a efectivos de Tr\u00e1nsito Municipal hab\u00eda <strong>secuestrado la moto Beta 110 cc<\/strong> d\u00edas pasados por <strong>una infracci\u00f3n de tr\u00e1sito<\/strong>.<\/p>\n<p>El rodado qued\u00f3 alojado en la sede del corral\u00f3n municipal de Independencia y \u00c1lvaro Barros y en las \u00faltimas horas se constat\u00f3 que <strong>presentaba un pedido de secuestro activo emitido por la UFI N\u00ba 10 de Olavarr\u00eda el 10 de febrero de este a\u00f1o<\/strong>.<\/p>\n<p>Se indic\u00f3 que <strong>el conductor de la moto era un joven de 25 a\u00f1os<\/strong> quien qued\u00f3 <strong>imputado<\/strong> en el caso.<\/p>\n","protected":false},"excerpt":{"rendered":"<p>Personal de Polic\u00eda Local hab\u00eda secuestrado el rodado en un control de tr\u00e1nsito.<\/p>\n","protected":false},"author":4,"featured_media":114717,"comment_status":"closed","ping_status":"closed","sticky":false,"template":"","format":"standard","meta":{"_jetpack_memberships_contains_paid_content":false,"footnotes":""},"categories":[14,1],"tags":[],"class_list":["post-114716","post","type-post","status-publish","format-standard","has-post-thumbnail","hentry","category-policiales","category-portada"],"jetpack_featured_media_url":"https:\/\/i0.wp.com\/cdnoticias.com\/wp-content\/uploads\/2024\/04\/pedido-de-secuestro-moto-00.jpg?fit=800%2C445&ssl=1","jetpack_sharing_enabled":true,"_links":{"self":[{"href":"https:\/\/cdnoticias.com\/index.php\/wp-json\/wp\/v2\/posts\/114716","targetHints":{"allow":["GET"]}}],"collection":[{"href":"https:\/\/cdnoticias.com\/index.php\/wp-json\/wp\/v2\/posts"}],"about":[{"href":"https:\/\/cdnoticias.com\/index.php\/wp-json\/wp\/v2\/types\/post"}],"author":[{"embeddable":true,"href":"https:\/\/cdnoticias.com\/index.php\/wp-json\/wp\/v2\/users\/4"}],"replies":[{"embeddable":true,"href":"https:\/\/cdnoticias.com\/index.php\/wp-json\/wp\/v2\/comments?post=114716"}],"version-history":[{"count":0,"href":"https:\/\/cdnoticias.com\/index.php\/wp-json\/wp\/v2\/posts\/114716\/revisions"}],"wp:featuredmedia":[{"embeddable":true,"href":"https:\/\/cdnoticias.com\/index.php\/wp-json\/wp\/v2\/media\/114717"}],"wp:attachment":[{"href":"https:\/\/cdnoticias.com\/index.php\/wp-json\/wp\/v2\/media?parent=114716"}],"wp:term":[{"taxonomy":"category","embeddable":true,"href":"https:\/\/cdnoticias.com\/index.php\/wp-json\/wp\/v2\/categories?post=114716"},{"taxonomy":"post_tag","embeddable":true,"href":"https:\/\/cdnoticias.com\/index.php\/wp-json\/wp\/v2\/tags?post=114716"}],"curies":[{"name":"wp","href":"https:\/\/api.w.org\/{rel}","templated":true}]}}