{"id":114709,"date":"2024-04-27T11:31:09","date_gmt":"2024-04-27T14:31:09","guid":{"rendered":"https:\/\/cdnoticias.com\/?p=114709"},"modified":"2024-04-27T11:35:34","modified_gmt":"2024-04-27T14:35:34","slug":"la-provincia-declaro-la-emergencia-por-sequia-en-dos-distritos","status":"publish","type":"post","link":"https:\/\/cdnoticias.com\/index.php\/2024\/04\/27\/la-provincia-declaro-la-emergencia-por-sequia-en-dos-distritos\/","title":{"rendered":"La Provincia declar\u00f3 la emergencia agropecuaria por sequ\u00eda en dos distritos"},"content":{"rendered":"<p>Son Coronel Dorrego y Coronel Pringles. El Gobierno bonaerense oficializ\u00f3 las medidas para explotaciones agr\u00edcolas forestales, frutihort\u00edcolas, ganaderas, tamberas y ap\u00edcolas. Bol\u00edvar, tambi\u00e9n en emergencia.<!--more--><\/p>\n<hr \/>\n<p>El <strong>Gobierno bonaerense<\/strong> oficializ\u00f3 este viernes en el Bolet\u00edn oficial la <strong>declaraci\u00f3n de Emergencia y\/o Desastre Agropecuario por sequ\u00eda<\/strong> para los municipios de <strong>Coronel Dorrego y Coronel Pringles<\/strong>. Adem\u00e1s, se dict\u00f3 la <strong>declaraci\u00f3n para Bol\u00edvar por inclemencias clim\u00e1ticas<\/strong>.<\/p>\n<p>A trav\u00e9s del <strong>Decreto N\u00ba 395<\/strong>, se declar\u00f3 el estado de Emergencia y\/o Desastre Agropecuario por sequ\u00eda para las explotaciones <strong>agr\u00edcolas forestales y frutihort\u00edcolas<\/strong> por el per\u00edodo comprendido <strong>entre el 1 de noviembre de 2023 y el 31 de enero de 2024<\/strong>. Asimismo, para las<strong> ganaderas, tamberas y ap\u00edcolas<\/strong>, ser\u00e1 entre el<strong> 1 de noviembre de 2023 y el 30 de abril de 2024<\/strong>.<\/p>\n<p>Entre otros puntos, se estableci\u00f3 que los productores rurales deber\u00e1n presentar sus declaraciones juradas en un per\u00edodo m\u00e1ximo de diez d\u00edas a partir de la fecha de publicaci\u00f3n del presente decreto en el Bolet\u00edn Oficial.<\/p>\n<p>Adem\u00e1s, se dispuso que \u201cgozar\u00e1n del beneficio previsto en el art\u00edculo 10, apartado 2, inciso b) de la Ley N\u00b0 10.390 y modificatorias respecto de la exenci\u00f3n de pago del impuesto Inmobiliario Rural, correspondiente al inmueble destinado al desarrollo de la actividad citada, en proporci\u00f3n al porcentaje de la afectaci\u00f3n de la explotaci\u00f3n agropecuaria alcanzada por la declaraci\u00f3n de Desastre Agropecuario. Asimismo, los productores y las productoras alcanzados\/as por la declaraci\u00f3n de Emergencia Agropecuaria gozar\u00e1n de los beneficios contemplados en el art\u00edculo 10, apartado 2, inciso a) de la Ley N\u00b0 10.390 y modificatorias, respecto del impuesto Inmobiliario Rural\u201d.<\/p>\n<h3>En Bol\u00edvar<\/h3>\n<p>La Provincia de Buenos Aires <strong>declar\u00f3 la emergencia agropecuaria por inclemencias clim\u00e1ticas para el partido de Bol\u00edvar<\/strong>.<\/p>\n<p>As\u00ed lo inform\u00f3 el Municipio del vecino distrito. La declaraci\u00f3n desde el Ministerio de Desarrollo Agrario se dio luego de una <strong>solicitud de la gesti\u00f3n municipal<\/strong>.<\/p>\n<p>El estado de emergencia agropecuario fue declarado para el per\u00edodo comprendido <strong>entre el 9 de marzo y el 9 de septiembre de 2024<\/strong>.<\/p>\n<p>Fuentes: <em>Agencia DIB y La Ma\u00f1ana<\/em><\/p>\n","protected":false},"excerpt":{"rendered":"<p>Son Coronel Dorrego y Coronel Pringles. El Gobierno bonaerense oficializ\u00f3 las medidas para explotaciones agr\u00edcolas forestales, frutihort\u00edcolas, ganaderas, tamberas y<\/p>\n","protected":false},"author":4,"featured_media":68865,"comment_status":"closed","ping_status":"closed","sticky":false,"template":"","format":"standard","meta":{"_jetpack_memberships_contains_paid_content":false,"footnotes":""},"categories":[6,1],"tags":[],"class_list":["post-114709","post","type-post","status-publish","format-standard","has-post-thumbnail","hentry","category-nacionales","category-portada"],"jetpack_featured_media_url":"https:\/\/i0.wp.com\/cdnoticias.com\/wp-content\/uploads\/2022\/11\/dib-sequia-696x489-1.jpg?fit=696%2C489&ssl=1","jetpack_sharing_enabled":true,"_links":{"self":[{"href":"https:\/\/cdnoticias.com\/index.php\/wp-json\/wp\/v2\/posts\/114709","targetHints":{"allow":["GET"]}}],"collection":[{"href":"https:\/\/cdnoticias.com\/index.php\/wp-json\/wp\/v2\/posts"}],"about":[{"href":"https:\/\/cdnoticias.com\/index.php\/wp-json\/wp\/v2\/types\/post"}],"author":[{"embeddable":true,"href":"https:\/\/cdnoticias.com\/index.php\/wp-json\/wp\/v2\/users\/4"}],"replies":[{"embeddable":true,"href":"https:\/\/cdnoticias.com\/index.php\/wp-json\/wp\/v2\/comments?post=114709"}],"version-history":[{"count":0,"href":"https:\/\/cdnoticias.com\/index.php\/wp-json\/wp\/v2\/posts\/114709\/revisions"}],"wp:featuredmedia":[{"embeddable":true,"href":"https:\/\/cdnoticias.com\/index.php\/wp-json\/wp\/v2\/media\/68865"}],"wp:attachment":[{"href":"https:\/\/cdnoticias.com\/index.php\/wp-json\/wp\/v2\/media?parent=114709"}],"wp:term":[{"taxonomy":"category","embeddable":true,"href":"https:\/\/cdnoticias.com\/index.php\/wp-json\/wp\/v2\/categories?post=114709"},{"taxonomy":"post_tag","embeddable":true,"href":"https:\/\/cdnoticias.com\/index.php\/wp-json\/wp\/v2\/tags?post=114709"}],"curies":[{"name":"wp","href":"https:\/\/api.w.org\/{rel}","templated":true}]}}