{"id":114699,"date":"2024-04-28T20:16:35","date_gmt":"2024-04-28T23:16:35","guid":{"rendered":"https:\/\/cdnoticias.com\/?p=114699"},"modified":"2024-04-28T20:16:37","modified_gmt":"2024-04-28T23:16:37","slug":"las-cuotas-de-los-colegios-privados-suben-otra-vez-en-mayo-cuanto-habra-que-pagar","status":"publish","type":"post","link":"https:\/\/cdnoticias.com\/index.php\/2024\/04\/28\/las-cuotas-de-los-colegios-privados-suben-otra-vez-en-mayo-cuanto-habra-que-pagar\/","title":{"rendered":"Las cuotas de los colegios privados suben otra vez en mayo: \u00bfCu\u00e1nto habr\u00e1 que pagar?"},"content":{"rendered":"\n<p>Lo autoriz\u00f3 el Gobierno bonaerense. El ajuste se da despu\u00e9s del 4,7% de abril y sigue por debajo de la inflaci\u00f3n del Indec.<\/p>\n\n\n\n<hr class=\"wp-block-separator aligncenter has-alpha-channel-opacity\"\/>\n\n\n\n<p>Las <strong>cuotas de los colegios privados de la provincia de Buenos Aires subir\u00e1n desde mayo un 6,7%<\/strong> promedio <strong>para todos los niveles de ense\u00f1anza<\/strong>, lo que <strong>se sumar\u00e1 al 4,7% que se aplic\u00f3 ya en abril. <\/strong><\/p>\n\n\n\n<p><\/p>\n\n\n\n<p>As\u00ed <strong>lo autoriz\u00f3 el Gobierno de Axel Kicillof,<\/strong> para adecuar los aranceles para los servicios educativos que prestan los colegios de gesti\u00f3n privada que perciben aportes estatales.<\/p>\n\n\n\n<p><\/p>\n\n\n\n<p>Seg\u00fan inform\u00f3 la Asociaci\u00f3n de Institutos de Ense\u00f1anza Privada Buenos Aires (Aiepba) el incremento es del 6,7%, y si bien destacaron el di\u00e1logo con la administraci\u00f3n provincial destacaron que las subas de las tarifas complican el normal funcionamiento de las instituciones. De hecho, los ajustes autorizados por Kicillof a los colegios <strong>est\u00e1n por debajo de la inflaci\u00f3n del Indec.<\/strong><\/p>\n\n\n\n<p><\/p>\n\n\n\n<blockquote class=\"wp-block-quote is-layout-flow wp-block-quote-is-layout-flow\">\n<p>\u201cValoramos el di\u00e1logo permanente con las autoridades provinciales a fin de sostener el financiamiento del sistema de educaci\u00f3n de gesti\u00f3n privada\u201d, sostuvo el secretario Ejecutivo de Aiepba, Mart\u00edn Zurita. <\/p>\n<\/blockquote>\n\n\n\n<p>Sin embargo, advirti\u00f3 que \u201c<strong>estamos muy preocupados por los costos que no se alcanzan a cubrir con estos nuevos cuadros arancelarios, por ejemplo incrementos muy altos en las facturas de los servicios como luz, gas, agua, etc. Eso dificulta la gesti\u00f3n financiera de los colegios\u201d.<\/strong><\/p>\n\n\n\n<p><\/p>\n\n\n\n<p class=\"has-medium-font-size\"><strong>El tope para las cuotas<\/strong><\/p>\n\n\n\n<ul class=\"wp-block-list\">\n<li>Nivel inicial: $17.447 (100% subvenci\u00f3n); $32.193 (80%); $41.165 (70%); $61.655 (60%); $71.735 (50%); $78.853 (40%).<\/li>\n<\/ul>\n\n\n\n<ul class=\"wp-block-list\">\n<li>Nivel Secundario: $19.230 (100% subvenci\u00f3n); 36.432 (80%); 50.546 (70%); $74.312 (60%); $81.990 (50%); 102.464 (40%).<\/li>\n<\/ul>\n\n\n\n<ul class=\"wp-block-list\">\n<li>Secundaria t\u00e9cnica, Agraria y Especializada en Arte: $22.170 (100% subvenci\u00f3n); $41.718 (80%); $57.504 (70%); $85.109 (60%); $95.991 (50%); 117.273 (40%).<\/li>\n<\/ul>\n\n\n\n<ul class=\"wp-block-list\">\n<li>Superior: $25.119 (100% subvenci\u00f3n); $43.816 (80%); 56.226 (70%); $71.348 (60%); $79.922 (50%); 100.080 (40%).<\/li>\n<\/ul>\n\n\n\n<p><\/p>\n\n\n\n<p>Zurita aclar\u00f3 adem\u00e1s que en las \u00faltimas semanas los administradores de los centros educativos han tenido que <strong>afrontar fuertes subas salariales del personal auxiliar y de los docentes a cargo de las \u00e1reas no curriculares<\/strong>. No obstante, agreg\u00f3: \u201c<em>El sistema de ense\u00f1anza privada seguir\u00e1 haciendo el esfuerzo para mantener en pie los servicios que alcanzan a m\u00e1s del 30% de todo el sistema educativo\u201d.<\/em><\/p>\n\n\n\n<p><\/p>\n\n\n\n<p>En la provincia de Buenos Aires <strong>funcionan alrededor de 4.000 colegios privados <\/strong>que reciben subvenci\u00f3n del Estado para pagar parte de los sueldos docentes. Son institutos de ense\u00f1anza inicial, primaria, secundaria, nivel superior y modalidad especial que reciben ayuda para el pago de entre el 40 y el 100% de los sueldos de docentes que dictan las asignaturas incluidas en las curr\u00edculas oficiales.<\/p>\n\n\n\n<p><em>Fuente: DIB<\/em><\/p>\n","protected":false},"excerpt":{"rendered":"<p>Lo autoriz\u00f3 el Gobierno bonaerense. El ajuste se da despu\u00e9s del 4,7% de abril y sigue por debajo de la<\/p>\n","protected":false},"author":6,"featured_media":85450,"comment_status":"closed","ping_status":"closed","sticky":false,"template":"","format":"standard","meta":{"_jetpack_memberships_contains_paid_content":false,"footnotes":""},"categories":[6,1],"tags":[],"class_list":["post-114699","post","type-post","status-publish","format-standard","has-post-thumbnail","hentry","category-nacionales","category-portada"],"jetpack_featured_media_url":"https:\/\/i0.wp.com\/cdnoticias.com\/wp-content\/uploads\/2023\/05\/escuelaprivados.jpg?fit=1200%2C673&ssl=1","jetpack_sharing_enabled":true,"_links":{"self":[{"href":"https:\/\/cdnoticias.com\/index.php\/wp-json\/wp\/v2\/posts\/114699","targetHints":{"allow":["GET"]}}],"collection":[{"href":"https:\/\/cdnoticias.com\/index.php\/wp-json\/wp\/v2\/posts"}],"about":[{"href":"https:\/\/cdnoticias.com\/index.php\/wp-json\/wp\/v2\/types\/post"}],"author":[{"embeddable":true,"href":"https:\/\/cdnoticias.com\/index.php\/wp-json\/wp\/v2\/users\/6"}],"replies":[{"embeddable":true,"href":"https:\/\/cdnoticias.com\/index.php\/wp-json\/wp\/v2\/comments?post=114699"}],"version-history":[{"count":0,"href":"https:\/\/cdnoticias.com\/index.php\/wp-json\/wp\/v2\/posts\/114699\/revisions"}],"wp:featuredmedia":[{"embeddable":true,"href":"https:\/\/cdnoticias.com\/index.php\/wp-json\/wp\/v2\/media\/85450"}],"wp:attachment":[{"href":"https:\/\/cdnoticias.com\/index.php\/wp-json\/wp\/v2\/media?parent=114699"}],"wp:term":[{"taxonomy":"category","embeddable":true,"href":"https:\/\/cdnoticias.com\/index.php\/wp-json\/wp\/v2\/categories?post=114699"},{"taxonomy":"post_tag","embeddable":true,"href":"https:\/\/cdnoticias.com\/index.php\/wp-json\/wp\/v2\/tags?post=114699"}],"curies":[{"name":"wp","href":"https:\/\/api.w.org\/{rel}","templated":true}]}}