{"id":114620,"date":"2024-04-25T21:10:59","date_gmt":"2024-04-26T00:10:59","guid":{"rendered":"https:\/\/cdnoticias.com\/?p=114620"},"modified":"2024-04-26T09:18:15","modified_gmt":"2024-04-26T12:18:15","slug":"se-conocio-la-tarifa-y-la-aplicacion-del-nuevo-servicio-de-estacionamiento-medido-de-olavarria","status":"publish","type":"post","link":"https:\/\/cdnoticias.com\/index.php\/2024\/04\/25\/se-conocio-la-tarifa-y-la-aplicacion-del-nuevo-servicio-de-estacionamiento-medido-de-olavarria\/","title":{"rendered":"Se conoci\u00f3 la tarifa y la aplicaci\u00f3n del nuevo servicio de Estacionamiento Medido de Olavarr\u00eda"},"content":{"rendered":"\n<p>La aplicaci\u00f3n en desarrollo  \u201cSEM Olavarr\u00eda\u201d se puede descargar en tiendas de aplicaciones, aunque a\u00fan no est\u00e1 habilitada en su totalidad. Adem\u00e1s, se dieron detalles de cu\u00e1nto ser\u00e1 el costo para Zona 1 y Zona 2.<\/p>\n\n\n\n<hr class=\"wp-block-separator aligncenter has-alpha-channel-opacity\"\/>\n\n\n\n<p>A medida que se conocen detalles de lo que ser\u00e1 el<strong> nuevo Servicio de Estacionamiento Medido de Olavarr\u00eda (SEM) la aplicaci\u00f3n que ser\u00e1 una de las formas de pago y gesti\u00f3n del servicio ya est\u00e1 disponible para su descarga, y permite hasta ahora -ya que est\u00e1 en desarrollo- realizar el usuario y contrase\u00f1a<\/strong>, adem\u00e1s de agregar una patente en la previa del inicio del sistema.<\/p>\n\n\n\n<p>Cabe recordar que el coordinador del sistema,<strong> Nicol\u00e1s Mart\u00ednez, se\u00f1al\u00f3 que la fecha de inicio todav\u00eda no est\u00e1 confirmada, pero mayo \u201cser\u00e1 un mes clave\u201d seg\u00fan dijo en una entrevista en Radio Olavarr\u00eda.<\/strong><\/p>\n\n\n\n<figure class=\"wp-block-embed is-type-video is-provider-youtube wp-block-embed-youtube wp-embed-aspect-16-9 wp-has-aspect-ratio\"><div class=\"wp-block-embed__wrapper\">\n<iframe loading=\"lazy\" title=\"Nicol\u00e1s Mart\u00ednez en Inform\u00e1ndonos 25\/4\" width=\"800\" height=\"450\" src=\"https:\/\/www.youtube.com\/embed\/0ifdgvhAxbM?feature=oembed\" frameborder=\"0\" allow=\"accelerometer; autoplay; clipboard-write; encrypted-media; gyroscope; picture-in-picture; web-share\" referrerpolicy=\"strict-origin-when-cross-origin\" allowfullscreen><\/iframe>\n<\/div><\/figure>\n\n\n\n<p>De todas maneras, y <strong>para el sistema operativo Android, se puede descargar la aplicaci\u00f3n desarrollada por la Universidad Nacional de La Plata que se denomina \u201cSEM Olavarr\u00eda\u201d. <\/strong>All\u00ed, <strong>se puede crear un usuario (que ser\u00e1 el n\u00famero de tel\u00e9fono) con una contrase\u00f1a que primero te otorga el sistema v\u00eda SMS y luego se deber\u00e1 modificar a la que se desee.<\/strong><\/p>\n\n\n\n<p>Adem\u00e1s, y por el momento,<strong> se puede cargar una o m\u00e1s patentes de los veh\u00edculos que deseen utilizar cuando se habilite el sistema, y en otros apartados se deja expresa la leyenda \u201caplicaci\u00f3n no habilitada\u201d dado que no est\u00e1 en funcionamiento a\u00fan.<\/strong><\/p>\n\n\n\n<p class=\"has-large-font-size\">C\u00f3mo se pagar\u00e1 el Sistema de Estacionamiento Medido de Olavarr\u00eda<\/p>\n\n\n\n<p>De todas maneras<strong>, se logr\u00f3 saber que el servicio adem\u00e1s se podr\u00e1 usar desde el celular sin necesidad de descargar la aplicaci\u00f3n, o directamente a trav\u00e9s de los puntos de venta adheridos. Es decir, tres formas de pago distintas para utilizar el servicio.<\/strong><\/p>\n\n\n\n<p><strong>La aplicaci\u00f3n en gesti\u00f3n tiene similares caracter\u00edsticas a la del sistema anterior, Soluparking. <\/strong>De hecho, la forma de pago y gesti\u00f3n del saldo es id\u00e9ntica: se podr\u00e1 cargar cr\u00e9dito con tarjeta de d\u00e9bito o cr\u00e9dito de cualquier banco a trav\u00e9s del bot\u00f3n integrado en la APP o en efectivo en los puntos de venta adheridos.<\/p>\n\n\n\n<p><strong>El sistema con celular y sin aplicaci\u00f3n ser\u00e1 mediante un c\u00f3digo QR dispuesto en las zonas de pago de estacionamiento y tras escanearlo con la c\u00e1mara del celular, <\/strong>se podr\u00e1 ingresar la patente y pagar con tarjeta. Tras recibir un comprobante por mail, no ser\u00e1 necesario notificar a los inspectores del sistema dado que quedar\u00e1 registrado el estacionamiento.<\/p>\n\n\n\n<p><strong>La opci\u00f3n de pago en punto de venta adherido se podr\u00e1, indicando patente y tiempo de permanencia, pagar y ya estar con el sistema activado. <\/strong>El m\u00ednimo de compra ser\u00e1, seg\u00fan se expres\u00f3, de 1 hora y media.<\/p>\n\n\n\n<p class=\"has-large-font-size\">Cu\u00e1nto costar\u00e1 el Sistema de Estacionamiento Medido de Olavarr\u00eda<\/p>\n\n\n\n<p>En paralelo, tambi\u00e9n se dio a conoci\u00f3 cu\u00e1nto costar\u00e1 el sistema: <strong>las zonas ser\u00e1n las mismas que ten\u00eda el sistema anterior y abarca todo el microcentro.<\/strong><\/p>\n\n\n\n<p><strong>La Zona 1, la hora costar\u00e1 220 pesos.<\/strong> Funcionar\u00e1 de lunes a viernes de 09:00 a 20:00 horas y los s\u00e1bados de 09:00 a 13:00 horas.<\/p>\n\n\n\n<p><strong>La Zona 2, por su parte, costar\u00e1 110 pesos la hora. <\/strong>Funcionar\u00e1 de lunes a viernes de 09:00 a 13:00 horas mientras que el s\u00e1bado ser\u00e1 libre.<\/p>\n\n\n\n<p>Para las <strong>dos zonas tanto domingo y feriados ser\u00e1 de estacionamiento libre.<\/strong><\/p>\n\n\n\n<p class=\"has-large-font-size\">Capacitaciones a los trabajadores<\/p>\n\n\n\n<figure class=\"wp-block-image size-full\"><img data-recalc-dims=\"1\" loading=\"lazy\" decoding=\"async\" width=\"800\" height=\"447\" src=\"https:\/\/i0.wp.com\/cdnoticias.com\/wp-content\/uploads\/2024\/04\/capacitacion-medido.jpg?resize=800%2C447&#038;ssl=1\" alt=\"\" class=\"wp-image-114621\" srcset=\"https:\/\/i0.wp.com\/cdnoticias.com\/wp-content\/uploads\/2024\/04\/capacitacion-medido.jpg?w=1024&amp;ssl=1 1024w, https:\/\/i0.wp.com\/cdnoticias.com\/wp-content\/uploads\/2024\/04\/capacitacion-medido.jpg?resize=300%2C168&amp;ssl=1 300w, https:\/\/i0.wp.com\/cdnoticias.com\/wp-content\/uploads\/2024\/04\/capacitacion-medido.jpg?resize=768%2C429&amp;ssl=1 768w\" sizes=\"auto, (max-width: 800px) 100vw, 800px\" \/><\/figure>\n\n\n\n<p>Este jueves por la ma\u00f1ana,<strong> la Direcci\u00f3n de Discapacidad y Personas Mayores brind\u00f3 una capacitaci\u00f3n al personal de Estacionamiento Medido en el Sal\u00f3n Blanco del Palacio San Mart\u00edn.<\/strong><\/p>\n\n\n\n<p>Adem\u00e1s de introducir nociones te\u00f3ricas, la directora Laura Arbillaga junto a personal de la Direcci\u00f3n, Yamila Castro y Carlos Elichagaray hablaron sobre <strong>lenguaje adecuado, buen trato y normativa vigente en la materia.<\/strong><\/p>\n\n\n\n<p>Puntualmente en lo que respecta al lanzamiento del nuevo servicio a la comunidad del estacionamiento medido municipal y <strong>el segmento de la poblaci\u00f3n con discapacidad destinataria, profundizaron en el S\u00edmbolo Internacional de Acceso para el Libre Tr\u00e1nsito y Estacionamiento,&nbsp; y las demarcaciones de espacio exclusivo para persona con discapacidad (personas con movilidad reducida), vigencia, alcances y gestiones vinculadas.<\/strong><\/p>\n","protected":false},"excerpt":{"rendered":"<p>La aplicaci\u00f3n en desarrollo \u201cSEM Olavarr\u00eda\u201d se puede descargar en tiendas de aplicaciones, aunque a\u00fan no est\u00e1 habilitada en su<\/p>\n","protected":false},"author":2,"featured_media":114622,"comment_status":"closed","ping_status":"closed","sticky":false,"template":"","format":"standard","meta":{"_jetpack_memberships_contains_paid_content":false,"footnotes":""},"categories":[5,1],"tags":[],"class_list":["post-114620","post","type-post","status-publish","format-standard","has-post-thumbnail","hentry","category-informacion-general","category-portada"],"jetpack_featured_media_url":"https:\/\/i0.wp.com\/cdnoticias.com\/wp-content\/uploads\/2024\/04\/sistema-estacionamiento-medido-olavarria.jpg?fit=1000%2C600&ssl=1","jetpack_sharing_enabled":true,"_links":{"self":[{"href":"https:\/\/cdnoticias.com\/index.php\/wp-json\/wp\/v2\/posts\/114620","targetHints":{"allow":["GET"]}}],"collection":[{"href":"https:\/\/cdnoticias.com\/index.php\/wp-json\/wp\/v2\/posts"}],"about":[{"href":"https:\/\/cdnoticias.com\/index.php\/wp-json\/wp\/v2\/types\/post"}],"author":[{"embeddable":true,"href":"https:\/\/cdnoticias.com\/index.php\/wp-json\/wp\/v2\/users\/2"}],"replies":[{"embeddable":true,"href":"https:\/\/cdnoticias.com\/index.php\/wp-json\/wp\/v2\/comments?post=114620"}],"version-history":[{"count":0,"href":"https:\/\/cdnoticias.com\/index.php\/wp-json\/wp\/v2\/posts\/114620\/revisions"}],"wp:featuredmedia":[{"embeddable":true,"href":"https:\/\/cdnoticias.com\/index.php\/wp-json\/wp\/v2\/media\/114622"}],"wp:attachment":[{"href":"https:\/\/cdnoticias.com\/index.php\/wp-json\/wp\/v2\/media?parent=114620"}],"wp:term":[{"taxonomy":"category","embeddable":true,"href":"https:\/\/cdnoticias.com\/index.php\/wp-json\/wp\/v2\/categories?post=114620"},{"taxonomy":"post_tag","embeddable":true,"href":"https:\/\/cdnoticias.com\/index.php\/wp-json\/wp\/v2\/tags?post=114620"}],"curies":[{"name":"wp","href":"https:\/\/api.w.org\/{rel}","templated":true}]}}