{"id":114569,"date":"2024-04-25T10:05:45","date_gmt":"2024-04-25T13:05:45","guid":{"rendered":"https:\/\/cdnoticias.com\/?p=114569"},"modified":"2024-04-25T16:34:25","modified_gmt":"2024-04-25T19:34:25","slug":"el-intendente-maximiliano-wesner-con-cristina-fernandez","status":"publish","type":"post","link":"https:\/\/cdnoticias.com\/index.php\/2024\/04\/25\/el-intendente-maximiliano-wesner-con-cristina-fernandez\/","title":{"rendered":"El intendente Maximiliano Wesner, con Cristina Fern\u00e1ndez"},"content":{"rendered":"<p>\u201cCompartimos una charla m\u00e1s que interesante sobre la situaci\u00f3n social y econ\u00f3mica de la ciudad\u201d expres\u00f3 el jefe comunal. Tambi\u00e9n estuvo C\u00e9sar Valicenti en la reuni\u00f3n.<!--more--><\/p>\n<hr \/>\n<p>Este mi\u00e9rcoles <strong>Maximiliano Wesner fue recibido por Cristina Fern\u00e1ndez<\/strong>.<\/p>\n<p>El jefe comunal estuvo <strong>acompa\u00f1ado por el ex diputado provincial C\u00e9sar Valicenti<\/strong> en la reuni\u00f3n con la ex presidenta de la Naci\u00f3n y l\u00edder de Uni\u00f3n por la Patria.<\/p>\n<blockquote><p>\u201cCompartimos una charla m\u00e1s que interesante sobre la situaci\u00f3n social y econ\u00f3mica de la ciudad y el contexto nacional\u201d inform\u00f3 el intendente este jueves al dar a conocer el encuentro en sus redes sociales.<\/p><\/blockquote>\n<p>Adem\u00e1s defini\u00f3 que <em>\u201csiempre es un gusto escuchar a quien supo gobernar la Argentina generando trabajo, educaci\u00f3n y m\u00e1s inclusi\u00f3n\u201d.<\/em><\/p>\n<blockquote class=\"twitter-tweet\">\n<p lang=\"es\" dir=\"ltr\">Ayer fuimos recibidos por <a href=\"https:\/\/twitter.com\/CFKArgentina?ref_src=twsrc%5Etfw\">@CFKArgentina<\/a>, compartimos una charla m\u00e1s que interesante sobre la situaci\u00f3n social y econ\u00f3mica de la ciudad y el contexto nacional. Siempre es un gusto escuchar a quien supo gobernar la Argentina generando trabajo, educaci\u00f3n y m\u00e1s inclusi\u00f3n. <a href=\"https:\/\/t.co\/qlsYSzXBR6\">pic.twitter.com\/qlsYSzXBR6<\/a><\/p>\n<p>&mdash; Maximiliano Wesner (@MaximilianoWes4) <a href=\"https:\/\/twitter.com\/MaximilianoWes4\/status\/1783479817561571479?ref_src=twsrc%5Etfw\">April 25, 2024<\/a><\/p><\/blockquote>\n<p> <script async src=\"https:\/\/platform.twitter.com\/widgets.js\" charset=\"utf-8\"><\/script><\/p>\n","protected":false},"excerpt":{"rendered":"<p>\u201cCompartimos una charla m\u00e1s que interesante sobre la situaci\u00f3n social y econ\u00f3mica de la ciudad\u201d expres\u00f3 el jefe comunal. Tambi\u00e9n<\/p>\n","protected":false},"author":4,"featured_media":114571,"comment_status":"closed","ping_status":"closed","sticky":false,"template":"","format":"standard","meta":{"_jetpack_memberships_contains_paid_content":false,"footnotes":""},"categories":[4,1],"tags":[],"class_list":["post-114569","post","type-post","status-publish","format-standard","has-post-thumbnail","hentry","category-politica","category-portada"],"jetpack_featured_media_url":"https:\/\/i0.wp.com\/cdnoticias.com\/wp-content\/uploads\/2024\/04\/maxi-wesner-cristina-fernandez-00.jpg?fit=1000%2C556&ssl=1","jetpack_sharing_enabled":true,"_links":{"self":[{"href":"https:\/\/cdnoticias.com\/index.php\/wp-json\/wp\/v2\/posts\/114569","targetHints":{"allow":["GET"]}}],"collection":[{"href":"https:\/\/cdnoticias.com\/index.php\/wp-json\/wp\/v2\/posts"}],"about":[{"href":"https:\/\/cdnoticias.com\/index.php\/wp-json\/wp\/v2\/types\/post"}],"author":[{"embeddable":true,"href":"https:\/\/cdnoticias.com\/index.php\/wp-json\/wp\/v2\/users\/4"}],"replies":[{"embeddable":true,"href":"https:\/\/cdnoticias.com\/index.php\/wp-json\/wp\/v2\/comments?post=114569"}],"version-history":[{"count":0,"href":"https:\/\/cdnoticias.com\/index.php\/wp-json\/wp\/v2\/posts\/114569\/revisions"}],"wp:featuredmedia":[{"embeddable":true,"href":"https:\/\/cdnoticias.com\/index.php\/wp-json\/wp\/v2\/media\/114571"}],"wp:attachment":[{"href":"https:\/\/cdnoticias.com\/index.php\/wp-json\/wp\/v2\/media?parent=114569"}],"wp:term":[{"taxonomy":"category","embeddable":true,"href":"https:\/\/cdnoticias.com\/index.php\/wp-json\/wp\/v2\/categories?post=114569"},{"taxonomy":"post_tag","embeddable":true,"href":"https:\/\/cdnoticias.com\/index.php\/wp-json\/wp\/v2\/tags?post=114569"}],"curies":[{"name":"wp","href":"https:\/\/api.w.org\/{rel}","templated":true}]}}