{"id":114551,"date":"2024-04-24T20:25:07","date_gmt":"2024-04-24T23:25:07","guid":{"rendered":"https:\/\/cdnoticias.com\/?p=114551"},"modified":"2024-04-25T08:41:48","modified_gmt":"2024-04-25T11:41:48","slug":"habra-un-importante-operativo-de-prevencion-del-dengue-en-olavarria","status":"publish","type":"post","link":"https:\/\/cdnoticias.com\/index.php\/2024\/04\/24\/habra-un-importante-operativo-de-prevencion-del-dengue-en-olavarria\/","title":{"rendered":"Habr\u00e1 un importante operativo de prevenci\u00f3n del dengue en Olavarr\u00eda"},"content":{"rendered":"\n<p>Ser\u00e1 un control vectorial articulado entre el Municipio y la Provincia. La primera etapa ser\u00e1 este jueves y viernes por la ma\u00f1ana \u201cen un radio de 20 cuadras lindantes a los Servicios Municipales Territoriales N\u00b0 2 y N\u00b0 4\u201d.<\/p>\n\n\n\n<hr class=\"wp-block-separator aligncenter has-alpha-channel-opacity\"\/>\n\n\n\n<p>Mediante una<strong> articulaci\u00f3n entre distintas dependencias que integran el \u00e1rea de Salud del Municipio y personal del Ministerio de Salud de la provincia de Buenos Aires, se pondr\u00e1 en marcha en Olavarr\u00eda un operativo de prevenci\u00f3n de dengue y otras enfermedades transmitidas por el mosquito Aedes Aegypti.<\/strong><\/p>\n\n\n\n<p>El operativo consiste en un control vectorial zonal que la cartera provincial implementar\u00e1 en distintos distritos bonaerenses entre los que se incluye nuestro Partido. <strong>\u201c<em>La base de las acciones de control es el descacharrado: el objetivo es eliminar todos aquellos recipientes que acumulen agua dentro y fuera de casa, ya que el mosquito vector tiene h\u00e1bitos domiciliarios\u201d<\/em> indicaron.<\/strong><\/p>\n\n\n\n<blockquote class=\"wp-block-quote is-layout-flow wp-block-quote-is-layout-flow\">\n<p>El dispositivo de control en nuestro Partido se llevar\u00e1 adelante los d\u00edas jueves 25 y viernes 26 de abril, de 9 a 14 horas, en un radio de 20 cuadras lindantes a los Servicios Municipales Territoriales N\u00b0 2 y N\u00b0 4.<\/p>\n<\/blockquote>\n\n\n\n<p><strong>En el Servicio Territorial N\u00ba 2 comprender\u00e1 las calles Bol\u00edvar, Av. Col\u00f3n, Av. Alberdi y Guisasola, mientras que en el Territorial N\u00ba 4 se desarrollar\u00e1 en las calles Jos\u00e9 Luis Torres, Grimaldi, Av. Urquiza y Saavedra.<\/strong><\/p>\n\n\n\n<figure class=\"wp-block-image size-full\"><img data-recalc-dims=\"1\" loading=\"lazy\" decoding=\"async\" width=\"780\" height=\"781\" src=\"https:\/\/i0.wp.com\/cdnoticias.com\/wp-content\/uploads\/2024\/04\/DENGUE-PBA-MUN.jpg?resize=780%2C781&#038;ssl=1\" alt=\"\" class=\"wp-image-114552\" srcset=\"https:\/\/i0.wp.com\/cdnoticias.com\/wp-content\/uploads\/2024\/04\/DENGUE-PBA-MUN.jpg?w=780&amp;ssl=1 780w, https:\/\/i0.wp.com\/cdnoticias.com\/wp-content\/uploads\/2024\/04\/DENGUE-PBA-MUN.jpg?resize=300%2C300&amp;ssl=1 300w, https:\/\/i0.wp.com\/cdnoticias.com\/wp-content\/uploads\/2024\/04\/DENGUE-PBA-MUN.jpg?resize=150%2C150&amp;ssl=1 150w, https:\/\/i0.wp.com\/cdnoticias.com\/wp-content\/uploads\/2024\/04\/DENGUE-PBA-MUN.jpg?resize=768%2C769&amp;ssl=1 768w\" sizes=\"auto, (max-width: 780px) 100vw, 780px\" \/><\/figure>\n\n\n\n<p>Participar\u00e1n de la misma personal de la subsecretar\u00eda de Atenci\u00f3n Primaria, las direcciones de Bromatolog\u00eda y Epidemiolog\u00eda de Inmunizaciones, promotores de Salud, estudiantes de Enfermer\u00eda de la Facultad de Ciencias de la Salud (Unicen) y personal del bioparque La M\u00e1xima.<\/p>\n\n\n\n<p>El operativo de control vectorial zonal se encuadra en la campa\u00f1a sanitaria provincial \u201c<em><strong>Tap\u00e1, Gir\u00e1, Lav\u00e1 y Tir\u00e1<\/strong><\/em>\u201d; la cual apunta a esas tareas que resultan necesarias para prevenir el avance del dengue y otras enfermedades transmitidas por el mosquito<strong>: tapar tanques, tachos y dep\u00f3sitos que puedan acumular agua; avar con cepillo o esponja los recipientes, canaletas y desag\u00fces para desprender los huevos de mosquito.; tirar todos los recipientes en desuso, manteniendo los patios y jardines limpios, y las cubiertas de autom\u00f3viles descartarlas o ponerlas bajo techo;\u00a0 girar todos los elementos que puedan acumular agua: vaciar baldes, colectores de aire acondicionado y portamacetas, cada vez que llueva.<\/strong><\/p>\n\n\n\n<p>Con las jornadas de descacharrado, la cartera de Salud municipal y provincial apunta a<strong> reforzar y acompa\u00f1ar a los vecinos en la realizaci\u00f3n de estas acciones en los domicilios particulares, en hospitales y diferentes instituciones, como estrategia fundamental para frenar los contagios.<\/strong><\/p>\n\n\n\n<p><strong>El dengue es una enfermedad que se transmite por la picadura de las hembras del mosquito Aedes aegypti. <\/strong>Cuando una hembra se alimenta de sangre de una persona enferma de dengue adquiere el virus y, al picar a otras personas lo transmite, es decir que el contagio solo se produce por la picadura del mosquito, no hay contagio de persona a persona.<\/p>\n\n\n\n<p class=\"has-large-font-size\">Pautas de alarma y tratamiento<\/p>\n\n\n\n<p>Frente a s\u00edntomas como 38\u00ba o m\u00e1s de fiebre, dolor detr\u00e1s de los ojos, muscular o en las articulaciones, cansancio, n\u00e1useas y\/o v\u00f3mitos o aparici\u00f3n de manchas en la piel, se debe concurrir al m\u00e9dico sin automedicarse.<\/p>\n\n\n\n<p><strong>Frente a un diagn\u00f3stico positivo es importante prestar atenci\u00f3n a la evoluci\u00f3n de la enfermedad, en especial entre el tercer y el s\u00e9ptimo d\u00eda desde el contagio, ya que es una fase peligrosa y puede agravarse r\u00e1pidamente.<\/strong><\/p>\n\n\n\n<p>Durante e<strong>l per\u00edodo de fiebre es importante mojar la piel con una esponja o pa\u00f1o con agua tibia, tomar \u00fanicamente paracetamol cada 6 horas si es necesario (no m\u00e1s de 4 gramos diarios), y no tomar ibuprofeno, aspirina ni medicamentos que contengan aspirina. <\/strong>Evitar la deshidrataci\u00f3n y tomar agua de forma constante para recuperar los l\u00edquidos que el organismo pierde por la fiebre, y por los v\u00f3mitos y las diarreas en caso de que ocurran.<\/p>\n\n\n\n<p>Es necesario estar atentos a los siguientes signos de alarma, sobre todo en beb\u00e9s y personas mayores ya que se deshidratan m\u00e1s f\u00e1cilmente. En caso de manifestarse es fundamental volver al hospital o centro de salud m\u00e1s cercano para recibir atenci\u00f3n inmediata:<\/p>\n\n\n\n<p>-Baja cantidad de orina.<\/p>\n\n\n\n<p>-Boca, lengua o labios secos.<\/p>\n\n\n\n<p>-Ojos hundidos.<\/p>\n\n\n\n<p>-Debilidad, agitaci\u00f3n excesiva o confusi\u00f3n.<\/p>\n\n\n\n<p>-Latidos del coraz\u00f3n acelerados.<\/p>\n\n\n\n<p>-Dedos de manos y pies fr\u00edos o sudados.<\/p>\n\n\n\n<p>-En ni\u00f1os y ni\u00f1as, pocas o ninguna l\u00e1grima cuando lloran.<\/p>\n\n\n\n<p>-En beb\u00e9s, fontanela o mollera hundida en la cabeza.<\/p>\n\n\n\n<p>-Imposibilidad de tomar agua debido a n\u00e1useas o v\u00f3mitos.<\/p>\n\n\n\n<p>-Dolor abdominal intenso o v\u00f3mito persistente.<\/p>\n\n\n\n<p>-Sangrado por la nariz, las enc\u00edas o menstruaciones abundantes.<\/p>\n\n\n\n<p>-V\u00f3mitos con sangre o sangre en las heces (excrementos).<\/p>\n\n\n\n<p>-Somnolencia o irritabilidad.<\/p>\n\n\n\n<p>-Piel p\u00e1lida, fr\u00eda o sudada.<\/p>\n\n\n\n<p>-Dificultad para respirar.<\/p>\n","protected":false},"excerpt":{"rendered":"<p>Ser\u00e1 un control vectorial articulado entre el Municipio y la Provincia. La primera etapa ser\u00e1 este jueves y viernes por<\/p>\n","protected":false},"author":2,"featured_media":93959,"comment_status":"closed","ping_status":"closed","sticky":false,"template":"","format":"standard","meta":{"_jetpack_memberships_contains_paid_content":false,"footnotes":""},"categories":[5,1],"tags":[],"class_list":["post-114551","post","type-post","status-publish","format-standard","has-post-thumbnail","hentry","category-informacion-general","category-portada"],"jetpack_featured_media_url":"https:\/\/i0.wp.com\/cdnoticias.com\/wp-content\/uploads\/2023\/08\/Bromatologia-Prevencion-Dengue-1024x682-1.jpg?fit=1024%2C682&ssl=1","jetpack_sharing_enabled":true,"_links":{"self":[{"href":"https:\/\/cdnoticias.com\/index.php\/wp-json\/wp\/v2\/posts\/114551","targetHints":{"allow":["GET"]}}],"collection":[{"href":"https:\/\/cdnoticias.com\/index.php\/wp-json\/wp\/v2\/posts"}],"about":[{"href":"https:\/\/cdnoticias.com\/index.php\/wp-json\/wp\/v2\/types\/post"}],"author":[{"embeddable":true,"href":"https:\/\/cdnoticias.com\/index.php\/wp-json\/wp\/v2\/users\/2"}],"replies":[{"embeddable":true,"href":"https:\/\/cdnoticias.com\/index.php\/wp-json\/wp\/v2\/comments?post=114551"}],"version-history":[{"count":0,"href":"https:\/\/cdnoticias.com\/index.php\/wp-json\/wp\/v2\/posts\/114551\/revisions"}],"wp:featuredmedia":[{"embeddable":true,"href":"https:\/\/cdnoticias.com\/index.php\/wp-json\/wp\/v2\/media\/93959"}],"wp:attachment":[{"href":"https:\/\/cdnoticias.com\/index.php\/wp-json\/wp\/v2\/media?parent=114551"}],"wp:term":[{"taxonomy":"category","embeddable":true,"href":"https:\/\/cdnoticias.com\/index.php\/wp-json\/wp\/v2\/categories?post=114551"},{"taxonomy":"post_tag","embeddable":true,"href":"https:\/\/cdnoticias.com\/index.php\/wp-json\/wp\/v2\/tags?post=114551"}],"curies":[{"name":"wp","href":"https:\/\/api.w.org\/{rel}","templated":true}]}}