{"id":114493,"date":"2024-04-24T18:07:45","date_gmt":"2024-04-24T21:07:45","guid":{"rendered":"https:\/\/cdnoticias.com\/?p=114493"},"modified":"2024-04-24T20:34:55","modified_gmt":"2024-04-24T23:34:55","slug":"nueva-jefa-de-la-subcomisaria-de-sierra-chica","status":"publish","type":"post","link":"https:\/\/cdnoticias.com\/index.php\/2024\/04\/24\/nueva-jefa-de-la-subcomisaria-de-sierra-chica\/","title":{"rendered":"Nueva jefa de la Subcomisar\u00eda de Sierra Chica"},"content":{"rendered":"<p>La oficial principal Natalia Soledad Herrera es la nueva titular. Reemplaz\u00f3 al oficial principal Mat\u00edas Budi\u00f1o.<!--more--><\/p>\n<hr \/>\n<p>La <strong>Subcomisar\u00eda de Sierra Chica<\/strong> tiene nueva titular: este martes<strong> asumi\u00f3 como jefa la oficial principal Natalia Soledad Herrera<\/strong>.<\/p>\n<p><strong>Reemplaz\u00f3 al oficial principal Mat\u00edas Ezequiel Budi\u00f1o<\/strong> quien pasar\u00e1 a cumplir funciones en la Comisar\u00eda Primera de Olavarr\u00eda.<\/p>\n<p><img data-recalc-dims=\"1\" loading=\"lazy\" decoding=\"async\" class=\"aligncenter wp-image-114496\" src=\"https:\/\/i0.wp.com\/cdnoticias.com\/wp-content\/uploads\/2024\/04\/natalia-herrera-subcomisaria-sierra-chica-01.jpg?resize=800%2C695&#038;ssl=1\" alt=\"\" width=\"800\" height=\"695\" srcset=\"https:\/\/i0.wp.com\/cdnoticias.com\/wp-content\/uploads\/2024\/04\/natalia-herrera-subcomisaria-sierra-chica-01.jpg?w=1000&amp;ssl=1 1000w, https:\/\/i0.wp.com\/cdnoticias.com\/wp-content\/uploads\/2024\/04\/natalia-herrera-subcomisaria-sierra-chica-01.jpg?resize=300%2C261&amp;ssl=1 300w, https:\/\/i0.wp.com\/cdnoticias.com\/wp-content\/uploads\/2024\/04\/natalia-herrera-subcomisaria-sierra-chica-01.jpg?resize=768%2C667&amp;ssl=1 768w\" sizes=\"auto, (max-width: 800px) 100vw, 800px\" \/><\/p>\n<blockquote><p>El cambio de autoridad fue disputado por el comisario inspector Leandro Scavuzzo, Jefe de la Departamental Olavarr\u00eda. Se expuso que se dio \u201cpor cuestiones de operatividad y restructuraci\u00f3n en algunas dependencias policiales\u201d y que la medida fue \u201cpreviamente consensuada con el subsecretario de Protecci\u00f3n Ciudadana municipal, El\u00edas Quintas\u201d.<\/p><\/blockquote>\n<p>Se indic\u00f3 adem\u00e1s que, hasta el martes, Natalia Soledad Herrera cumpl\u00eda funciones en la Subcomisar\u00eda de Hinojo.<\/p>\n","protected":false},"excerpt":{"rendered":"<p>La oficial principal Natalia Soledad Herrera es la nueva titular. Reemplaz\u00f3 al oficial principal Mat\u00edas Budi\u00f1o.<\/p>\n","protected":false},"author":4,"featured_media":114495,"comment_status":"closed","ping_status":"closed","sticky":false,"template":"","format":"standard","meta":{"_jetpack_memberships_contains_paid_content":false,"footnotes":""},"categories":[14,1],"tags":[],"class_list":["post-114493","post","type-post","status-publish","format-standard","has-post-thumbnail","hentry","category-policiales","category-portada"],"jetpack_featured_media_url":"https:\/\/i0.wp.com\/cdnoticias.com\/wp-content\/uploads\/2024\/04\/natalia-herrera-subcomisaria-sierra-chica-00.jpg?fit=947%2C526&ssl=1","jetpack_sharing_enabled":true,"_links":{"self":[{"href":"https:\/\/cdnoticias.com\/index.php\/wp-json\/wp\/v2\/posts\/114493","targetHints":{"allow":["GET"]}}],"collection":[{"href":"https:\/\/cdnoticias.com\/index.php\/wp-json\/wp\/v2\/posts"}],"about":[{"href":"https:\/\/cdnoticias.com\/index.php\/wp-json\/wp\/v2\/types\/post"}],"author":[{"embeddable":true,"href":"https:\/\/cdnoticias.com\/index.php\/wp-json\/wp\/v2\/users\/4"}],"replies":[{"embeddable":true,"href":"https:\/\/cdnoticias.com\/index.php\/wp-json\/wp\/v2\/comments?post=114493"}],"version-history":[{"count":0,"href":"https:\/\/cdnoticias.com\/index.php\/wp-json\/wp\/v2\/posts\/114493\/revisions"}],"wp:featuredmedia":[{"embeddable":true,"href":"https:\/\/cdnoticias.com\/index.php\/wp-json\/wp\/v2\/media\/114495"}],"wp:attachment":[{"href":"https:\/\/cdnoticias.com\/index.php\/wp-json\/wp\/v2\/media?parent=114493"}],"wp:term":[{"taxonomy":"category","embeddable":true,"href":"https:\/\/cdnoticias.com\/index.php\/wp-json\/wp\/v2\/categories?post=114493"},{"taxonomy":"post_tag","embeddable":true,"href":"https:\/\/cdnoticias.com\/index.php\/wp-json\/wp\/v2\/tags?post=114493"}],"curies":[{"name":"wp","href":"https:\/\/api.w.org\/{rel}","templated":true}]}}