{"id":114378,"date":"2024-04-23T21:00:31","date_gmt":"2024-04-24T00:00:31","guid":{"rendered":"https:\/\/cdnoticias.com\/?p=114378"},"modified":"2024-04-24T09:58:20","modified_gmt":"2024-04-24T12:58:20","slug":"la-marcha-fue-masiva-y-el-gobierno-no-pudo-aplicar-el-protocolo-aunque-rompio-el-dialogo","status":"publish","type":"post","link":"https:\/\/cdnoticias.com\/index.php\/2024\/04\/23\/la-marcha-fue-masiva-y-el-gobierno-no-pudo-aplicar-el-protocolo-aunque-rompio-el-dialogo\/","title":{"rendered":"La marcha fue masiva y el gobierno no pudo aplicar el protocolo &#8220;anti- piquetes&#8221;"},"content":{"rendered":"\n<p>La concurrencia fue tan importante que el gobierno no pudo avanzar contra el corte de algunas calles. Igual, dio por saldada la discusi\u00f3n por el financiamiento. Presencia de pol\u00edticos, entre ellos, el gobernador Axel Kicillof.<\/p>\n\n\n\n<hr class=\"wp-block-separator aligncenter has-alpha-channel-opacity\"\/>\n\n\n\n<p>La<strong> Marcha Federal Universitaria<\/strong> arranc\u00f3 esta tarde con una <strong>masiva presencia de la comunidad educativa, dirigentes pol\u00edticos, organizaciones sociales y manifestantes no encuadrados<\/strong> que desbordaron las calles de la Ciudad de Buenos Aires e <strong>impidieron la aplicaci\u00f3n del llamado \u201cprotocolo anti-piquetes\u201d<\/strong> con el que amenaz\u00f3 el gobierno.<\/p>\n\n\n\n<p><\/p>\n\n\n\n<p>La marcha en CABA uni\u00f3 la Plaza de los dos Congresos con la Plaza de Mayo y es replicada en muchas ciudades del resto del pa\u00eds.<\/p>\n\n\n\n<p><\/p>\n\n\n\n<p>En las calles<strong> la presencia es multitudinaria<\/strong>, al punto que <strong>se interrumpi\u00f3 el tr\u00e1nsito en varios tramos del trayecto<\/strong> y en las inmediaciones de ambas plazas, a pesar de lo cual el gobierno no aplic\u00f3 el Protocolo.<\/p>\n\n\n\n<p><\/p>\n\n\n\n<p>La <strong>Ministra de Seguridad, Patricia Bullrich<\/strong>, hab\u00eda advertido con<strong> accionar contra los manifestantes si hab\u00eda cortes <\/strong>aunque <strong>admiti\u00f3 que si el n\u00famero de participantes en la protesta era muy grande eso se iba a dificultar. Parece haber sido el caso.<\/strong><\/p>\n\n\n\n<p><\/p>\n\n\n\n<blockquote class=\"wp-block-quote is-layout-flow wp-block-quote-is-layout-flow\">\n<p>El Gobierno, de todos modos, termin\u00f3 de romper el di\u00e1logo con la comunidad universitaria al se\u00f1alar que \u201cest\u00e1 finalizada\u201d la discusi\u00f3n por el financiamiento presupuestario.<\/p>\n<\/blockquote>\n\n\n\n<p><\/p>\n\n\n\n<p>El ministro del Interior, Guillermo Francos apunt\u00f3 a la participaci\u00f3n \u201cpol\u00edtica\u201d y dijo, adem\u00e1s, que \u201cestamos todos entendiendo, salvo los que marchan hoy, que todav\u00eda no entendieron cu\u00e1l es la situaci\u00f3n del pa\u00eds\u201c.<\/p>\n\n\n\n<p><\/p>\n\n\n\n<p>El presidente Javier Milei reaccion\u00f3 por su parte con una jornada de intensa actividad en las redes sociales, donde comparti\u00f3 mensajes de otros usuarios contrarios a la marcha.<\/p>\n\n\n\n<p><\/p>\n\n\n\n<p>Entre ellos, uno del legislador porte\u00f1o Ramiro Marra que indica que \u201cla casta pol\u00edtica secuestr\u00f3 la educaci\u00f3n. CGT, kirchnerismo, Partido Comunista: lo peor de la pol\u00edtica utilizando a la educaci\u00f3n p\u00fablica para atacar al Gobierno. El que no lo ve es porque no quiere. Defendamos la educaci\u00f3n p\u00fablica, pero vamos a eliminar el curro pol\u00edtico\u201d.<\/p>\n\n\n\n<p><\/p>\n\n\n\n<p><em>Fuente: DIB<\/em><\/p>\n","protected":false},"excerpt":{"rendered":"<p>La concurrencia fue tan importante que el gobierno no pudo avanzar contra el corte de algunas calles. Igual, dio por<\/p>\n","protected":false},"author":6,"featured_media":114380,"comment_status":"closed","ping_status":"closed","sticky":false,"template":"","format":"standard","meta":{"_jetpack_memberships_contains_paid_content":false,"footnotes":""},"categories":[6,1],"tags":[],"class_list":["post-114378","post","type-post","status-publish","format-standard","has-post-thumbnail","hentry","category-nacionales","category-portada"],"jetpack_featured_media_url":"https:\/\/i0.wp.com\/cdnoticias.com\/wp-content\/uploads\/2024\/04\/marcha-caba.webp?fit=1142%2C720&ssl=1","jetpack_sharing_enabled":true,"_links":{"self":[{"href":"https:\/\/cdnoticias.com\/index.php\/wp-json\/wp\/v2\/posts\/114378","targetHints":{"allow":["GET"]}}],"collection":[{"href":"https:\/\/cdnoticias.com\/index.php\/wp-json\/wp\/v2\/posts"}],"about":[{"href":"https:\/\/cdnoticias.com\/index.php\/wp-json\/wp\/v2\/types\/post"}],"author":[{"embeddable":true,"href":"https:\/\/cdnoticias.com\/index.php\/wp-json\/wp\/v2\/users\/6"}],"replies":[{"embeddable":true,"href":"https:\/\/cdnoticias.com\/index.php\/wp-json\/wp\/v2\/comments?post=114378"}],"version-history":[{"count":0,"href":"https:\/\/cdnoticias.com\/index.php\/wp-json\/wp\/v2\/posts\/114378\/revisions"}],"wp:featuredmedia":[{"embeddable":true,"href":"https:\/\/cdnoticias.com\/index.php\/wp-json\/wp\/v2\/media\/114380"}],"wp:attachment":[{"href":"https:\/\/cdnoticias.com\/index.php\/wp-json\/wp\/v2\/media?parent=114378"}],"wp:term":[{"taxonomy":"category","embeddable":true,"href":"https:\/\/cdnoticias.com\/index.php\/wp-json\/wp\/v2\/categories?post=114378"},{"taxonomy":"post_tag","embeddable":true,"href":"https:\/\/cdnoticias.com\/index.php\/wp-json\/wp\/v2\/tags?post=114378"}],"curies":[{"name":"wp","href":"https:\/\/api.w.org\/{rel}","templated":true}]}}