{"id":114362,"date":"2024-04-23T20:23:11","date_gmt":"2024-04-23T23:23:11","guid":{"rendered":"https:\/\/cdnoticias.com\/?p=114362"},"modified":"2024-04-23T21:00:49","modified_gmt":"2024-04-24T00:00:49","slug":"las-voces-que-dejaron-la-marcha-por-la-educacion-publica-en-olavarria","status":"publish","type":"post","link":"https:\/\/cdnoticias.com\/index.php\/2024\/04\/23\/las-voces-que-dejaron-la-marcha-por-la-educacion-publica-en-olavarria\/","title":{"rendered":"Las voces que dej\u00f3 la marcha por la educaci\u00f3n p\u00fablica en Olavarr\u00eda"},"content":{"rendered":"\n<p>Central de Noticias dialog\u00f3 con actores de la pol\u00edtica y la educaci\u00f3n a nivel local. Expresaron su emoci\u00f3n por el apoyo de la masividad y concurrencia de esta tarde.<\/p>\n\n\n\n<hr class=\"wp-block-separator aligncenter has-alpha-channel-opacity\"\/>\n\n\n\n<p>En la tarde de este martes <a href=\"https:\/\/cdnoticias.com\/index.php\/2024\/04\/23\/historica-y-masiva-movilizacion-en-defensa-de-la-universidad-publica-en-olavarria\/\" target=\"_blank\" rel=\"noreferrer noopener\">se realiz\u00f3 la hist\u00f3rica y masiva movilizaci\u00f3n en defensa de la universidad p\u00fablica <\/a>en nuestra ciudad.<\/p>\n\n\n\n<p><\/p>\n\n\n\n<p><em>Central de Noticias<\/em> dialog\u00f3 con <strong>el intendente Maximiliano Wesner, el ex intendente Jos\u00e9 Eseverri y con los tres decanos y decanas de las facultades que integran la ciudad.<\/strong><\/p>\n\n\n\n<p><\/p>\n\n\n\n<p>En primer lugar, el <strong>intendente Maximiliano Wesner<\/strong> se\u00f1al\u00f3 que la marcha del d\u00eda de hoy fue con gran concurrencia <strong><em>&#8220;por una universidad inclusiva, que iguala, por una universidad de ascendencia social, por una universidad p\u00fablica que tenemos que defender entre todos y entre todas. Por eso marchamos por el apoyo a la UNICEN y a todas las universidades<\/em><\/strong>\u201d agreg\u00f3.<\/p>\n\n\n\n<p><\/p>\n\n\n\n<figure class=\"wp-block-image aligncenter size-large\"><img data-recalc-dims=\"1\" loading=\"lazy\" decoding=\"async\" width=\"800\" height=\"445\" src=\"https:\/\/i0.wp.com\/cdnoticias.com\/wp-content\/uploads\/2024\/04\/wesner-movilizacion-universidad.jpg?resize=800%2C445&#038;ssl=1\" alt=\"\" class=\"wp-image-114375\" srcset=\"https:\/\/i0.wp.com\/cdnoticias.com\/wp-content\/uploads\/2024\/04\/wesner-movilizacion-universidad.jpg?resize=1024%2C570&amp;ssl=1 1024w, https:\/\/i0.wp.com\/cdnoticias.com\/wp-content\/uploads\/2024\/04\/wesner-movilizacion-universidad.jpg?resize=300%2C167&amp;ssl=1 300w, https:\/\/i0.wp.com\/cdnoticias.com\/wp-content\/uploads\/2024\/04\/wesner-movilizacion-universidad.jpg?resize=768%2C428&amp;ssl=1 768w, https:\/\/i0.wp.com\/cdnoticias.com\/wp-content\/uploads\/2024\/04\/wesner-movilizacion-universidad.jpg?resize=800%2C445&amp;ssl=1 800w, https:\/\/i0.wp.com\/cdnoticias.com\/wp-content\/uploads\/2024\/04\/wesner-movilizacion-universidad.jpg?w=1072&amp;ssl=1 1072w\" sizes=\"auto, (max-width: 800px) 100vw, 800px\" \/><\/figure>\n\n\n\n<p><\/p>\n\n\n\n<p>En tanto, expres\u00f3 que \u201ces fundamental para nuestras tres unidades acad\u00e9micas en Olavarr\u00eda, sostener a nuestros docentes, a los no docentes, a los estudiantes y a los trabajadores para que puedan mandar sus hijos a cada una de las facultades\u201d.<\/p>\n\n\n\n<p><\/p>\n\n\n\n<blockquote class=\"wp-block-quote is-layout-flow wp-block-quote-is-layout-flow\">\n<p>\u201cEl ajuste no es con los trabajadores, el ajuste no es con los estudiantes, no es con los docentes, es una causa nacional, es una causa de todos los sectores, del campo, de la industria, del transporte, de los empresarios, de los obreros, la universidad p\u00fablica es el aula que iguala\u201d reafirm\u00f3.<\/p>\n<\/blockquote>\n\n\n\n<p><\/p>\n\n\n\n<p>Por \u00faltimo, el Intendente subray\u00f3: \u201c<strong>Soy hijo de la universidad p\u00fablica y marcho porque m\u00e1s hijos de obreros y de trabajadores, como mi viejo, puedan mandar sus hijos a estudiar\u201d.<\/strong><\/p>\n\n\n\n<p><\/p>\n\n\n\n<p>El <strong>ex Intendente, Jos\u00e9 Eseverri<\/strong> cont\u00f3 que concurri\u00f3 a la marcha \u201c<strong><em>porque soy el primer egresado de la familia, mi abuelo vino hace casi 100 a\u00f1os a la Argentina y soy el primero gracias a la universidad p\u00fablica\u201d.<\/em><\/strong><\/p>\n\n\n\n<p><\/p>\n\n\n\n<figure class=\"wp-block-image aligncenter size-large\"><img data-recalc-dims=\"1\" loading=\"lazy\" decoding=\"async\" width=\"800\" height=\"445\" src=\"https:\/\/i0.wp.com\/cdnoticias.com\/wp-content\/uploads\/2024\/04\/marcha-universitaria-eseverri-1024x570.jpg?resize=800%2C445&#038;ssl=1\" alt=\"\" class=\"wp-image-114373\" srcset=\"https:\/\/i0.wp.com\/cdnoticias.com\/wp-content\/uploads\/2024\/04\/marcha-universitaria-eseverri-scaled.jpg?resize=1024%2C570&amp;ssl=1 1024w, https:\/\/i0.wp.com\/cdnoticias.com\/wp-content\/uploads\/2024\/04\/marcha-universitaria-eseverri-scaled.jpg?resize=300%2C167&amp;ssl=1 300w, https:\/\/i0.wp.com\/cdnoticias.com\/wp-content\/uploads\/2024\/04\/marcha-universitaria-eseverri-scaled.jpg?resize=768%2C427&amp;ssl=1 768w, https:\/\/i0.wp.com\/cdnoticias.com\/wp-content\/uploads\/2024\/04\/marcha-universitaria-eseverri-scaled.jpg?resize=1536%2C855&amp;ssl=1 1536w, https:\/\/i0.wp.com\/cdnoticias.com\/wp-content\/uploads\/2024\/04\/marcha-universitaria-eseverri-scaled.jpg?resize=2048%2C1140&amp;ssl=1 2048w, https:\/\/i0.wp.com\/cdnoticias.com\/wp-content\/uploads\/2024\/04\/marcha-universitaria-eseverri-scaled.jpg?resize=800%2C445&amp;ssl=1 800w, https:\/\/i0.wp.com\/cdnoticias.com\/wp-content\/uploads\/2024\/04\/marcha-universitaria-eseverri-scaled.jpg?w=1600&amp;ssl=1 1600w, https:\/\/i0.wp.com\/cdnoticias.com\/wp-content\/uploads\/2024\/04\/marcha-universitaria-eseverri-scaled.jpg?w=2400&amp;ssl=1 2400w\" sizes=\"auto, (max-width: 800px) 100vw, 800px\" \/><\/figure>\n\n\n\n<p><\/p>\n\n\n\n<p>&nbsp;\u201cEs un hecho que nos convoca a los argentinos m\u00e1s all\u00e1 de las pertenencias partidarias. Es fant\u00e1stico porque hay una transversalidad en esta movilizaci\u00f3n, que la vemos ac\u00e1 y la vemos en todo el pa\u00eds\u201d dijo.<\/p>\n\n\n\n<p><\/p>\n\n\n\n<blockquote class=\"wp-block-quote is-layout-flow wp-block-quote-is-layout-flow\">\n<p>\u201cMe encant\u00f3 ver tanta gente porque habla del compromiso y la esperanza que todav\u00eda la educaci\u00f3n significa para las familias de los trabajadores. Si algo nos da esperanza es que nuestros hijos vivan mejor gracias a la universidad p\u00fablica\u201d cerr\u00f3.<\/p>\n<\/blockquote>\n\n\n\n<p><\/p>\n\n\n\n<p class=\"has-medium-font-size\"><strong>La palabra de los decanos de la UNICEN<\/strong><\/p>\n\n\n\n<p><strong>H\u00e9ctor Trebucq, Decano de la Facultad de Ciencias de la Salud de la UNICEN<\/strong> sostuvo que \u201c<strong><em>fue muy emocionante, con una impresionante concurrencia. Esto es un homenaje a quienes venimos de la escuela p\u00fablica, del colegio p\u00fablico, de la universidad p\u00fablica y a los que somos trabajadores de la salud p\u00fablica tambi\u00e9n\u201d.<\/em><\/strong><\/p>\n\n\n\n<p><\/p>\n\n\n\n<figure class=\"wp-block-image aligncenter size-large\"><img data-recalc-dims=\"1\" loading=\"lazy\" decoding=\"async\" width=\"800\" height=\"445\" src=\"https:\/\/i0.wp.com\/cdnoticias.com\/wp-content\/uploads\/2024\/04\/movilizacion-universidad-olavarria6.jpg?resize=800%2C445&#038;ssl=1\" alt=\"\" class=\"wp-image-114358\" srcset=\"https:\/\/i0.wp.com\/cdnoticias.com\/wp-content\/uploads\/2024\/04\/movilizacion-universidad-olavarria6-scaled.jpg?resize=1024%2C570&amp;ssl=1 1024w, https:\/\/i0.wp.com\/cdnoticias.com\/wp-content\/uploads\/2024\/04\/movilizacion-universidad-olavarria6-scaled.jpg?resize=300%2C167&amp;ssl=1 300w, https:\/\/i0.wp.com\/cdnoticias.com\/wp-content\/uploads\/2024\/04\/movilizacion-universidad-olavarria6-scaled.jpg?resize=768%2C427&amp;ssl=1 768w, https:\/\/i0.wp.com\/cdnoticias.com\/wp-content\/uploads\/2024\/04\/movilizacion-universidad-olavarria6-scaled.jpg?resize=1536%2C855&amp;ssl=1 1536w, https:\/\/i0.wp.com\/cdnoticias.com\/wp-content\/uploads\/2024\/04\/movilizacion-universidad-olavarria6-scaled.jpg?resize=2048%2C1140&amp;ssl=1 2048w, https:\/\/i0.wp.com\/cdnoticias.com\/wp-content\/uploads\/2024\/04\/movilizacion-universidad-olavarria6-scaled.jpg?resize=800%2C445&amp;ssl=1 800w, https:\/\/i0.wp.com\/cdnoticias.com\/wp-content\/uploads\/2024\/04\/movilizacion-universidad-olavarria6-scaled.jpg?w=1600&amp;ssl=1 1600w, https:\/\/i0.wp.com\/cdnoticias.com\/wp-content\/uploads\/2024\/04\/movilizacion-universidad-olavarria6-scaled.jpg?w=2400&amp;ssl=1 2400w\" sizes=\"auto, (max-width: 800px) 100vw, 800px\" \/><\/figure>\n\n\n\n<p><\/p>\n\n\n\n<p>Asimismo, <strong>Mar\u00eda Peralta, Decana de la Facultad de Ingenier\u00eda de la UNICEN<\/strong> reafirm\u00f3 que \u201c<em>la educaci\u00f3n p\u00fablica nos atraviesa a todos. Hoy escuchaba algunos cuestionamientos respecto a cu\u00e1nto se han sumado a esta a esta marcha en todo el pa\u00eds, diciendo que no son de la universidad, pero yo creo que la educaci\u00f3n atraviesa a todos\u201d.<\/em><\/p>\n\n\n\n<p><\/p>\n\n\n\n<blockquote class=\"wp-block-quote is-layout-flow wp-block-quote-is-layout-flow\">\n<p>\u201cTenemos que defenderla en este momento que estamos con un presupuesto recortado, que nos obliga a priorizar actividades y a relegar algunas que ten\u00edamos planificadas y tratando de que no vaya en desmedro de la calidad que pretendemos para todos los j\u00f3venes y las j\u00f3venes que vienen a la universidad\u201d agreg\u00f3.<\/p>\n<\/blockquote>\n\n\n\n<p><\/p>\n\n\n\n<figure class=\"wp-block-image aligncenter size-large\"><img data-recalc-dims=\"1\" loading=\"lazy\" decoding=\"async\" width=\"800\" height=\"445\" src=\"https:\/\/i0.wp.com\/cdnoticias.com\/wp-content\/uploads\/2024\/04\/maria-peralta-movilizacion.jpg?resize=800%2C445&#038;ssl=1\" alt=\"\" class=\"wp-image-114374\" srcset=\"https:\/\/i0.wp.com\/cdnoticias.com\/wp-content\/uploads\/2024\/04\/maria-peralta-movilizacion.jpg?resize=1024%2C570&amp;ssl=1 1024w, https:\/\/i0.wp.com\/cdnoticias.com\/wp-content\/uploads\/2024\/04\/maria-peralta-movilizacion.jpg?resize=300%2C167&amp;ssl=1 300w, https:\/\/i0.wp.com\/cdnoticias.com\/wp-content\/uploads\/2024\/04\/maria-peralta-movilizacion.jpg?resize=768%2C428&amp;ssl=1 768w, https:\/\/i0.wp.com\/cdnoticias.com\/wp-content\/uploads\/2024\/04\/maria-peralta-movilizacion.jpg?resize=800%2C445&amp;ssl=1 800w, https:\/\/i0.wp.com\/cdnoticias.com\/wp-content\/uploads\/2024\/04\/maria-peralta-movilizacion.jpg?w=1072&amp;ssl=1 1072w\" sizes=\"auto, (max-width: 800px) 100vw, 800px\" \/><\/figure>\n\n\n\n<p><\/p>\n\n\n\n<p>\u201cNosotros como universidad p\u00fablica estamos continuamente auditados. La Auditor\u00eda General de la Naci\u00f3n realiza auditor\u00edas permanentes a la universidad. Adem\u00e1s pertenezco a Ingenier\u00eda que tenemos carreras a acreditar por la CONEAU\u201d explic\u00f3 Peralta.<\/p>\n\n\n\n<p><\/p>\n\n\n\n<p>\u201cSi no hacemos las cosas como corresponde y con la calidad que ameritan nuestros profesionales, que luego salen a trabajar en las empresas no acreditamos. No acreditar significa que no podr\u00edamos tener las puertas abiertas entonces, no tenemos miedo a ning\u00fan cambio que implique m\u00e1s rigurosidad en cualquier auditor\u00eda que quieran hacer, de hecho ya no las hacen\u201d concluy\u00f3.<\/p>\n\n\n\n<p><\/p>\n\n\n\n<p>Para cerrar, <strong>Gabriela Gamberini, Decana de la Facultada de Ciencias Sociales<\/strong>, expres\u00f3 su agradecimiento por el acompa\u00f1amiento: \u201c<strong><em>Cre\u00eda que iba a ser un d\u00eda hist\u00f3rico, pero la verdad que ver este marco de gente apostando por la universidad p\u00fablica, por la ciencia publica, por la universidad nacional del centro creo que es para agradecer para y redoblar el compromiso por nuestras banderas que son incaudicables\u201d.<\/em><\/strong><\/p>\n\n\n\n<p><\/p>\n\n\n\n<figure class=\"wp-block-image aligncenter size-large\"><img data-recalc-dims=\"1\" loading=\"lazy\" decoding=\"async\" width=\"800\" height=\"445\" src=\"https:\/\/i0.wp.com\/cdnoticias.com\/wp-content\/uploads\/2024\/04\/gamberini-marcha-universitaria.jpg?resize=800%2C445&#038;ssl=1\" alt=\"\" class=\"wp-image-114372\" srcset=\"https:\/\/i0.wp.com\/cdnoticias.com\/wp-content\/uploads\/2024\/04\/gamberini-marcha-universitaria.jpg?resize=1024%2C570&amp;ssl=1 1024w, https:\/\/i0.wp.com\/cdnoticias.com\/wp-content\/uploads\/2024\/04\/gamberini-marcha-universitaria.jpg?resize=300%2C167&amp;ssl=1 300w, https:\/\/i0.wp.com\/cdnoticias.com\/wp-content\/uploads\/2024\/04\/gamberini-marcha-universitaria.jpg?resize=768%2C428&amp;ssl=1 768w, https:\/\/i0.wp.com\/cdnoticias.com\/wp-content\/uploads\/2024\/04\/gamberini-marcha-universitaria.jpg?resize=800%2C445&amp;ssl=1 800w, https:\/\/i0.wp.com\/cdnoticias.com\/wp-content\/uploads\/2024\/04\/gamberini-marcha-universitaria.jpg?w=1072&amp;ssl=1 1072w\" sizes=\"auto, (max-width: 800px) 100vw, 800px\" \/><\/figure>\n\n\n\n<p><\/p>\n\n\n\n<p><em>\u201cLa estamos pasando mal, tenemos serios dificultades presupuestarias, pero tengo la firme convicci\u00f3n que de forma colectiva vamos a poder afianzar nuestro pedido y vamos a poder proyectar un futuro mejor\u201d<\/em> cerr\u00f3.<\/p>\n","protected":false},"excerpt":{"rendered":"<p>Central de Noticias dialog\u00f3 con actores de la pol\u00edtica y la educaci\u00f3n a nivel local. Expresaron su emoci\u00f3n por el<\/p>\n","protected":false},"author":6,"featured_media":114354,"comment_status":"closed","ping_status":"closed","sticky":false,"template":"","format":"standard","meta":{"_jetpack_memberships_contains_paid_content":false,"footnotes":""},"categories":[5,1],"tags":[],"class_list":["post-114362","post","type-post","status-publish","format-standard","has-post-thumbnail","hentry","category-informacion-general","category-portada"],"jetpack_featured_media_url":"https:\/\/i0.wp.com\/cdnoticias.com\/wp-content\/uploads\/2024\/04\/movilizacion-universidad-olavarria2.jpg?fit=1072%2C596&ssl=1","jetpack_sharing_enabled":true,"_links":{"self":[{"href":"https:\/\/cdnoticias.com\/index.php\/wp-json\/wp\/v2\/posts\/114362","targetHints":{"allow":["GET"]}}],"collection":[{"href":"https:\/\/cdnoticias.com\/index.php\/wp-json\/wp\/v2\/posts"}],"about":[{"href":"https:\/\/cdnoticias.com\/index.php\/wp-json\/wp\/v2\/types\/post"}],"author":[{"embeddable":true,"href":"https:\/\/cdnoticias.com\/index.php\/wp-json\/wp\/v2\/users\/6"}],"replies":[{"embeddable":true,"href":"https:\/\/cdnoticias.com\/index.php\/wp-json\/wp\/v2\/comments?post=114362"}],"version-history":[{"count":0,"href":"https:\/\/cdnoticias.com\/index.php\/wp-json\/wp\/v2\/posts\/114362\/revisions"}],"wp:featuredmedia":[{"embeddable":true,"href":"https:\/\/cdnoticias.com\/index.php\/wp-json\/wp\/v2\/media\/114354"}],"wp:attachment":[{"href":"https:\/\/cdnoticias.com\/index.php\/wp-json\/wp\/v2\/media?parent=114362"}],"wp:term":[{"taxonomy":"category","embeddable":true,"href":"https:\/\/cdnoticias.com\/index.php\/wp-json\/wp\/v2\/categories?post=114362"},{"taxonomy":"post_tag","embeddable":true,"href":"https:\/\/cdnoticias.com\/index.php\/wp-json\/wp\/v2\/tags?post=114362"}],"curies":[{"name":"wp","href":"https:\/\/api.w.org\/{rel}","templated":true}]}}